{"id":11051,"date":"2018-09-04T09:03:13","date_gmt":"2018-09-04T06:03:13","guid":{"rendered":"http:\/\/arantv.az\/?p=11051"},"modified":"2018-09-04T09:03:13","modified_gmt":"2018-09-04T06:03:13","slug":"dovl%c9%99t-bascisinin-samaxiya-s%c9%99f%c9%99ri-rayon-sakinl%c9%99ri-arasinda-boyuk-sevgi-il%c9%99-xatirlanir","status":"publish","type":"post","link":"https:\/\/arantv.az\/?p=11051","title":{"rendered":"D\u00f6vl\u0259t ba\u015f\u00e7\u0131s\u0131n\u0131n \u015eamax\u0131ya s\u0259f\u0259ri rayon sakinl\u0259ri aras\u0131nda b\u00f6y\u00fck sevgi il\u0259 xat\u0131rlan\u0131r"},"content":{"rendered":"<p><strong>ARANTV.AZ<\/strong> x\u0259b\u0259r verir ki, Prezident \u0130lham \u018fliyevin \u015eamax\u0131ya son s\u0259f\u0259ri\u00a0 rayon sakinl\u0259ri aras\u0131nda b\u00f6y\u00fck sevgi il\u0259 xat\u0131rlan\u0131r. Onlar d\u00f6vl\u0259t ba\u015f\u00e7\u0131s\u0131n\u0131n s\u0259f\u0259rinin n\u0259tic\u0259l\u0259rind\u0259n m\u0259mnunluqla dan\u0131\u015f\u0131rlar. Rayonda bu s\u0259f\u0259rin yekunlar\u0131 v\u0259 qar\u015f\u0131da duran v\u0259zif\u0259l\u0259r\u0259 h\u0259sr olunan y\u0131\u011f\u0131ncaq da ke\u00e7irilib.<\/p>\n<p>Prezident \u0130lham \u018fliyevin dig\u0259r b\u00f6lg\u0259l\u0259r\u0259 oldu\u011fu kimi \u015eamax\u0131ya son s\u0259f\u0259ri d\u0259 infrastruktur v\u0259 sosial layih\u0259l\u0259rin a\u00e7\u0131l\u0131\u015f\u0131 il\u0259 \u0259lam\u0259tdar olub. Rayonun Meys\u0259ri k\u0259ndind\u0259 310 hektar sah\u0259d\u0259 sal\u0131nan \u201c\u015eirvan \u015f\u0259rablar\u0131\u201d \u00fcz\u00fcm\u00e7\u00fcl\u00fck v\u0259 \u015f\u0259rab\u00e7\u0131l\u0131q kompleksinin m\u0259qs\u0259di illik 1,4 milyon litr \u015f\u0259rab istehsal\u0131na nail olmaqd\u0131r. \u015e\u0259rab\u00e7\u0131l\u0131q turizminin inki\u015faf\u0131 \u00fc\u00e7\u00fcn kompleksd\u0259 turist turlar\u0131n\u0131n t\u0259\u015fkili d\u0259 n\u0259z\u0259rd\u0259 tutulur. Meys\u0259ri k\u0259ndind\u0259 Heyd\u0259r \u018fliyev Fondunun t\u0259\u015f\u0259bb\u00fcs\u00fc il\u0259 tikil\u0259n 132 \u015fagird yerlik tam orta m\u0259kt\u0259b binas\u0131 da istifad\u0259y\u0259 verilib.<\/p>\n<p>D\u00f6vl\u0259t ba\u015f\u00e7\u0131s\u0131 \u0130lham \u018fliyev v\u0259 birinci xan\u0131m Mehriban \u018fliyeva \u015eamax\u0131 Safari Park\u0131nda da olublar. Pirqulu adlanan da\u011f-me\u015f\u0259 massivind\u0259 620 hektar \u0259razinin h\u00fcdudlar\u0131 i\u00e7\u0259risind\u0259 480 hektarl\u0131q sah\u0259 beyn\u0259lxalq standartlara uy\u011fun formada \u00e7\u0259p\u0259rl\u0259nib. \u0130stifad\u0259y\u0259 veril\u0259n vaxt parkda 790 ba\u015f heyvan &#8211; n\u0259cib maral, lan v\u0259 muflon kimi genetik qiym\u0259tli heyvanlar var idi. G\u00f6r\u00fcl\u0259n seleksiya v\u0259 baytarl\u0131q t\u0259dbirl\u0259ri n\u0259tic\u0259sind\u0259 bu heyvanlar\u0131n say\u0131 haz\u0131rda mini \u00f6t\u00fcb.<\/p>\n<p>Rayonda Heyd\u0259r \u018fliyev Fondunun t\u0259\u015f\u0259bb\u00fcs\u00fc il\u0259 D\u0259mir\u00e7i Arxeologiya Muzeyi f\u0259aliyy\u0259t\u0259 ba\u015flay\u0131b. D\u0259mir\u00e7inin tarixi XV \u0259sr\u0259 gedib \u00e7\u0131x\u0131r. \u0130smay\u0131ll\u0131 rayonunun \u018fh\u0259n k\u0259ndind\u0259n g\u0259l\u0259n d\u0259mir\u00e7i ail\u0259l\u0259ri m\u00f6vs\u00fcmi i\u015fl\u0259 \u0259laq\u0259dar burada m\u00fcv\u0259qq\u0259ti, sonralar is\u0259 daimi m\u0259sk\u0259n sal\u0131blar. Sakinl\u0259rin m\u0259\u015f\u011fuliyy\u0259ti il\u0259 \u0259laq\u0259dar k\u0259ndin d\u0259 ad\u0131 d\u0259yi\u015fib v\u0259 D\u0259mir\u00e7i olub. Turistl\u0259rin daha \u00e7ox ba\u015f \u00e7\u0259kdiyi D\u0259mir\u00e7id\u0259\u00a0 \u201cAz\u0259rxal\u00e7a\u201d ASC-nin gu\u015f\u0259si, suvenir ma\u011fazas\u0131 v\u0259 \u201cABAD\u201d d\u00fckanlar\u0131, avtomobil dayanaca\u011f\u0131 yarad\u0131l\u0131b, \u201cQala\u201d v\u0259 bulaq kompleksi in\u015fa edilib. \u00d6lk\u0259mizin \u0259n q\u0259dim dini m\u0259b\u0259dl\u0259rind\u0259n olan k\u0259nd m\u0259scidi \u0259sasl\u0131 \u015f\u0259kild\u0259 yenid\u0259n qurulub.<\/p>\n<p>Prezident \u0130lham \u018fliyevin v\u0259 birinci xan\u0131m Mehriban \u018fliyevan\u0131n \u015eamax\u0131ya s\u0259f\u0259rinin yekunlar\u0131 v\u0259 qar\u015f\u0131da duran v\u0259zif\u0259l\u0259r\u0259 h\u0259sr olunan y\u0131\u011f\u0131ncaqda \u00e7\u0131x\u0131\u015f ed\u0259nl\u0259r d\u0259 d\u00f6vl\u0259t ba\u015f\u00e7\u0131s\u0131na rayonun inki\u015faf\u0131na g\u00f6st\u0259rdiyi diqq\u0259t v\u0259 qay\u011f\u0131ya g\u00f6r\u0259 minn\u0259tdarl\u0131q etdil\u0259r. D\u00f6vl\u0259t ba\u015f\u00e7\u0131s\u0131n\u0131n s\u0259f\u0259rd\u0259n sonra \u015eamax\u0131 \u015f\u0259h\u0259rind\u0259 istismar m\u00fcdd\u0259ti ba\u015fa \u00e7atan 3 ikim\u0259rt\u0259b\u0259li binan\u0131n sakinl\u0259rinin m\u0259nzil-m\u0259i\u015f\u0259t \u015f\u0259raitinin yax\u015f\u0131la\u015fd\u0131r\u0131lmas\u0131 m\u0259qs\u0259dil\u0259 48 m\u0259nzilli ya\u015fay\u0131\u015f binas\u0131n\u0131n tikintisi \u00fc\u00e7\u00fcn Prezidentin ehtiyat fondundan v\u0259sait ayr\u0131l\u0131b. Bu is\u0259 y\u0131\u011f\u0131ncaq i\u015ftirak\u00e7\u0131lar\u0131 t\u0259r\u0259find\u0259n prezidentin rayona g\u00f6st\u0259ril\u0259n qay\u011f\u0131 v\u0259 diqq\u0259tin bariz n\u00fcmun\u0259si kimi qiym\u0259tl\u0259ndirilib. Rayon sakinl\u0259rini narahat ed\u0259n probleml\u0259rin h\u0259llind\u0259 g\u00f6st\u0259ril\u0259n d\u0259st\u0259y\u0259 g\u00f6r\u0259 d\u00f6vl\u0259t ba\u015f\u00e7\u0131s\u0131na minn\u0259tdarl\u0131q bildirilib.<\/p>\n","protected":false},"excerpt":{"rendered":"<p>ARANTV.AZ x\u0259b\u0259r verir ki, Prezident \u0130lham \u018fliyevin \u015eamax\u0131ya son s\u0259f\u0259ri\u00a0 rayon sakinl\u0259ri aras\u0131nda b\u00f6y\u00fck sevgi il\u0259 xat\u0131rlan\u0131r. Onlar d\u00f6vl\u0259t ba\u015f\u00e7\u0131s\u0131n\u0131n s\u0259f\u0259rinin n\u0259tic\u0259l\u0259rind\u0259n m\u0259mnunluqla dan\u0131\u015f\u0131rlar. Rayonda bu s\u0259f\u0259rin yekunlar\u0131 v\u0259 qar\u015f\u0131da duran v\u0259zif\u0259l\u0259r\u0259 h\u0259sr olunan y\u0131\u011f\u0131ncaq da ke\u00e7irilib. Prezident \u0130lham \u018fliyevin dig\u0259r b\u00f6lg\u0259l\u0259r\u0259 oldu\u011fu kimi \u015eamax\u0131ya son s\u0259f\u0259ri d\u0259 infrastruktur v\u0259 sosial layih\u0259l\u0259rin a\u00e7\u0131l\u0131\u015f\u0131 il\u0259 \u0259lam\u0259tdar olub. Rayonun Meys\u0259ri k\u0259ndind\u0259 310 hektar sah\u0259d\u0259 sal\u0131nan \u201c\u015eirvan \u015f\u0259rablar\u0131\u201d \u00fcz\u00fcm\u00e7\u00fcl\u00fck v\u0259 \u015f\u0259rab\u00e7\u0131l\u0131q kompleksinin m\u0259qs\u0259di illik 1,4 milyon litr \u015f\u0259rab istehsal\u0131na nail olmaqd\u0131r. \u015e\u0259rab\u00e7\u0131l\u0131q turizminin inki\u015faf\u0131 \u00fc\u00e7\u00fcn kompleksd\u0259 turist turlar\u0131n\u0131n t\u0259\u015fkili d\u0259 n\u0259z\u0259rd\u0259 tutulur. Meys\u0259ri&hellip;<\/p>\n","protected":false},"author":2,"featured_media":11052,"comment_status":"closed","ping_status":"closed","sticky":false,"template":"","format":"standard","meta":{"om_disable_all_campaigns":false,"_monsterinsights_skip_tracking":false,"_monsterinsights_sitenote_active":false,"_monsterinsights_sitenote_note":"","_monsterinsights_sitenote_category":0},"categories":[2],"tags":[],"aioseo_notices":[],"gutentor_comment":0,"rttpg_featured_image_url":{"full":["https:\/\/arantv.az\/wp-content\/uploads\/2018\/09\/3vooj345iaadn2i190ht50mc34sam.jpg",1000,607,false],"landscape":["https:\/\/arantv.az\/wp-content\/uploads\/2018\/09\/3vooj345iaadn2i190ht50mc34sam.jpg",1000,607,false],"portraits":["https:\/\/arantv.az\/wp-content\/uploads\/2018\/09\/3vooj345iaadn2i190ht50mc34sam.jpg",1000,607,false],"thumbnail":["https:\/\/arantv.az\/wp-content\/uploads\/2018\/09\/3vooj345iaadn2i190ht50mc34sam-150x150.jpg",150,150,true],"medium":["https:\/\/arantv.az\/wp-content\/uploads\/2018\/09\/3vooj345iaadn2i190ht50mc34sam-300x182.jpg",300,182,true],"large":["https:\/\/arantv.az\/wp-content\/uploads\/2018\/09\/3vooj345iaadn2i190ht50mc34sam.jpg",640,388,false],"1536x1536":["https:\/\/arantv.az\/wp-content\/uploads\/2018\/09\/3vooj345iaadn2i190ht50mc34sam.jpg",1000,607,false],"2048x2048":["https:\/\/arantv.az\/wp-content\/uploads\/2018\/09\/3vooj345iaadn2i190ht50mc34sam.jpg",1000,607,false],"post-thumbnail":["https:\/\/arantv.az\/wp-content\/uploads\/2018\/09\/3vooj345iaadn2i190ht50mc34sam-240x172.jpg",240,172,true],"advps-thumb-one":["https:\/\/arantv.az\/wp-content\/uploads\/2018\/09\/3vooj345iaadn2i190ht50mc34sam.jpg",1000,607,false]},"rttpg_author":{"display_name":"V\u00fcsal Rafiqo\u011flu","author_link":"https:\/\/arantv.az\/?author=2"},"rttpg_comment":0,"rttpg_category":"<a href=\"https:\/\/arantv.az\/?cat=2\" rel=\"category\">Region X\u0259b\u0259rl\u0259ri<\/a>","rttpg_excerpt":"ARANTV.AZ x\u0259b\u0259r verir ki, Prezident \u0130lham \u018fliyevin \u015eamax\u0131ya son s\u0259f\u0259ri\u00a0 rayon sakinl\u0259ri aras\u0131nda b\u00f6y\u00fck sevgi il\u0259 xat\u0131rlan\u0131r. Onlar d\u00f6vl\u0259t ba\u015f\u00e7\u0131s\u0131n\u0131n s\u0259f\u0259rinin n\u0259tic\u0259l\u0259rind\u0259n m\u0259mnunluqla dan\u0131\u015f\u0131rlar. Rayonda bu s\u0259f\u0259rin yekunlar\u0131 v\u0259 qar\u015f\u0131da duran v\u0259zif\u0259l\u0259r\u0259 h\u0259sr olunan y\u0131\u011f\u0131ncaq da ke\u00e7irilib. Prezident \u0130lham \u018fliyevin dig\u0259r b\u00f6lg\u0259l\u0259r\u0259 oldu\u011fu kimi \u015eamax\u0131ya son s\u0259f\u0259ri d\u0259 infrastruktur v\u0259 sosial layih\u0259l\u0259rin a\u00e7\u0131l\u0131\u015f\u0131 il\u0259 \u0259lam\u0259tdar&hellip;","_links":{"self":[{"href":"https:\/\/arantv.az\/index.php?rest_route=\/wp\/v2\/posts\/11051"}],"collection":[{"href":"https:\/\/arantv.az\/index.php?rest_route=\/wp\/v2\/posts"}],"about":[{"href":"https:\/\/arantv.az\/index.php?rest_route=\/wp\/v2\/types\/post"}],"author":[{"embeddable":true,"href":"https:\/\/arantv.az\/index.php?rest_route=\/wp\/v2\/users\/2"}],"replies":[{"embeddable":true,"href":"https:\/\/arantv.az\/index.php?rest_route=%2Fwp%2Fv2%2Fcomments&post=11051"}],"version-history":[{"count":0,"href":"https:\/\/arantv.az\/index.php?rest_route=\/wp\/v2\/posts\/11051\/revisions"}],"wp:featuredmedia":[{"embeddable":true,"href":"https:\/\/arantv.az\/index.php?rest_route=\/wp\/v2\/media\/11052"}],"wp:attachment":[{"href":"https:\/\/arantv.az\/index.php?rest_route=%2Fwp%2Fv2%2Fmedia&parent=11051"}],"wp:term":[{"taxonomy":"category","embeddable":true,"href":"https:\/\/arantv.az\/index.php?rest_route=%2Fwp%2Fv2%2Fcategories&post=11051"},{"taxonomy":"post_tag","embeddable":true,"href":"https:\/\/arantv.az\/index.php?rest_route=%2Fwp%2Fv2%2Ftags&post=11051"}],"curies":[{"name":"wp","href":"https:\/\/api.w.org\/{rel}","templated":true}]}}