{"id":11054,"date":"2018-09-04T09:04:22","date_gmt":"2018-09-04T06:04:22","guid":{"rendered":"http:\/\/arantv.az\/?p=11054"},"modified":"2018-09-04T09:04:22","modified_gmt":"2018-09-04T06:04:22","slug":"cinin-urumci-s%c9%99h%c9%99rind%c9%99-az%c9%99rbaycan-s%c9%99rab-evi-f%c9%99aliyy%c9%99t%c9%99-baslayib","status":"publish","type":"post","link":"https:\/\/arantv.az\/?p=11054","title":{"rendered":"\u00c7inin Urum\u00e7i \u015f\u0259h\u0259rind\u0259 \u201cAz\u0259rbaycan \u015f\u0259rab evi\u201d f\u0259aliyy\u0259t\u0259 ba\u015flay\u0131b"},"content":{"rendered":"<p><strong>ARANTV.AZ<\/strong> x\u0259b\u0259r verir ki, Prezident \u0130lham \u018fliyevin r\u0259qab\u0259t qabiliyy\u0259tli qeyri-neft m\u0259hsullar\u0131n\u0131n istehsal\u0131 v\u0259 ixrac\u0131n\u0131n, \u0259n\u0259n\u0259vi v\u0259 yeni bazarlara \u00e7\u0131x\u0131\u015f imkanlar\u0131n\u0131n art\u0131r\u0131lmas\u0131, \u201cMade in Azerbaijan\u201d brendi il\u0259 istehsal olunan m\u0259hsullar \u00fc\u00e7\u00fcn yeni bazarlar\u0131n tap\u0131lmas\u0131 il\u0259 ba\u011fl\u0131 tap\u015f\u0131r\u0131qlar\u0131n\u0131n icras\u0131 istiqam\u0259tind\u0259 \u0259h\u0259miyy\u0259tli i\u015fl\u0259r g\u00f6r\u00fcl\u00fcr. Bu istiqam\u0259td\u0259 xarici \u00f6lk\u0259l\u0259rd\u0259 ticar\u0259t evl\u0259rinin f\u0259aliyy\u0259ti Az\u0259rbaycan m\u0259hsullar\u0131n\u0131n tan\u0131d\u0131lmas\u0131, sat\u0131\u015f\u0131 v\u0259 s\u0259rgisinin t\u0259\u015fkilind\u0259 \u0259h\u0259miyy\u0259tli rol oynay\u0131r. \u00c7inin Uurm\u00e7i \u015f\u0259h\u0259rind\u0259 f\u0259aliyy\u0259t\u0259 ba\u015flayan Az\u0259rbaycan \u015e\u0259rab Evi d\u0259 \u00f6z n\u00f6v\u00fcnd\u0259 xaricd\u0259 a\u00e7\u0131lan ilk m\u0259kand\u0131r. \u015e\u0259rab evinin a\u00e7\u0131l\u0131\u015f m\u0259rasimind\u0259 \u00c7\u0130n Xalq Respublikas\u0131 Sincan Uy\u011fur Muxtar rayonunun r\u0259smil\u0259ri, Az\u0259rbaycan\u0131n \u00c7ind\u0259ki s\u0259firliyinin \u0259m\u0259kda\u015flar\u0131, Az\u0259rbaycan\u0131n qabaqc\u0131l \u015f\u0259rab istehsal\u00e7\u0131lar\u0131 v\u0259 \u00c7inin \u015f\u0259rab sat\u0131\u015f\u0131 il\u0259 m\u0259\u015f\u011ful olan \u015firk\u0259tl\u0259rinin t\u0259msil\u00e7il\u0259ri i\u015ftirak edib. M\u0259raismd\u0259 \u00e7\u0131x\u0131\u015f ed\u0259n Muxtar Rayonun beyn\u0259lxalq \u0259laq\u0259l\u0259r \u00fczr\u0259 r\u0259hb\u0259rl\u0259r qrupunun r\u0259is m\u00fcavini Mao Xuey, Az\u0259rbaycan\u0131n \u00c7ind\u0259ki ticar\u0259t n\u00fcmay\u0259nd\u0259si Teymur Nadiro\u011flu, Az\u0259rbaycanda \u0130xrac\u0131n v\u0259 \u0130nvestisiyalar\u0131n T\u0259\u015fviqi Fondunun (AZPROMO) r\u0259hb\u0259ri v\u0259zif\u0259sini icra ed\u0259n Yusif Abdullayev, \u00c7inin \u201cYEMA \u0130nternational\u201d \u015firk\u0259tinin vitse-prezidenti \u00c7en Qan, Az\u0259rbaycan \u015e\u0259rab \u0130stehsal\u00e7\u0131lar\u0131 v\u0259 \u0130xracat\u00e7\u0131lar\u0131 Assosiasiyas\u0131n\u0131n s\u0259dri El\u00e7in M\u0259d\u0259tov v\u0259 ba\u015fqalar\u0131 Urum\u00e7id\u0259 f\u0259aliyy\u0259t\u0259 ba\u015falayan \u015e\u0259rab evinin \u00f6z dad\u0131 v\u0259 keyfiyy\u0259ti il\u0259 se\u00e7il\u0259n Az\u0259rbaycan \u015f\u0259rablar\u0131n\u0131n \u00c7in bazar\u0131na, x\u00fcsus\u0259n Sincan Uy\u011fur Muxtar Rayonuna ixrac\u0131nda b\u00f6y\u00fck rol oynayaca\u011f\u0131n\u0131 deyibl\u0259r. T\u0259dbir zaman\u0131 AZPROMO il\u0259 \u201cYEMA\u201d \u015firk\u0259ti aras\u0131nda \u0259m\u0259kda\u015fl\u0131\u011fa dair anla\u015fma memorandum imzaland\u0131. Sonra Az\u0259rbaycan \u015e\u0259rab Evi a\u00e7\u0131q elan olundu. Qeyd ed\u0259k ki, Urum\u00e7id\u0259ki Az\u0259rbaycan \u015e\u0259rab Evi \u00c7inin Sincan Muxtar Rayonunun \u0259n b\u00f6y\u00fck \u015firk\u0259tl\u0259rind\u0259n olan \u201cYEMA\u201d korporasiyas\u0131 il\u0259 \u0259m\u0259kda\u015fl\u0131q \u00e7\u0259r\u00e7ivsind\u0259 a\u00e7\u0131l\u0131b.<\/p>\n<p>Az\u0259rbaycan\u0131n \u00c7ind\u0259ki s\u0259firliyind\u0259ki ticar\u0259t n\u00fcmay\u0259nd\u0259liyinin t\u0259klifi il\u0259 \u015firk\u0259tin n\u00fcmay\u0259nd\u0259 hey\u0259ti\u00a0 Az\u0259rbaycana s\u0259f\u0259r ed\u0259r\u0259k, \u015f\u0259rab\u00e7\u0131l\u0131q m\u00fc\u0259ssis\u0259l\u0259rin\u0259 ba\u015f \u00e7\u0259kib, m\u0259hsullar\u0131n istehsal prosesi v\u0259 keyfiyy\u0259ti il\u0259 yerind\u0259 tan\u0131\u015f olub, m\u00fcvafiq ara\u015fd\u0131rma apar\u0131blar. N\u0259tic\u0259d\u0259 Az\u0259rbaycan \u015f\u0259rablar\u0131n\u0131n \u00c7ind\u0259 sat\u0131\u015f\u0131n\u0131n t\u0259\u015fkili \u00fc\u00e7\u00fcn \u015e\u0259rab evinin a\u00e7\u0131lmas\u0131 bar\u0259d\u0259 raz\u0131l\u0131q \u0259ld\u0259 olunub. \u015e\u0259rab evind\u0259 Az\u0259rbaycan \u015f\u0259rablar\u0131n\u0131n sat\u0131\u015f\u0131, s\u0259rgisi v\u0259 dequstasiyas\u0131 h\u0259yata ke\u00e7iril\u0259c\u0259k. B\u00f6y\u00fck biznes imkanlar\u0131 olan \u201cYEMA\u201d \u015firk\u0259tl\u0259r qrupu \u00f6z imkanlar\u0131ndan istifad\u0259 etm\u0259kl\u0259 Az\u0259rbaycan \u015f\u0259rablar\u0131n\u0131n sat\u0131\u015f\u0131n\u0131 realla\u015fd\u0131racaq.<\/p>\n<p>A\u00e7\u0131l\u0131\u015f m\u0259rasimind\u0259 Az\u0259rbaycan\u0131n \u015f\u0259rab\u00e7\u0131l\u0131\u011f\u0131na dair t\u0259qdimatlar oldu, filml\u0259r n\u00fcmayi\u015f etdirildi. \u00c7inin \u015f\u0259rab sat\u0131\u015f\u0131 il\u0259 m\u0259\u015f\u011ful olan \u015firk\u0259tl\u0259ri \u00fc\u00e7\u00fcn Az\u0259rbaycan \u015f\u0259rablar\u0131n\u0131n dequstasiyas\u0131 t\u0259\u015fkil olundu.<\/p>\n<p>\u201cMade in Azerbaijan\u201d brendi il\u0259 istehal olunan m\u0259hsullar\u0131n \u00c7in bazar\u0131nda tan\u0131d\u0131lmas\u0131 v\u0259 sat\u0131\u015f\u0131n\u0131n geni\u015fl\u0259ndirilm\u0259si m\u0259qs\u0259di il\u0259 yax\u0131n vaxtlarda yeni ticar\u0259t v\u0259 \u015f\u0259rab evl\u0259rinin a\u00e7\u0131lmas\u0131 planla\u015fd\u0131rl\u0131b.<\/p>\n","protected":false},"excerpt":{"rendered":"<p>ARANTV.AZ x\u0259b\u0259r verir ki, Prezident \u0130lham \u018fliyevin r\u0259qab\u0259t qabiliyy\u0259tli qeyri-neft m\u0259hsullar\u0131n\u0131n istehsal\u0131 v\u0259 ixrac\u0131n\u0131n, \u0259n\u0259n\u0259vi v\u0259 yeni bazarlara \u00e7\u0131x\u0131\u015f imkanlar\u0131n\u0131n art\u0131r\u0131lmas\u0131, \u201cMade in Azerbaijan\u201d brendi il\u0259 istehsal olunan m\u0259hsullar \u00fc\u00e7\u00fcn yeni bazarlar\u0131n tap\u0131lmas\u0131 il\u0259 ba\u011fl\u0131 tap\u015f\u0131r\u0131qlar\u0131n\u0131n icras\u0131 istiqam\u0259tind\u0259 \u0259h\u0259miyy\u0259tli i\u015fl\u0259r g\u00f6r\u00fcl\u00fcr. Bu istiqam\u0259td\u0259 xarici \u00f6lk\u0259l\u0259rd\u0259 ticar\u0259t evl\u0259rinin f\u0259aliyy\u0259ti Az\u0259rbaycan m\u0259hsullar\u0131n\u0131n tan\u0131d\u0131lmas\u0131, sat\u0131\u015f\u0131 v\u0259 s\u0259rgisinin t\u0259\u015fkilind\u0259 \u0259h\u0259miyy\u0259tli rol oynay\u0131r. \u00c7inin Uurm\u00e7i \u015f\u0259h\u0259rind\u0259 f\u0259aliyy\u0259t\u0259 ba\u015flayan Az\u0259rbaycan \u015e\u0259rab Evi d\u0259 \u00f6z n\u00f6v\u00fcnd\u0259 xaricd\u0259 a\u00e7\u0131lan ilk m\u0259kand\u0131r. \u015e\u0259rab evinin a\u00e7\u0131l\u0131\u015f m\u0259rasimind\u0259 \u00c7\u0130n Xalq Respublikas\u0131 Sincan Uy\u011fur Muxtar rayonunun r\u0259smil\u0259ri, Az\u0259rbaycan\u0131n \u00c7ind\u0259ki s\u0259firliyinin \u0259m\u0259kda\u015flar\u0131, Az\u0259rbaycan\u0131n&hellip;<\/p>\n","protected":false},"author":2,"featured_media":11055,"comment_status":"closed","ping_status":"closed","sticky":false,"template":"","format":"standard","meta":{"om_disable_all_campaigns":false,"_monsterinsights_skip_tracking":false,"_monsterinsights_sitenote_active":false,"_monsterinsights_sitenote_note":"","_monsterinsights_sitenote_category":0},"categories":[19],"tags":[],"aioseo_notices":[],"gutentor_comment":0,"rttpg_featured_image_url":{"full":["https:\/\/arantv.az\/wp-content\/uploads\/2018\/09\/3vooj345iaadn2i190ht50mc34cin.jpg",1000,666,false],"landscape":["https:\/\/arantv.az\/wp-content\/uploads\/2018\/09\/3vooj345iaadn2i190ht50mc34cin.jpg",1000,666,false],"portraits":["https:\/\/arantv.az\/wp-content\/uploads\/2018\/09\/3vooj345iaadn2i190ht50mc34cin.jpg",1000,666,false],"thumbnail":["https:\/\/arantv.az\/wp-content\/uploads\/2018\/09\/3vooj345iaadn2i190ht50mc34cin-150x150.jpg",150,150,true],"medium":["https:\/\/arantv.az\/wp-content\/uploads\/2018\/09\/3vooj345iaadn2i190ht50mc34cin-300x200.jpg",300,200,true],"large":["https:\/\/arantv.az\/wp-content\/uploads\/2018\/09\/3vooj345iaadn2i190ht50mc34cin.jpg",640,426,false],"1536x1536":["https:\/\/arantv.az\/wp-content\/uploads\/2018\/09\/3vooj345iaadn2i190ht50mc34cin.jpg",1000,666,false],"2048x2048":["https:\/\/arantv.az\/wp-content\/uploads\/2018\/09\/3vooj345iaadn2i190ht50mc34cin.jpg",1000,666,false],"post-thumbnail":["https:\/\/arantv.az\/wp-content\/uploads\/2018\/09\/3vooj345iaadn2i190ht50mc34cin-240x172.jpg",240,172,true],"advps-thumb-one":["https:\/\/arantv.az\/wp-content\/uploads\/2018\/09\/3vooj345iaadn2i190ht50mc34cin-1000x620.jpg",1000,620,true]},"rttpg_author":{"display_name":"V\u00fcsal Rafiqo\u011flu","author_link":"https:\/\/arantv.az\/?author=2"},"rttpg_comment":0,"rttpg_category":"<a href=\"https:\/\/arantv.az\/?cat=19\" rel=\"category\">G\u00fcnd\u0259m<\/a>","rttpg_excerpt":"ARANTV.AZ x\u0259b\u0259r verir ki, Prezident \u0130lham \u018fliyevin r\u0259qab\u0259t qabiliyy\u0259tli qeyri-neft m\u0259hsullar\u0131n\u0131n istehsal\u0131 v\u0259 ixrac\u0131n\u0131n, \u0259n\u0259n\u0259vi v\u0259 yeni bazarlara \u00e7\u0131x\u0131\u015f imkanlar\u0131n\u0131n art\u0131r\u0131lmas\u0131, \u201cMade in Azerbaijan\u201d brendi il\u0259 istehsal olunan m\u0259hsullar \u00fc\u00e7\u00fcn yeni bazarlar\u0131n tap\u0131lmas\u0131 il\u0259 ba\u011fl\u0131 tap\u015f\u0131r\u0131qlar\u0131n\u0131n icras\u0131 istiqam\u0259tind\u0259 \u0259h\u0259miyy\u0259tli i\u015fl\u0259r g\u00f6r\u00fcl\u00fcr. Bu istiqam\u0259td\u0259 xarici \u00f6lk\u0259l\u0259rd\u0259 ticar\u0259t evl\u0259rinin f\u0259aliyy\u0259ti Az\u0259rbaycan m\u0259hsullar\u0131n\u0131n tan\u0131d\u0131lmas\u0131, sat\u0131\u015f\u0131 v\u0259 s\u0259rgisinin t\u0259\u015fkilind\u0259&hellip;","_links":{"self":[{"href":"https:\/\/arantv.az\/index.php?rest_route=\/wp\/v2\/posts\/11054"}],"collection":[{"href":"https:\/\/arantv.az\/index.php?rest_route=\/wp\/v2\/posts"}],"about":[{"href":"https:\/\/arantv.az\/index.php?rest_route=\/wp\/v2\/types\/post"}],"author":[{"embeddable":true,"href":"https:\/\/arantv.az\/index.php?rest_route=\/wp\/v2\/users\/2"}],"replies":[{"embeddable":true,"href":"https:\/\/arantv.az\/index.php?rest_route=%2Fwp%2Fv2%2Fcomments&post=11054"}],"version-history":[{"count":0,"href":"https:\/\/arantv.az\/index.php?rest_route=\/wp\/v2\/posts\/11054\/revisions"}],"wp:featuredmedia":[{"embeddable":true,"href":"https:\/\/arantv.az\/index.php?rest_route=\/wp\/v2\/media\/11055"}],"wp:attachment":[{"href":"https:\/\/arantv.az\/index.php?rest_route=%2Fwp%2Fv2%2Fmedia&parent=11054"}],"wp:term":[{"taxonomy":"category","embeddable":true,"href":"https:\/\/arantv.az\/index.php?rest_route=%2Fwp%2Fv2%2Fcategories&post=11054"},{"taxonomy":"post_tag","embeddable":true,"href":"https:\/\/arantv.az\/index.php?rest_route=%2Fwp%2Fv2%2Ftags&post=11054"}],"curies":[{"name":"wp","href":"https:\/\/api.w.org\/{rel}","templated":true}]}}