{"id":110554,"date":"2019-12-23T10:47:36","date_gmt":"2019-12-23T07:47:36","guid":{"rendered":"http:\/\/arantv.az\/?p=110554"},"modified":"2019-12-23T10:47:36","modified_gmt":"2019-12-23T07:47:36","slug":"vuqar-bayramov-deputatliga-namiz%c9%99d-oldu","status":"publish","type":"post","link":"https:\/\/arantv.az\/?p=110554","title":{"rendered":"V\u00fcqar Bayramov deputatl\u0131\u011fa namiz\u0259d oldu"},"content":{"rendered":"<div class=\"spot\">&#8220;G\u0259l\u0259n il ferval\u0131n 9-da ke\u00e7iril\u0259c\u0259k n\u00f6vb\u0259d\u0259nk\u0259nar parlament se\u00e7kil\u0259rind\u0259 84 sayl\u0131 F\u00fczuli Se\u00e7ki Dair\u0259sind\u0259n i\u015ftirak etm\u0259y\u0259 q\u0259rar verdim. Bu m\u0259qs\u0259dl\u0259 d\u00fcn\u0259n s\u0259n\u0259dl\u0259rimi se\u00e7ki dair\u0259sin\u0259 t\u0259qdim etdim&#8221;.<\/div>\n<p><strong>ARANTV.AZ<\/strong> x\u0259b\u0259r verir ki, bunu iqtisad\u00e7\u0131-alim V\u00fcqar Bayramov deyib. O, bildirib ki, bug\u00fcn\u0259d\u0259k qurucusu v\u0259 r\u0259hb\u0259ri oldu\u011fu \u0130qtisadi v\u0259 Sosial \u0130nki\u015faf M\u0259rk\u0259zinin x\u0259tti v\u0259 iqtisad\u00e7\u0131 h\u0259mkarlar\u0131n\u0131n d\u0259st\u0259yi il\u0259 haz\u0131rlad\u0131qlar\u0131 \u00e7oxsayl\u0131 t\u0259klifl\u0259r v\u0259 iqtisadi mexanizml\u0259r m\u00fcvafiq d\u00f6vl\u0259t qurumlar\u0131 t\u0259r\u0259find\u0259n q\u0259bul edil\u0259r\u0259k icra olunub.<\/p>\n<p>&#8220;D\u00fc\u015f\u00fcn\u00fcr\u0259m ki, \u00f6lk\u0259mizd\u0259 v\u0259 uzaq AB\u015e-da ald\u0131\u011f\u0131m t\u0259hsilin, iqtisadi proqram v\u0259 mexanizml\u0259rin haz\u0131rlanmas\u0131 sah\u0259sind\u0259 qazand\u0131\u011f\u0131m t\u0259cr\u00fcb\u0259nin verdiyi imkanlardan xalq\u0131m\u0131n rifah\u0131 v\u0259 firavanl\u0131\u011f\u0131 namin\u0259 yeni formala\u015facaq parlamentin g\u00fcc\u00fcn\u0259 g\u00fcc qatmaqla daha s\u0259m\u0259r\u0259li istifad\u0259 ed\u0259 bil\u0259r\u0259m.<\/p>\n<p>Do\u011fuldu\u011fum, boya-ba\u015fa \u00e7atd\u0131\u011f\u0131m, sad\u0259liyi v\u0259 m\u0259rdliyi il\u0259 h\u0259mi\u015f\u0259 q\u00fcrur duydu\u011fum F\u00fczuli camaat\u0131n\u0131n m\u0259ni d\u0259st\u0259kl\u0259y\u0259c\u0259yin\u0259 d\u0259rin inamla bu marafona qo\u015fulur v\u0259 namiz\u0259dliyini elan ed\u0259n h\u0259r k\u0259s\u0259 u\u011furlar arzulay\u0131ram&#8221;, -dey\u0259 V\u00fcqar Bayramov qeyd edib.&#8221;\u00d6lk\u0259.Az&#8221;<\/p>\n","protected":false},"excerpt":{"rendered":"<p>&#8220;G\u0259l\u0259n il ferval\u0131n 9-da ke\u00e7iril\u0259c\u0259k n\u00f6vb\u0259d\u0259nk\u0259nar parlament se\u00e7kil\u0259rind\u0259 84 sayl\u0131 F\u00fczuli Se\u00e7ki Dair\u0259sind\u0259n i\u015ftirak etm\u0259y\u0259 q\u0259rar verdim. Bu m\u0259qs\u0259dl\u0259 d\u00fcn\u0259n s\u0259n\u0259dl\u0259rimi se\u00e7ki dair\u0259sin\u0259 t\u0259qdim etdim&#8221;. ARANTV.AZ x\u0259b\u0259r verir ki, bunu iqtisad\u00e7\u0131-alim V\u00fcqar Bayramov deyib. O, bildirib ki, bug\u00fcn\u0259d\u0259k qurucusu v\u0259 r\u0259hb\u0259ri oldu\u011fu \u0130qtisadi v\u0259 Sosial \u0130nki\u015faf M\u0259rk\u0259zinin x\u0259tti v\u0259 iqtisad\u00e7\u0131 h\u0259mkarlar\u0131n\u0131n d\u0259st\u0259yi il\u0259 haz\u0131rlad\u0131qlar\u0131 \u00e7oxsayl\u0131 t\u0259klifl\u0259r v\u0259 iqtisadi mexanizml\u0259r m\u00fcvafiq d\u00f6vl\u0259t qurumlar\u0131 t\u0259r\u0259find\u0259n q\u0259bul edil\u0259r\u0259k icra olunub. &#8220;D\u00fc\u015f\u00fcn\u00fcr\u0259m ki, \u00f6lk\u0259mizd\u0259 v\u0259 uzaq AB\u015e-da ald\u0131\u011f\u0131m t\u0259hsilin, iqtisadi proqram v\u0259 mexanizml\u0259rin haz\u0131rlanmas\u0131 sah\u0259sind\u0259 qazand\u0131\u011f\u0131m t\u0259cr\u00fcb\u0259nin verdiyi imkanlardan xalq\u0131m\u0131n rifah\u0131 v\u0259 firavanl\u0131\u011f\u0131 namin\u0259&hellip;<\/p>\n","protected":false},"author":2,"featured_media":110555,"comment_status":"closed","ping_status":"closed","sticky":false,"template":"","format":"standard","meta":{"om_disable_all_campaigns":false,"_monsterinsights_skip_tracking":false,"_monsterinsights_sitenote_active":false,"_monsterinsights_sitenote_note":"","_monsterinsights_sitenote_category":0},"categories":[19],"tags":[],"aioseo_notices":[],"gutentor_comment":0,"rttpg_featured_image_url":{"full":["https:\/\/arantv.az\/wp-content\/uploads\/2019\/12\/vuqarbayramov.jpg",620,375,false],"landscape":["https:\/\/arantv.az\/wp-content\/uploads\/2019\/12\/vuqarbayramov.jpg",620,375,false],"portraits":["https:\/\/arantv.az\/wp-content\/uploads\/2019\/12\/vuqarbayramov.jpg",620,375,false],"thumbnail":["https:\/\/arantv.az\/wp-content\/uploads\/2019\/12\/vuqarbayramov-150x150.jpg",150,150,true],"medium":["https:\/\/arantv.az\/wp-content\/uploads\/2019\/12\/vuqarbayramov-300x181.jpg",300,181,true],"large":["https:\/\/arantv.az\/wp-content\/uploads\/2019\/12\/vuqarbayramov.jpg",620,375,false],"1536x1536":["https:\/\/arantv.az\/wp-content\/uploads\/2019\/12\/vuqarbayramov.jpg",620,375,false],"2048x2048":["https:\/\/arantv.az\/wp-content\/uploads\/2019\/12\/vuqarbayramov.jpg",620,375,false],"post-thumbnail":["https:\/\/arantv.az\/wp-content\/uploads\/2019\/12\/vuqarbayramov-240x172.jpg",240,172,true],"advps-thumb-one":["https:\/\/arantv.az\/wp-content\/uploads\/2019\/12\/vuqarbayramov.jpg",620,375,false]},"rttpg_author":{"display_name":"V\u00fcsal Rafiqo\u011flu","author_link":"https:\/\/arantv.az\/?author=2"},"rttpg_comment":0,"rttpg_category":"<a href=\"https:\/\/arantv.az\/?cat=19\" rel=\"category\">G\u00fcnd\u0259m<\/a>","rttpg_excerpt":"&#8220;G\u0259l\u0259n il ferval\u0131n 9-da ke\u00e7iril\u0259c\u0259k n\u00f6vb\u0259d\u0259nk\u0259nar parlament se\u00e7kil\u0259rind\u0259 84 sayl\u0131 F\u00fczuli Se\u00e7ki Dair\u0259sind\u0259n i\u015ftirak etm\u0259y\u0259 q\u0259rar verdim. Bu m\u0259qs\u0259dl\u0259 d\u00fcn\u0259n s\u0259n\u0259dl\u0259rimi se\u00e7ki dair\u0259sin\u0259 t\u0259qdim etdim&#8221;. ARANTV.AZ x\u0259b\u0259r verir ki, bunu iqtisad\u00e7\u0131-alim V\u00fcqar Bayramov deyib. O, bildirib ki, bug\u00fcn\u0259d\u0259k qurucusu v\u0259 r\u0259hb\u0259ri oldu\u011fu \u0130qtisadi v\u0259 Sosial \u0130nki\u015faf M\u0259rk\u0259zinin x\u0259tti v\u0259 iqtisad\u00e7\u0131 h\u0259mkarlar\u0131n\u0131n d\u0259st\u0259yi il\u0259 haz\u0131rlad\u0131qlar\u0131 \u00e7oxsayl\u0131&hellip;","_links":{"self":[{"href":"https:\/\/arantv.az\/index.php?rest_route=\/wp\/v2\/posts\/110554"}],"collection":[{"href":"https:\/\/arantv.az\/index.php?rest_route=\/wp\/v2\/posts"}],"about":[{"href":"https:\/\/arantv.az\/index.php?rest_route=\/wp\/v2\/types\/post"}],"author":[{"embeddable":true,"href":"https:\/\/arantv.az\/index.php?rest_route=\/wp\/v2\/users\/2"}],"replies":[{"embeddable":true,"href":"https:\/\/arantv.az\/index.php?rest_route=%2Fwp%2Fv2%2Fcomments&post=110554"}],"version-history":[{"count":0,"href":"https:\/\/arantv.az\/index.php?rest_route=\/wp\/v2\/posts\/110554\/revisions"}],"wp:featuredmedia":[{"embeddable":true,"href":"https:\/\/arantv.az\/index.php?rest_route=\/wp\/v2\/media\/110555"}],"wp:attachment":[{"href":"https:\/\/arantv.az\/index.php?rest_route=%2Fwp%2Fv2%2Fmedia&parent=110554"}],"wp:term":[{"taxonomy":"category","embeddable":true,"href":"https:\/\/arantv.az\/index.php?rest_route=%2Fwp%2Fv2%2Fcategories&post=110554"},{"taxonomy":"post_tag","embeddable":true,"href":"https:\/\/arantv.az\/index.php?rest_route=%2Fwp%2Fv2%2Ftags&post=110554"}],"curies":[{"name":"wp","href":"https:\/\/api.w.org\/{rel}","templated":true}]}}