{"id":110570,"date":"2019-12-23T11:13:55","date_gmt":"2019-12-23T08:13:55","guid":{"rendered":"http:\/\/arantv.az\/?p=110570"},"modified":"2019-12-23T11:13:55","modified_gmt":"2019-12-23T08:13:55","slug":"bakida-yolu-kecm%c9%99k-ist%c9%99y%c9%99n-velosipedci-oldu-video","status":"publish","type":"post","link":"https:\/\/arantv.az\/?p=110570","title":{"rendered":"Bak\u0131da yolu ke\u00e7m\u0259k ist\u0259y\u0259n velosiped\u00e7i \u00f6ld\u00fc- V\u0130DEO"},"content":{"rendered":"<p>Yolu ke\u00e7m\u0259k ist\u0259y\u0259n velosiped\u00e7ini avtobus vurub. Q\u0259za n\u0259tic\u0259sind\u0259 velosiped\u00e7i \u00f6l\u00fcb.<\/p>\n<p><b>ARANTV.AZ\u00a0<\/b> x\u0259b\u0259r verir ki, yolu ke\u00e7\u0259n velosiped\u00e7ini yol zola\u011f\u0131nda avtobus vurub. Yolun k\u0259nar\u0131nda dayanan Opel markal\u0131 avtomobilin yan\u0131nda yer\u0259 d\u00fc\u015f\u0259n velosiped\u00e7i el\u0259 yerd\u0259c\u0259 qal\u0131b. Yolu videoyadda\u015fa yazan dig\u0259r avtomobil sahibi is\u0259 bu g\u00f6r\u00fcnt\u00fcl\u0259ri t\u0259sad\u00fcf\u0259n \u00e7\u0259kib.<\/p>\n<p>YPX-d\u0259n veril\u0259n a\u00e7\u0131qlamada velosiped\u00e7inin paytaxt sakini, 1973-c\u00fc il t\u0259v\u0259ll\u00fcdl\u00fc N\u0259sibov Roman Zaman o\u011flu oldu\u011fu bildirilib. O, idar\u0259 etdiyi velosipedi mikroavtobusa \u00e7\u0131rp\u0131b. Hadis\u0259 n\u0259tic\u0259sind\u0259 velosipedin s\u00fcr\u00fcc\u00fcs\u00fc Roman N\u0259sibov ald\u0131\u011f\u0131 x\u0259sar\u0259td\u0259n hadis\u0259 yerind\u0259 \u00f6l\u00fcb.<\/p>\n<p>Qeyd ed\u0259k ki,hadis\u0259 Ma\u015fta\u011fa q\u0259s\u0259b\u0259sind\u0259 ba\u015f verib. Veril\u0259n m\u0259lumata g\u00f6r\u0259, hadis\u0259 saat 12:46 rad\u0259l\u0259rind\u0259 qeyd\u0259 al\u0131n\u0131b.<br \/>\n20 dekabr 2019-cu il tarixind\u0259 saat 12:46 rad\u0259l\u0259rind\u0259 Ma\u015fta\u011fa q\u0259s\u0259b\u0259sind\u0259 General Avto Compani MMC-nin m\u00fcv\u0259qq\u0259ti istismar\u0131nda olan 131 n\u00f6mr\u0259li mar\u015frut \u00fczr\u0259 10-TE-275 d\u00f6vl\u0259t qeydiyyat ni\u015fanl\u0131 avtobus velosiped\u00e7ini vurub. Q\u0259za il\u0259 \u0259laq\u0259dar da\u015f\u0131y\u0131c\u0131 Agentliy\u0259 \u00e7a\u011f\u0131r\u0131l\u0131b. M\u00fcvafiq ara\u015fd\u0131rmadan sonra \u0259trafl\u0131 m\u0259lumat veril\u0259c\u0259k&#8221; \u2013dey\u0259 Mais A\u011fayev qeyd edib.Sonxeber.az<\/p>\n<div class=\"embed-responsive embed-responsive-16by9\"><iframe loading=\"lazy\" id=\"nmqembedid\" class=\"embed-responsive-item\" title=\"video player\" src=\"https:\/\/izle.az\/embed\/qyyxLTUIcYyIDI4KLYkEAA~~\" width=\"600\" height=\"340\" frameborder=\"0\" scrolling=\"no\" allowfullscreen=\"allowfullscreen\" data-mce-fragment=\"1\"><\/iframe><\/div>\n<p>&nbsp;<\/p>\n","protected":false},"excerpt":{"rendered":"<p>Yolu ke\u00e7m\u0259k ist\u0259y\u0259n velosiped\u00e7ini avtobus vurub. Q\u0259za n\u0259tic\u0259sind\u0259 velosiped\u00e7i \u00f6l\u00fcb. ARANTV.AZ\u00a0 x\u0259b\u0259r verir ki, yolu ke\u00e7\u0259n velosiped\u00e7ini yol zola\u011f\u0131nda avtobus vurub. Yolun k\u0259nar\u0131nda dayanan Opel markal\u0131 avtomobilin yan\u0131nda yer\u0259 d\u00fc\u015f\u0259n velosiped\u00e7i el\u0259 yerd\u0259c\u0259 qal\u0131b. Yolu videoyadda\u015fa yazan dig\u0259r avtomobil sahibi is\u0259 bu g\u00f6r\u00fcnt\u00fcl\u0259ri t\u0259sad\u00fcf\u0259n \u00e7\u0259kib. YPX-d\u0259n veril\u0259n a\u00e7\u0131qlamada velosiped\u00e7inin paytaxt sakini, 1973-c\u00fc il t\u0259v\u0259ll\u00fcdl\u00fc N\u0259sibov Roman Zaman o\u011flu oldu\u011fu bildirilib. O, idar\u0259 etdiyi velosipedi mikroavtobusa \u00e7\u0131rp\u0131b. Hadis\u0259 n\u0259tic\u0259sind\u0259 velosipedin s\u00fcr\u00fcc\u00fcs\u00fc Roman N\u0259sibov ald\u0131\u011f\u0131 x\u0259sar\u0259td\u0259n hadis\u0259 yerind\u0259 \u00f6l\u00fcb. Qeyd ed\u0259k ki,hadis\u0259 Ma\u015fta\u011fa q\u0259s\u0259b\u0259sind\u0259 ba\u015f verib. Veril\u0259n m\u0259lumata g\u00f6r\u0259, hadis\u0259 saat 12:46&hellip;<\/p>\n","protected":false},"author":2,"featured_media":110571,"comment_status":"closed","ping_status":"closed","sticky":false,"template":"","format":"standard","meta":{"om_disable_all_campaigns":false,"_monsterinsights_skip_tracking":false,"_monsterinsights_sitenote_active":false,"_monsterinsights_sitenote_note":"","_monsterinsights_sitenote_category":0},"categories":[5],"tags":[],"aioseo_notices":[],"gutentor_comment":0,"rttpg_featured_image_url":{"full":["https:\/\/arantv.az\/wp-content\/uploads\/2019\/12\/1577087637veloo.jpg",450,600,false],"landscape":["https:\/\/arantv.az\/wp-content\/uploads\/2019\/12\/1577087637veloo.jpg",450,600,false],"portraits":["https:\/\/arantv.az\/wp-content\/uploads\/2019\/12\/1577087637veloo.jpg",450,600,false],"thumbnail":["https:\/\/arantv.az\/wp-content\/uploads\/2019\/12\/1577087637veloo-150x150.jpg",150,150,true],"medium":["https:\/\/arantv.az\/wp-content\/uploads\/2019\/12\/1577087637veloo-225x300.jpg",225,300,true],"large":["https:\/\/arantv.az\/wp-content\/uploads\/2019\/12\/1577087637veloo.jpg",450,600,false],"1536x1536":["https:\/\/arantv.az\/wp-content\/uploads\/2019\/12\/1577087637veloo.jpg",450,600,false],"2048x2048":["https:\/\/arantv.az\/wp-content\/uploads\/2019\/12\/1577087637veloo.jpg",450,600,false],"post-thumbnail":["https:\/\/arantv.az\/wp-content\/uploads\/2019\/12\/1577087637veloo-240x172.jpg",240,172,true],"advps-thumb-one":["https:\/\/arantv.az\/wp-content\/uploads\/2019\/12\/1577087637veloo.jpg",450,600,false]},"rttpg_author":{"display_name":"V\u00fcsal Rafiqo\u011flu","author_link":"https:\/\/arantv.az\/?author=2"},"rttpg_comment":0,"rttpg_category":"<a href=\"https:\/\/arantv.az\/?cat=5\" rel=\"category\">Hadis\u0259<\/a>","rttpg_excerpt":"Yolu ke\u00e7m\u0259k ist\u0259y\u0259n velosiped\u00e7ini avtobus vurub. Q\u0259za n\u0259tic\u0259sind\u0259 velosiped\u00e7i \u00f6l\u00fcb. ARANTV.AZ\u00a0 x\u0259b\u0259r verir ki, yolu ke\u00e7\u0259n velosiped\u00e7ini yol zola\u011f\u0131nda avtobus vurub. Yolun k\u0259nar\u0131nda dayanan Opel markal\u0131 avtomobilin yan\u0131nda yer\u0259 d\u00fc\u015f\u0259n velosiped\u00e7i el\u0259 yerd\u0259c\u0259 qal\u0131b. Yolu videoyadda\u015fa yazan dig\u0259r avtomobil sahibi is\u0259 bu g\u00f6r\u00fcnt\u00fcl\u0259ri t\u0259sad\u00fcf\u0259n \u00e7\u0259kib. YPX-d\u0259n veril\u0259n a\u00e7\u0131qlamada velosiped\u00e7inin paytaxt sakini, 1973-c\u00fc il t\u0259v\u0259ll\u00fcdl\u00fc N\u0259sibov&hellip;","_links":{"self":[{"href":"https:\/\/arantv.az\/index.php?rest_route=\/wp\/v2\/posts\/110570"}],"collection":[{"href":"https:\/\/arantv.az\/index.php?rest_route=\/wp\/v2\/posts"}],"about":[{"href":"https:\/\/arantv.az\/index.php?rest_route=\/wp\/v2\/types\/post"}],"author":[{"embeddable":true,"href":"https:\/\/arantv.az\/index.php?rest_route=\/wp\/v2\/users\/2"}],"replies":[{"embeddable":true,"href":"https:\/\/arantv.az\/index.php?rest_route=%2Fwp%2Fv2%2Fcomments&post=110570"}],"version-history":[{"count":0,"href":"https:\/\/arantv.az\/index.php?rest_route=\/wp\/v2\/posts\/110570\/revisions"}],"wp:featuredmedia":[{"embeddable":true,"href":"https:\/\/arantv.az\/index.php?rest_route=\/wp\/v2\/media\/110571"}],"wp:attachment":[{"href":"https:\/\/arantv.az\/index.php?rest_route=%2Fwp%2Fv2%2Fmedia&parent=110570"}],"wp:term":[{"taxonomy":"category","embeddable":true,"href":"https:\/\/arantv.az\/index.php?rest_route=%2Fwp%2Fv2%2Fcategories&post=110570"},{"taxonomy":"post_tag","embeddable":true,"href":"https:\/\/arantv.az\/index.php?rest_route=%2Fwp%2Fv2%2Ftags&post=110570"}],"curies":[{"name":"wp","href":"https:\/\/api.w.org\/{rel}","templated":true}]}}