{"id":110574,"date":"2019-12-23T11:22:58","date_gmt":"2019-12-23T08:22:58","guid":{"rendered":"http:\/\/arantv.az\/?p=110574"},"modified":"2019-12-23T11:22:58","modified_gmt":"2019-12-23T08:22:58","slug":"bakida-agir-q%c9%99za-yaralilar-var","status":"publish","type":"post","link":"https:\/\/arantv.az\/?p=110574","title":{"rendered":"Bak\u0131da a\u011f\u0131r q\u0259za: Yaral\u0131lar var"},"content":{"rendered":"<p>Bak\u0131da Nobel prospektind\u0259 avtomobil q\u0259zas\u0131 ba\u015f verib. Q\u0259za n\u0259tic\u0259sind\u0259 iki\u00a0n\u0259f\u0259rin yaraland\u0131\u011f\u0131 bildirilib.<\/p>\n<p><strong>ARANTV.AZ\u00a0<\/strong>\u00a0x\u0259b\u0259r verir ki, sosial \u015f\u0259b\u0259k\u0259l\u0259rd\u0259 t\u0259cili tibbi yard\u0131m\u0131n hadis\u0259 yerin\u0259 gec g\u0259ldiyin\u0259 dair payla\u015f\u0131mlar edilib.<\/p>\n<p>S\u0259hiyy\u0259 Nazirliyi q\u0259za v\u0259 t\u0259cili tibbi yard\u0131m\u0131n vaxt\u0131ndan gec g\u0259lm\u0259si il\u0259 ba\u011fl\u0131 a\u00e7\u0131qlama yay\u0131b.<\/p>\n<p>Nazirlikd\u0259n\u00a0Oxu.Az-a veril\u0259n m\u0259lumata g\u00f6r\u0259, t\u0259cili tibbi yard\u0131m avtomobilinin Nobel prospektind\u0259 avtomobil q\u0259zas\u0131 ba\u015f ver\u0259n \u0259raziy\u0259 40 d\u0259qiq\u0259y\u0259 \u00e7atmas\u0131 bar\u0259d\u0259 yay\u0131lan\u00a0m\u0259lumat h\u0259qiq\u0259t\u0259 uy\u011fun deyil.<\/p>\n<p>Bildirilib ki, t\u0259cili tibbi yard\u0131m\u0131n dispet\u00e7er xidm\u0259tin\u0259 hadis\u0259 il\u0259 \u0259laq\u0259dar ilk \u00e7a\u011f\u0131r\u0131\u015f saat 10:45 daxil olub, saat 11:00-da hadis\u0259 yerin\u0259 \u00e7atan h\u0259kim briqadas\u0131 dispet\u00e7er m\u0259rk\u0259zi il\u0259 \u0259laq\u0259 saxlayaraq, 1 sayl\u0131 Kliniki Tibbi M\u0259rk\u0259z\u0259 qapal\u0131 k\u0259ll\u0259 beyin travmas\u0131 alan 21 ya\u015fl\u0131 q\u0131z v\u0259 m\u00fc\u015ft\u0259r\u0259k travmalar\u0131 olan 43 ya\u015fl\u0131 ki\u015fi \u00fc\u00e7\u00fcn yer haz\u0131rlanmas\u0131n\u0131 ist\u0259yib.<\/p>\n<p>A\u011f\u0131r v\u0259ziyy\u0259td\u0259 1 sayl\u0131 Kliniki Tibbi M\u0259rk\u0259z\u0259 \u00e7atd\u0131r\u0131lan yaral\u0131lara laz\u0131m\u0131 tibbi yard\u0131m g\u00f6st\u0259rilib. Onlar\u0131n v\u0259ziyy\u0259ti a\u011f\u0131r kimi qiym\u0259tl\u0259ndirilir.<\/p>\n<p>\u00c7a\u011f\u0131r\u0131\u015f\u0131n v\u0259 h\u0259kim briqadas\u0131n\u0131n hadis\u0259 yerin\u0259 \u00e7atma vaxtlar\u0131 dispet\u00e7er xidm\u0259tinin komp\u00fcter sistemind\u0259 qeyd\u0259 al\u0131n\u0131b.<\/p>\n","protected":false},"excerpt":{"rendered":"<p>Bak\u0131da Nobel prospektind\u0259 avtomobil q\u0259zas\u0131 ba\u015f verib. Q\u0259za n\u0259tic\u0259sind\u0259 iki\u00a0n\u0259f\u0259rin yaraland\u0131\u011f\u0131 bildirilib. ARANTV.AZ\u00a0\u00a0x\u0259b\u0259r verir ki, sosial \u015f\u0259b\u0259k\u0259l\u0259rd\u0259 t\u0259cili tibbi yard\u0131m\u0131n hadis\u0259 yerin\u0259 gec g\u0259ldiyin\u0259 dair payla\u015f\u0131mlar edilib. S\u0259hiyy\u0259 Nazirliyi q\u0259za v\u0259 t\u0259cili tibbi yard\u0131m\u0131n vaxt\u0131ndan gec g\u0259lm\u0259si il\u0259 ba\u011fl\u0131 a\u00e7\u0131qlama yay\u0131b. Nazirlikd\u0259n\u00a0Oxu.Az-a veril\u0259n m\u0259lumata g\u00f6r\u0259, t\u0259cili tibbi yard\u0131m avtomobilinin Nobel prospektind\u0259 avtomobil q\u0259zas\u0131 ba\u015f ver\u0259n \u0259raziy\u0259 40 d\u0259qiq\u0259y\u0259 \u00e7atmas\u0131 bar\u0259d\u0259 yay\u0131lan\u00a0m\u0259lumat h\u0259qiq\u0259t\u0259 uy\u011fun deyil. Bildirilib ki, t\u0259cili tibbi yard\u0131m\u0131n dispet\u00e7er xidm\u0259tin\u0259 hadis\u0259 il\u0259 \u0259laq\u0259dar ilk \u00e7a\u011f\u0131r\u0131\u015f saat 10:45 daxil olub, saat 11:00-da hadis\u0259 yerin\u0259 \u00e7atan h\u0259kim briqadas\u0131 dispet\u00e7er m\u0259rk\u0259zi il\u0259&hellip;<\/p>\n","protected":false},"author":2,"featured_media":110575,"comment_status":"closed","ping_status":"closed","sticky":false,"template":"","format":"standard","meta":{"om_disable_all_campaigns":false,"_monsterinsights_skip_tracking":false,"_monsterinsights_sitenote_active":false,"_monsterinsights_sitenote_note":"","_monsterinsights_sitenote_category":0},"categories":[5],"tags":[],"aioseo_notices":[],"gutentor_comment":0,"rttpg_featured_image_url":{"full":["https:\/\/arantv.az\/wp-content\/uploads\/2019\/12\/bnmnm.jpg",620,369,false],"landscape":["https:\/\/arantv.az\/wp-content\/uploads\/2019\/12\/bnmnm.jpg",620,369,false],"portraits":["https:\/\/arantv.az\/wp-content\/uploads\/2019\/12\/bnmnm.jpg",620,369,false],"thumbnail":["https:\/\/arantv.az\/wp-content\/uploads\/2019\/12\/bnmnm-150x150.jpg",150,150,true],"medium":["https:\/\/arantv.az\/wp-content\/uploads\/2019\/12\/bnmnm-300x179.jpg",300,179,true],"large":["https:\/\/arantv.az\/wp-content\/uploads\/2019\/12\/bnmnm.jpg",620,369,false],"1536x1536":["https:\/\/arantv.az\/wp-content\/uploads\/2019\/12\/bnmnm.jpg",620,369,false],"2048x2048":["https:\/\/arantv.az\/wp-content\/uploads\/2019\/12\/bnmnm.jpg",620,369,false],"post-thumbnail":["https:\/\/arantv.az\/wp-content\/uploads\/2019\/12\/bnmnm-240x172.jpg",240,172,true],"advps-thumb-one":["https:\/\/arantv.az\/wp-content\/uploads\/2019\/12\/bnmnm.jpg",620,369,false]},"rttpg_author":{"display_name":"V\u00fcsal Rafiqo\u011flu","author_link":"https:\/\/arantv.az\/?author=2"},"rttpg_comment":0,"rttpg_category":"<a href=\"https:\/\/arantv.az\/?cat=5\" rel=\"category\">Hadis\u0259<\/a>","rttpg_excerpt":"Bak\u0131da Nobel prospektind\u0259 avtomobil q\u0259zas\u0131 ba\u015f verib. Q\u0259za n\u0259tic\u0259sind\u0259 iki\u00a0n\u0259f\u0259rin yaraland\u0131\u011f\u0131 bildirilib. ARANTV.AZ\u00a0\u00a0x\u0259b\u0259r verir ki, sosial \u015f\u0259b\u0259k\u0259l\u0259rd\u0259 t\u0259cili tibbi yard\u0131m\u0131n hadis\u0259 yerin\u0259 gec g\u0259ldiyin\u0259 dair payla\u015f\u0131mlar edilib. S\u0259hiyy\u0259 Nazirliyi q\u0259za v\u0259 t\u0259cili tibbi yard\u0131m\u0131n vaxt\u0131ndan gec g\u0259lm\u0259si il\u0259 ba\u011fl\u0131 a\u00e7\u0131qlama yay\u0131b. Nazirlikd\u0259n\u00a0Oxu.Az-a veril\u0259n m\u0259lumata g\u00f6r\u0259, t\u0259cili tibbi yard\u0131m avtomobilinin Nobel prospektind\u0259 avtomobil q\u0259zas\u0131 ba\u015f ver\u0259n&hellip;","_links":{"self":[{"href":"https:\/\/arantv.az\/index.php?rest_route=\/wp\/v2\/posts\/110574"}],"collection":[{"href":"https:\/\/arantv.az\/index.php?rest_route=\/wp\/v2\/posts"}],"about":[{"href":"https:\/\/arantv.az\/index.php?rest_route=\/wp\/v2\/types\/post"}],"author":[{"embeddable":true,"href":"https:\/\/arantv.az\/index.php?rest_route=\/wp\/v2\/users\/2"}],"replies":[{"embeddable":true,"href":"https:\/\/arantv.az\/index.php?rest_route=%2Fwp%2Fv2%2Fcomments&post=110574"}],"version-history":[{"count":0,"href":"https:\/\/arantv.az\/index.php?rest_route=\/wp\/v2\/posts\/110574\/revisions"}],"wp:featuredmedia":[{"embeddable":true,"href":"https:\/\/arantv.az\/index.php?rest_route=\/wp\/v2\/media\/110575"}],"wp:attachment":[{"href":"https:\/\/arantv.az\/index.php?rest_route=%2Fwp%2Fv2%2Fmedia&parent=110574"}],"wp:term":[{"taxonomy":"category","embeddable":true,"href":"https:\/\/arantv.az\/index.php?rest_route=%2Fwp%2Fv2%2Fcategories&post=110574"},{"taxonomy":"post_tag","embeddable":true,"href":"https:\/\/arantv.az\/index.php?rest_route=%2Fwp%2Fv2%2Ftags&post=110574"}],"curies":[{"name":"wp","href":"https:\/\/api.w.org\/{rel}","templated":true}]}}