{"id":110578,"date":"2019-12-23T11:26:43","date_gmt":"2019-12-23T08:26:43","guid":{"rendered":"http:\/\/arantv.az\/?p=110578"},"modified":"2019-12-23T11:26:43","modified_gmt":"2019-12-23T08:26:43","slug":"az%c9%99rbaycanda-d%c9%99hs%c9%99tli-hadis%c9%99d%c9%99-ol%c9%99n-mu%c9%99llim%c9%99-il%c9%99-8-yasli-oglunun-fotosu","status":"publish","type":"post","link":"https:\/\/arantv.az\/?p=110578","title":{"rendered":"Az\u0259rbaycanda d\u0259h\u015f\u0259tli hadis\u0259d\u0259 \u00f6l\u0259n m\u00fc\u0259llim\u0259 il\u0259 8 ya\u015fl\u0131 o\u011flunun FOTOsu"},"content":{"rendered":"<p><strong>Salyanda ba\u015f ver\u0259n d\u0259h\u015f\u0259tli yol q\u0259zas\u0131nda v\u0259fat ed\u0259n ail\u0259 \u00fczvl\u0259ri bu g\u00fcn d\u0259fn edilib.<\/strong><\/p>\n<p><strong>ARANTV.AZ\u00a0<\/strong> publika.az-a istinad\u0259n x\u0259b\u0259r verir ki, dekabrn 21-d\u0259 Bak\u0131-\u018fl\u0259t-Astara magistral\u0131n\u0131n Noxudlu k\u0259ndi \u0259razisind\u0259n ke\u00e7\u0259n hiss\u0259sind\u0259 38 ya\u015fl\u0131 T\u0259ran\u0259 Hac\u0131yevan\u0131n idar\u0259etm\u0259sind\u0259n \u00e7\u0131xaraq a\u015fan &#8220;Mitsubishi&#8221;d\u0259 h\u0259lak olan \u015f\u0259xsl\u0259r bu g\u00fcn d\u0259fn edilib.<\/p>\n<p>S\u00fcr\u00fcc\u00fc T.Hac\u0131yeva 8 ya\u015fl\u0131 \u00f6vlad\u0131 \u018fl\u0259sg\u0259r il\u0259 birlikd\u0259 \u015eirvan \u015f\u0259h\u0259r q\u0259biristanl\u0131\u011f\u0131nda d\u0259fn edilibl\u0259r.<\/p>\n<p>Qeyd ed\u0259k ki, q\u0259za zaman\u0131 ma\u015f\u0131nda olan T.Hac\u0131yevan\u0131n day\u0131s\u0131 arvad\u0131 Zemfira M\u0259mm\u0259dova da ald\u0131\u011f\u0131 a\u011f\u0131r x\u0259sar\u0259tl\u0259rd\u0259n hadis\u0259 yerind\u0259 ke\u00e7inib. S\u00fcr\u00fcc\u00fcn\u00fcn 12 ya\u015fl\u0131 q\u0131z\u0131 v\u0259 daha 2 yax\u0131n qohumu is\u0259 x\u0259st\u0259xanaya yerl\u0259\u015fdirilib.<\/p>\n<p>Qeyd ed\u0259k ki, q\u0259zada v\u0259fat ed\u0259n T.Hacyeva Salyanda b\u00f6y\u00fck h\u00f6rm\u0259t sahibi olan K\u0259rb\u0259layi Salehin q\u0131z\u0131d\u0131r. O, xeyli vaxt imi\u015f \u015eirvan \u015f\u0259h\u0259rind\u0259ki m\u0259kt\u0259bl\u0259rd\u0259n birind\u0259 m\u00fc\u0259llim kimi \u00e7al\u0131\u015f\u0131rm\u0131\u015f v\u0259 bir ne\u00e7\u0259 ay \u0259vv\u0259l i\u015f yerini Bak\u0131ya d\u0259yi\u015fibmi\u015f.<\/p>\n<p>D\u0259h\u015f\u0259tli hadis\u0259d\u0259 \u00f6l\u0259n ana v\u0259 azya\u015fl\u0131 o\u011flunun fotosunu t\u0259qdim edirik.<\/p>\n<div class=\"article-gallery\">\n<div class=\"lSSlideOuter \">\n<div class=\"lSSlideWrapper usingCss\">\n<ul class=\"images-list lightSlider lsGrab lSSlide\">\n<li class=\"lslide active\" data-src=\"https:\/\/img.milli.az\/2019\/12\/23\/812570_000.jpg\" data-fancybox=\"812570\"><img src=\"https:\/\/img.milli.az\/2019\/12\/23\/812570_000.jpg\" alt=\"\" \/><\/li>\n<\/ul>\n<\/div>\n<\/div>\n<div class=\"lSSlideOuter \">\n<div class=\"lSSlideWrapper usingCss\"><\/div>\n<\/div>\n<\/div>\n","protected":false},"excerpt":{"rendered":"<p>Salyanda ba\u015f ver\u0259n d\u0259h\u015f\u0259tli yol q\u0259zas\u0131nda v\u0259fat ed\u0259n ail\u0259 \u00fczvl\u0259ri bu g\u00fcn d\u0259fn edilib. ARANTV.AZ\u00a0 publika.az-a istinad\u0259n x\u0259b\u0259r verir ki, dekabrn 21-d\u0259 Bak\u0131-\u018fl\u0259t-Astara magistral\u0131n\u0131n Noxudlu k\u0259ndi \u0259razisind\u0259n ke\u00e7\u0259n hiss\u0259sind\u0259 38 ya\u015fl\u0131 T\u0259ran\u0259 Hac\u0131yevan\u0131n idar\u0259etm\u0259sind\u0259n \u00e7\u0131xaraq a\u015fan &#8220;Mitsubishi&#8221;d\u0259 h\u0259lak olan \u015f\u0259xsl\u0259r bu g\u00fcn d\u0259fn edilib. S\u00fcr\u00fcc\u00fc T.Hac\u0131yeva 8 ya\u015fl\u0131 \u00f6vlad\u0131 \u018fl\u0259sg\u0259r il\u0259 birlikd\u0259 \u015eirvan \u015f\u0259h\u0259r q\u0259biristanl\u0131\u011f\u0131nda d\u0259fn edilibl\u0259r. Qeyd ed\u0259k ki, q\u0259za zaman\u0131 ma\u015f\u0131nda olan T.Hac\u0131yevan\u0131n day\u0131s\u0131 arvad\u0131 Zemfira M\u0259mm\u0259dova da ald\u0131\u011f\u0131 a\u011f\u0131r x\u0259sar\u0259tl\u0259rd\u0259n hadis\u0259 yerind\u0259 ke\u00e7inib. S\u00fcr\u00fcc\u00fcn\u00fcn 12 ya\u015fl\u0131 q\u0131z\u0131 v\u0259 daha 2 yax\u0131n qohumu is\u0259 x\u0259st\u0259xanaya yerl\u0259\u015fdirilib. Qeyd ed\u0259k&hellip;<\/p>\n","protected":false},"author":2,"featured_media":110579,"comment_status":"closed","ping_status":"closed","sticky":false,"template":"","format":"standard","meta":{"om_disable_all_campaigns":false,"_monsterinsights_skip_tracking":false,"_monsterinsights_sitenote_active":false,"_monsterinsights_sitenote_note":"","_monsterinsights_sitenote_category":0},"categories":[5],"tags":[],"aioseo_notices":[],"gutentor_comment":0,"rttpg_featured_image_url":{"full":["https:\/\/arantv.az\/wp-content\/uploads\/2019\/12\/812570.jpg",800,600,false],"landscape":["https:\/\/arantv.az\/wp-content\/uploads\/2019\/12\/812570.jpg",800,600,false],"portraits":["https:\/\/arantv.az\/wp-content\/uploads\/2019\/12\/812570.jpg",800,600,false],"thumbnail":["https:\/\/arantv.az\/wp-content\/uploads\/2019\/12\/812570-150x150.jpg",150,150,true],"medium":["https:\/\/arantv.az\/wp-content\/uploads\/2019\/12\/812570-300x225.jpg",300,225,true],"large":["https:\/\/arantv.az\/wp-content\/uploads\/2019\/12\/812570.jpg",640,480,false],"1536x1536":["https:\/\/arantv.az\/wp-content\/uploads\/2019\/12\/812570.jpg",800,600,false],"2048x2048":["https:\/\/arantv.az\/wp-content\/uploads\/2019\/12\/812570.jpg",800,600,false],"post-thumbnail":["https:\/\/arantv.az\/wp-content\/uploads\/2019\/12\/812570-240x172.jpg",240,172,true],"advps-thumb-one":["https:\/\/arantv.az\/wp-content\/uploads\/2019\/12\/812570.jpg",800,600,false]},"rttpg_author":{"display_name":"V\u00fcsal Rafiqo\u011flu","author_link":"https:\/\/arantv.az\/?author=2"},"rttpg_comment":0,"rttpg_category":"<a href=\"https:\/\/arantv.az\/?cat=5\" rel=\"category\">Hadis\u0259<\/a>","rttpg_excerpt":"Salyanda ba\u015f ver\u0259n d\u0259h\u015f\u0259tli yol q\u0259zas\u0131nda v\u0259fat ed\u0259n ail\u0259 \u00fczvl\u0259ri bu g\u00fcn d\u0259fn edilib. ARANTV.AZ\u00a0 publika.az-a istinad\u0259n x\u0259b\u0259r verir ki, dekabrn 21-d\u0259 Bak\u0131-\u018fl\u0259t-Astara magistral\u0131n\u0131n Noxudlu k\u0259ndi \u0259razisind\u0259n ke\u00e7\u0259n hiss\u0259sind\u0259 38 ya\u015fl\u0131 T\u0259ran\u0259 Hac\u0131yevan\u0131n idar\u0259etm\u0259sind\u0259n \u00e7\u0131xaraq a\u015fan &#8220;Mitsubishi&#8221;d\u0259 h\u0259lak olan \u015f\u0259xsl\u0259r bu g\u00fcn d\u0259fn edilib. S\u00fcr\u00fcc\u00fc T.Hac\u0131yeva 8 ya\u015fl\u0131 \u00f6vlad\u0131 \u018fl\u0259sg\u0259r il\u0259 birlikd\u0259 \u015eirvan \u015f\u0259h\u0259r q\u0259biristanl\u0131\u011f\u0131nda&hellip;","_links":{"self":[{"href":"https:\/\/arantv.az\/index.php?rest_route=\/wp\/v2\/posts\/110578"}],"collection":[{"href":"https:\/\/arantv.az\/index.php?rest_route=\/wp\/v2\/posts"}],"about":[{"href":"https:\/\/arantv.az\/index.php?rest_route=\/wp\/v2\/types\/post"}],"author":[{"embeddable":true,"href":"https:\/\/arantv.az\/index.php?rest_route=\/wp\/v2\/users\/2"}],"replies":[{"embeddable":true,"href":"https:\/\/arantv.az\/index.php?rest_route=%2Fwp%2Fv2%2Fcomments&post=110578"}],"version-history":[{"count":0,"href":"https:\/\/arantv.az\/index.php?rest_route=\/wp\/v2\/posts\/110578\/revisions"}],"wp:featuredmedia":[{"embeddable":true,"href":"https:\/\/arantv.az\/index.php?rest_route=\/wp\/v2\/media\/110579"}],"wp:attachment":[{"href":"https:\/\/arantv.az\/index.php?rest_route=%2Fwp%2Fv2%2Fmedia&parent=110578"}],"wp:term":[{"taxonomy":"category","embeddable":true,"href":"https:\/\/arantv.az\/index.php?rest_route=%2Fwp%2Fv2%2Fcategories&post=110578"},{"taxonomy":"post_tag","embeddable":true,"href":"https:\/\/arantv.az\/index.php?rest_route=%2Fwp%2Fv2%2Ftags&post=110578"}],"curies":[{"name":"wp","href":"https:\/\/api.w.org\/{rel}","templated":true}]}}