{"id":110594,"date":"2019-12-23T11:42:19","date_gmt":"2019-12-23T08:42:19","guid":{"rendered":"http:\/\/arantv.az\/?p=110594"},"modified":"2019-12-23T11:42:19","modified_gmt":"2019-12-23T08:42:19","slug":"cavusoglu-turkiy%c9%99-az%c9%99rbaycan-v%c9%99-gurcustan-pekinl%c9%99-londonu-birl%c9%99sdirdi","status":"publish","type":"post","link":"https:\/\/arantv.az\/?p=110594","title":{"rendered":"\u00c7avu\u015fo\u011flu: T\u00fcrkiy\u0259, Az\u0259rbaycan v\u0259 G\u00fcrc\u00fcstan Pekinl\u0259 Londonu birl\u0259\u015fdirdi"},"content":{"rendered":"<p>Biz G\u00fcrc\u00fcstan v\u0259 Az\u0259rbaycanla birlikd\u0259 regionunun sabitliyin\u0259 t\u00f6hf\u0259 veririk.<\/p>\n<p><b>ARANTV.AZ<\/b>-\u0131n x\u0259b\u0259rin\u0259 g\u00f6r\u0259, bunu T\u00fcrkiy\u0259nin Xarici \u0130\u015fl\u0259r naziri M\u00f6vlud \u00c7avu\u015fo\u011flu Tbilisid\u0259 deyib.<\/p>\n<p>O bildirib ki, T\u00fcrkiy\u0259, Az\u0259rbaycan v\u0259 G\u00fcrc\u00fcstan\u0131n h\u0259yata ke\u00e7irdiyi layih\u0259l\u0259r Pekinl\u0259 Londonu birl\u0259\u015fdirib.<\/p>\n<div id=\"AdviadNativeVideo0\" class=\"AdviadNativeVideo\"><\/div>\n<p>\u201cPerspektivd\u0259 buna b\u0259nz\u0259r olan layih\u0259l\u0259ri h\u0259yata ke\u00e7irm\u0259y\u0259 davam ed\u0259c\u0259yik. Regionun s\u00fclh v\u0259 sabitliyin\u0259 birlikd\u0259 t\u00f6hf\u0259 verm\u0259y\u0259 \u00e7al\u0131\u015f\u0131r\u0131q. Bak\u0131-Tbilisi-Qars d\u0259miryolu il\u0259\u00a0 h\u0259m ticar\u0259t\u0259, h\u0259m d\u0259 n\u0259qliyyata t\u00f6hf\u0259 veririk\u201d, &#8211; dey\u0259 M.\u00c7avu\u015fo\u011flu \u0259lav\u0259 edib.<\/p>\n<p>Qeyd ed\u0259k ki, Tbilisid\u0259 Az\u0259rbaycan, G\u00fcrc\u00fcstan v\u0259 T\u00fcrkiy\u0259nin Xarici \u0130\u015fl\u0259r nazirl\u0259ri (Elmar M\u0259mm\u0259dyarov,\u00a0David Zalkaliani\u00a0v\u0259\u00a0M\u00f6vlud \u00c7avu\u015fo\u011flu)\u00a0aras\u0131nda \u00fc\u00e7t\u0259r\u0259fli formatda s\u0259kkizinci g\u00f6r\u00fc\u015f ba\u015flay\u0131b.Oxu.Az<\/p>\n","protected":false},"excerpt":{"rendered":"<p>Biz G\u00fcrc\u00fcstan v\u0259 Az\u0259rbaycanla birlikd\u0259 regionunun sabitliyin\u0259 t\u00f6hf\u0259 veririk. ARANTV.AZ-\u0131n x\u0259b\u0259rin\u0259 g\u00f6r\u0259, bunu T\u00fcrkiy\u0259nin Xarici \u0130\u015fl\u0259r naziri M\u00f6vlud \u00c7avu\u015fo\u011flu Tbilisid\u0259 deyib. O bildirib ki, T\u00fcrkiy\u0259, Az\u0259rbaycan v\u0259 G\u00fcrc\u00fcstan\u0131n h\u0259yata ke\u00e7irdiyi layih\u0259l\u0259r Pekinl\u0259 Londonu birl\u0259\u015fdirib. \u201cPerspektivd\u0259 buna b\u0259nz\u0259r olan layih\u0259l\u0259ri h\u0259yata ke\u00e7irm\u0259y\u0259 davam ed\u0259c\u0259yik. Regionun s\u00fclh v\u0259 sabitliyin\u0259 birlikd\u0259 t\u00f6hf\u0259 verm\u0259y\u0259 \u00e7al\u0131\u015f\u0131r\u0131q. Bak\u0131-Tbilisi-Qars d\u0259miryolu il\u0259\u00a0 h\u0259m ticar\u0259t\u0259, h\u0259m d\u0259 n\u0259qliyyata t\u00f6hf\u0259 veririk\u201d, &#8211; dey\u0259 M.\u00c7avu\u015fo\u011flu \u0259lav\u0259 edib. Qeyd ed\u0259k ki, Tbilisid\u0259 Az\u0259rbaycan, G\u00fcrc\u00fcstan v\u0259 T\u00fcrkiy\u0259nin Xarici \u0130\u015fl\u0259r nazirl\u0259ri (Elmar M\u0259mm\u0259dyarov,\u00a0David Zalkaliani\u00a0v\u0259\u00a0M\u00f6vlud \u00c7avu\u015fo\u011flu)\u00a0aras\u0131nda \u00fc\u00e7t\u0259r\u0259fli formatda s\u0259kkizinci g\u00f6r\u00fc\u015f ba\u015flay\u0131b.Oxu.Az<\/p>\n","protected":false},"author":2,"featured_media":110595,"comment_status":"closed","ping_status":"closed","sticky":false,"template":"","format":"standard","meta":{"om_disable_all_campaigns":false,"_monsterinsights_skip_tracking":false,"_monsterinsights_sitenote_active":false,"_monsterinsights_sitenote_note":"","_monsterinsights_sitenote_category":0},"categories":[4],"tags":[],"aioseo_notices":[],"gutentor_comment":0,"rttpg_featured_image_url":{"full":["https:\/\/arantv.az\/wp-content\/uploads\/2019\/12\/thumbs_b_c_70d0a5fac901c60fad0eb230d3de3452.jpg",620,349,false],"landscape":["https:\/\/arantv.az\/wp-content\/uploads\/2019\/12\/thumbs_b_c_70d0a5fac901c60fad0eb230d3de3452.jpg",620,349,false],"portraits":["https:\/\/arantv.az\/wp-content\/uploads\/2019\/12\/thumbs_b_c_70d0a5fac901c60fad0eb230d3de3452.jpg",620,349,false],"thumbnail":["https:\/\/arantv.az\/wp-content\/uploads\/2019\/12\/thumbs_b_c_70d0a5fac901c60fad0eb230d3de3452-150x150.jpg",150,150,true],"medium":["https:\/\/arantv.az\/wp-content\/uploads\/2019\/12\/thumbs_b_c_70d0a5fac901c60fad0eb230d3de3452-300x169.jpg",300,169,true],"large":["https:\/\/arantv.az\/wp-content\/uploads\/2019\/12\/thumbs_b_c_70d0a5fac901c60fad0eb230d3de3452.jpg",620,349,false],"1536x1536":["https:\/\/arantv.az\/wp-content\/uploads\/2019\/12\/thumbs_b_c_70d0a5fac901c60fad0eb230d3de3452.jpg",620,349,false],"2048x2048":["https:\/\/arantv.az\/wp-content\/uploads\/2019\/12\/thumbs_b_c_70d0a5fac901c60fad0eb230d3de3452.jpg",620,349,false],"post-thumbnail":["https:\/\/arantv.az\/wp-content\/uploads\/2019\/12\/thumbs_b_c_70d0a5fac901c60fad0eb230d3de3452-240x172.jpg",240,172,true],"advps-thumb-one":["https:\/\/arantv.az\/wp-content\/uploads\/2019\/12\/thumbs_b_c_70d0a5fac901c60fad0eb230d3de3452.jpg",620,349,false]},"rttpg_author":{"display_name":"V\u00fcsal Rafiqo\u011flu","author_link":"https:\/\/arantv.az\/?author=2"},"rttpg_comment":0,"rttpg_category":"<a href=\"https:\/\/arantv.az\/?cat=4\" rel=\"category\">Siyas\u0259t<\/a>","rttpg_excerpt":"Biz G\u00fcrc\u00fcstan v\u0259 Az\u0259rbaycanla birlikd\u0259 regionunun sabitliyin\u0259 t\u00f6hf\u0259 veririk. ARANTV.AZ-\u0131n x\u0259b\u0259rin\u0259 g\u00f6r\u0259, bunu T\u00fcrkiy\u0259nin Xarici \u0130\u015fl\u0259r naziri M\u00f6vlud \u00c7avu\u015fo\u011flu Tbilisid\u0259 deyib. O bildirib ki, T\u00fcrkiy\u0259, Az\u0259rbaycan v\u0259 G\u00fcrc\u00fcstan\u0131n h\u0259yata ke\u00e7irdiyi layih\u0259l\u0259r Pekinl\u0259 Londonu birl\u0259\u015fdirib. \u201cPerspektivd\u0259 buna b\u0259nz\u0259r olan layih\u0259l\u0259ri h\u0259yata ke\u00e7irm\u0259y\u0259 davam ed\u0259c\u0259yik. Regionun s\u00fclh v\u0259 sabitliyin\u0259 birlikd\u0259 t\u00f6hf\u0259 verm\u0259y\u0259 \u00e7al\u0131\u015f\u0131r\u0131q. Bak\u0131-Tbilisi-Qars d\u0259miryolu il\u0259\u00a0 h\u0259m&hellip;","_links":{"self":[{"href":"https:\/\/arantv.az\/index.php?rest_route=\/wp\/v2\/posts\/110594"}],"collection":[{"href":"https:\/\/arantv.az\/index.php?rest_route=\/wp\/v2\/posts"}],"about":[{"href":"https:\/\/arantv.az\/index.php?rest_route=\/wp\/v2\/types\/post"}],"author":[{"embeddable":true,"href":"https:\/\/arantv.az\/index.php?rest_route=\/wp\/v2\/users\/2"}],"replies":[{"embeddable":true,"href":"https:\/\/arantv.az\/index.php?rest_route=%2Fwp%2Fv2%2Fcomments&post=110594"}],"version-history":[{"count":0,"href":"https:\/\/arantv.az\/index.php?rest_route=\/wp\/v2\/posts\/110594\/revisions"}],"wp:featuredmedia":[{"embeddable":true,"href":"https:\/\/arantv.az\/index.php?rest_route=\/wp\/v2\/media\/110595"}],"wp:attachment":[{"href":"https:\/\/arantv.az\/index.php?rest_route=%2Fwp%2Fv2%2Fmedia&parent=110594"}],"wp:term":[{"taxonomy":"category","embeddable":true,"href":"https:\/\/arantv.az\/index.php?rest_route=%2Fwp%2Fv2%2Fcategories&post=110594"},{"taxonomy":"post_tag","embeddable":true,"href":"https:\/\/arantv.az\/index.php?rest_route=%2Fwp%2Fv2%2Ftags&post=110594"}],"curies":[{"name":"wp","href":"https:\/\/api.w.org\/{rel}","templated":true}]}}