{"id":110622,"date":"2019-12-23T12:02:53","date_gmt":"2019-12-23T09:02:53","guid":{"rendered":"http:\/\/arantv.az\/?p=110622"},"modified":"2019-12-23T12:02:53","modified_gmt":"2019-12-23T09:02:53","slug":"nazirlik-t%c9%99cili-tibbi-yardimin-hadis%c9%99-yerin%c9%99-gecikm%c9%99si-bar%c9%99d%c9%99-m%c9%99lumata-munasib%c9%99t-bildirdi","status":"publish","type":"post","link":"https:\/\/arantv.az\/?p=110622","title":{"rendered":"Nazirlik t\u0259cili tibbi yard\u0131m\u0131n hadis\u0259 yerin\u0259 gecikm\u0259si bar\u0259d\u0259 m\u0259lumata m\u00fcnasib\u0259t bildirdi"},"content":{"rendered":"<p>S\u0259hiyy\u0259 Nazirliyi t\u0259cili tibbi yard\u0131m avtomobilin hadis\u0259 yerin\u0259 gec g\u0259lm\u0259si bar\u0259d\u0259 m\u0259lumata m\u00fcnasib\u0259t bildirib.<\/p>\n<p><strong>ARANTV.AZ\u00a0<\/strong> x\u0259b\u0259r verir ki, nazirlikd\u0259n\u00a0<a href=\"https:\/\/az.trend.az\/\" target=\"_blank\" rel=\"noopener\">Trend<\/a>-\u0259 veril\u0259n m\u0259lumata g\u00f6r\u0259, sosial \u015f\u0259b\u0259k\u0259l\u0259rd\u0259 Nobel prospektind\u0259 avtomobil q\u0259zas\u0131 ba\u015f ver\u0259n \u0259raziy\u0259 t\u0259cili tibbi yard\u0131m avtomobilinin 40 d\u0259qiq\u0259y\u0259 \u00e7atmas\u0131 bar\u0259d\u0259 yay\u0131lan m\u0259lumat h\u0259qiq\u0259t\u0259 uy\u011fun deyil:<\/p>\n<p>&#8220;T\u0259cili Tibbi Yard\u0131m\u0131n dispet\u00e7er xidm\u0259tin\u0259 hadis\u0259 il\u0259 \u0259laq\u0259dar ilk \u00e7a\u011f\u0131r\u0131\u015f saat 10:45 daxil olub, saat 11:00-da hadis\u0259 yerin\u0259 \u00e7atan h\u0259kim briqadas\u0131 dispet\u00e7er m\u0259rk\u0259zi il\u0259 \u0259laq\u0259 saxlayaraq, KTM-d\u0259 qapal\u0131 k\u0259ll\u0259 beyin travmas\u0131 alan 21 ya\u015fl\u0131 q\u0131z v\u0259 m\u00fc\u015ft\u0259r\u0259k travmalar\u0131 olan 43 ya\u015fl\u0131 ki\u015fi \u00fc\u00e7\u00fcn yer haz\u0131rlanmas\u0131n\u0131 ist\u0259yib. A\u011f\u0131r v\u0259ziyy\u0259td\u0259 KTM-\u0259 \u00e7atd\u0131r\u0131lan yaral\u0131lara laz\u0131m\u0131 tibbi yard\u0131m g\u00f6st\u0259rilib. Onlar\u0131n v\u0259ziyy\u0259ti a\u011f\u0131r kimi qiym\u0259tl\u0259ndirilir. \u00c7a\u011f\u0131r\u0131\u015f\u0131n v\u0259 h\u0259kim briqadas\u0131n\u0131n hadis\u0259 yerin\u0259 \u00e7atma vaxtlar\u0131 dispet\u00e7er xidm\u0259tinin komp\u00fcter sistemind\u0259 qeyd\u0259 al\u0131n\u0131b&#8221;.<\/p>\n","protected":false},"excerpt":{"rendered":"<p>S\u0259hiyy\u0259 Nazirliyi t\u0259cili tibbi yard\u0131m avtomobilin hadis\u0259 yerin\u0259 gec g\u0259lm\u0259si bar\u0259d\u0259 m\u0259lumata m\u00fcnasib\u0259t bildirib. ARANTV.AZ\u00a0 x\u0259b\u0259r verir ki, nazirlikd\u0259n\u00a0Trend-\u0259 veril\u0259n m\u0259lumata g\u00f6r\u0259, sosial \u015f\u0259b\u0259k\u0259l\u0259rd\u0259 Nobel prospektind\u0259 avtomobil q\u0259zas\u0131 ba\u015f ver\u0259n \u0259raziy\u0259 t\u0259cili tibbi yard\u0131m avtomobilinin 40 d\u0259qiq\u0259y\u0259 \u00e7atmas\u0131 bar\u0259d\u0259 yay\u0131lan m\u0259lumat h\u0259qiq\u0259t\u0259 uy\u011fun deyil: &#8220;T\u0259cili Tibbi Yard\u0131m\u0131n dispet\u00e7er xidm\u0259tin\u0259 hadis\u0259 il\u0259 \u0259laq\u0259dar ilk \u00e7a\u011f\u0131r\u0131\u015f saat 10:45 daxil olub, saat 11:00-da hadis\u0259 yerin\u0259 \u00e7atan h\u0259kim briqadas\u0131 dispet\u00e7er m\u0259rk\u0259zi il\u0259 \u0259laq\u0259 saxlayaraq, KTM-d\u0259 qapal\u0131 k\u0259ll\u0259 beyin travmas\u0131 alan 21 ya\u015fl\u0131 q\u0131z v\u0259 m\u00fc\u015ft\u0259r\u0259k travmalar\u0131 olan 43 ya\u015fl\u0131 ki\u015fi \u00fc\u00e7\u00fcn yer haz\u0131rlanmas\u0131n\u0131 ist\u0259yib.&hellip;<\/p>\n","protected":false},"author":2,"featured_media":110623,"comment_status":"closed","ping_status":"closed","sticky":false,"template":"","format":"standard","meta":{"om_disable_all_campaigns":false,"_monsterinsights_skip_tracking":false,"_monsterinsights_sitenote_active":false,"_monsterinsights_sitenote_note":"","_monsterinsights_sitenote_category":0},"categories":[1],"tags":[],"aioseo_notices":[],"gutentor_comment":0,"rttpg_featured_image_url":{"full":["https:\/\/arantv.az\/wp-content\/uploads\/2019\/12\/tecili_yardim_05-3.jpg",482,361,false],"landscape":["https:\/\/arantv.az\/wp-content\/uploads\/2019\/12\/tecili_yardim_05-3.jpg",482,361,false],"portraits":["https:\/\/arantv.az\/wp-content\/uploads\/2019\/12\/tecili_yardim_05-3.jpg",482,361,false],"thumbnail":["https:\/\/arantv.az\/wp-content\/uploads\/2019\/12\/tecili_yardim_05-3-150x150.jpg",150,150,true],"medium":["https:\/\/arantv.az\/wp-content\/uploads\/2019\/12\/tecili_yardim_05-3-300x225.jpg",300,225,true],"large":["https:\/\/arantv.az\/wp-content\/uploads\/2019\/12\/tecili_yardim_05-3.jpg",482,361,false],"1536x1536":["https:\/\/arantv.az\/wp-content\/uploads\/2019\/12\/tecili_yardim_05-3.jpg",482,361,false],"2048x2048":["https:\/\/arantv.az\/wp-content\/uploads\/2019\/12\/tecili_yardim_05-3.jpg",482,361,false],"post-thumbnail":["https:\/\/arantv.az\/wp-content\/uploads\/2019\/12\/tecili_yardim_05-3-240x172.jpg",240,172,true],"advps-thumb-one":["https:\/\/arantv.az\/wp-content\/uploads\/2019\/12\/tecili_yardim_05-3.jpg",482,361,false]},"rttpg_author":{"display_name":"V\u00fcsal Rafiqo\u011flu","author_link":"https:\/\/arantv.az\/?author=2"},"rttpg_comment":0,"rttpg_category":"<a href=\"https:\/\/arantv.az\/?cat=1\" rel=\"category\">C\u0259miyy\u0259t<\/a>","rttpg_excerpt":"S\u0259hiyy\u0259 Nazirliyi t\u0259cili tibbi yard\u0131m avtomobilin hadis\u0259 yerin\u0259 gec g\u0259lm\u0259si bar\u0259d\u0259 m\u0259lumata m\u00fcnasib\u0259t bildirib. ARANTV.AZ\u00a0 x\u0259b\u0259r verir ki, nazirlikd\u0259n\u00a0Trend-\u0259 veril\u0259n m\u0259lumata g\u00f6r\u0259, sosial \u015f\u0259b\u0259k\u0259l\u0259rd\u0259 Nobel prospektind\u0259 avtomobil q\u0259zas\u0131 ba\u015f ver\u0259n \u0259raziy\u0259 t\u0259cili tibbi yard\u0131m avtomobilinin 40 d\u0259qiq\u0259y\u0259 \u00e7atmas\u0131 bar\u0259d\u0259 yay\u0131lan m\u0259lumat h\u0259qiq\u0259t\u0259 uy\u011fun deyil: &#8220;T\u0259cili Tibbi Yard\u0131m\u0131n dispet\u00e7er xidm\u0259tin\u0259 hadis\u0259 il\u0259 \u0259laq\u0259dar ilk \u00e7a\u011f\u0131r\u0131\u015f saat&hellip;","_links":{"self":[{"href":"https:\/\/arantv.az\/index.php?rest_route=\/wp\/v2\/posts\/110622"}],"collection":[{"href":"https:\/\/arantv.az\/index.php?rest_route=\/wp\/v2\/posts"}],"about":[{"href":"https:\/\/arantv.az\/index.php?rest_route=\/wp\/v2\/types\/post"}],"author":[{"embeddable":true,"href":"https:\/\/arantv.az\/index.php?rest_route=\/wp\/v2\/users\/2"}],"replies":[{"embeddable":true,"href":"https:\/\/arantv.az\/index.php?rest_route=%2Fwp%2Fv2%2Fcomments&post=110622"}],"version-history":[{"count":0,"href":"https:\/\/arantv.az\/index.php?rest_route=\/wp\/v2\/posts\/110622\/revisions"}],"wp:featuredmedia":[{"embeddable":true,"href":"https:\/\/arantv.az\/index.php?rest_route=\/wp\/v2\/media\/110623"}],"wp:attachment":[{"href":"https:\/\/arantv.az\/index.php?rest_route=%2Fwp%2Fv2%2Fmedia&parent=110622"}],"wp:term":[{"taxonomy":"category","embeddable":true,"href":"https:\/\/arantv.az\/index.php?rest_route=%2Fwp%2Fv2%2Fcategories&post=110622"},{"taxonomy":"post_tag","embeddable":true,"href":"https:\/\/arantv.az\/index.php?rest_route=%2Fwp%2Fv2%2Ftags&post=110622"}],"curies":[{"name":"wp","href":"https:\/\/api.w.org\/{rel}","templated":true}]}}