{"id":11063,"date":"2018-09-04T09:19:32","date_gmt":"2018-09-04T06:19:32","guid":{"rendered":"http:\/\/arantv.az\/?p=11063"},"modified":"2018-09-04T09:19:32","modified_gmt":"2018-09-04T06:19:32","slug":"az%c9%99rbaycanlilar-astanada-biznesmeni-ogurladilar","status":"publish","type":"post","link":"https:\/\/arantv.az\/?p=11063","title":{"rendered":"Az\u0259rbaycanl\u0131lar Astanada biznesmeni o\u011furlad\u0131lar"},"content":{"rendered":"<p>Biznesmenin o\u011furlanmas\u0131nda ittiham olunan\u00a0<strong>\u0130rad\u0259 R\u00fcst\u0259mova<\/strong>Az\u0259rbaycandan ekstradisiya edilib v\u0259 Qazax\u0131stan\u0131n paytaxt\u0131 Astanada h\u0259bsxanada saxlan\u0131l\u0131r.<\/p>\n<p><b>ARANTV.AZ <\/b>oxu.az-a\u00a0istinad\u0259n x\u0259b\u0259r verir ki, R\u00fcst\u0259mova\u00a0qar\u015f\u0131 bir qrup \u015f\u0259xsl\u0259 \u0259lbir olub, insan o\u011furlu\u011funda, el\u0259c\u0259 d\u0259, bir qrup \u015f\u0259xsl\u0259 qabaqcadan \u0259lbir olaraq k\u00fclli miqdarda \u0259mlak \u0259ld\u0259 etm\u0259k m\u0259qs\u0259dil\u0259 h\u0259d\u0259-qorxu il\u0259 pul t\u0259l\u0259b etm\u0259d\u0259 ittiham olunur.<\/p>\n<p>2017-ci ild\u0259 bir m\u00fcdd\u0259t Qazax\u0131standa ya\u015fayan\u00a0<strong>Taner Ayd\u0131n<\/strong>\u00a0v\u0259 onun h\u0259yat yolda\u015f\u0131 \u0130rad\u0259 R\u00fcst\u0259mova Astanada ya\u015fayan t\u00fcrkiy\u0259li biznesmen\u00a0<strong>Dolqun Tepeba\u015f<\/strong>\u0131 o\u011furlamaq q\u0259rar\u0131na g\u0259libl\u0259r. Onlar ist\u0259kl\u0259rini realla\u015fd\u0131rmaq \u00fc\u00e7\u00fcn\u00a0<strong>Elnur R\u00fcst\u0259mov<\/strong>,\u00a0<strong>Baqdan Maqamadov<\/strong>\u00a0v\u0259\u00a0<strong>Bislan Dakayev<\/strong>\u0259 m\u00fcraci\u0259t edib. C\u00fctl\u00fck bildirib ki, Tepeba\u015f onlara 300 min dollar borcludur. H\u0259m\u00e7inin,\u00a0<strong>Vaqif C\u0259laliyev<\/strong>i v\u0259\u00a0<strong>Zemfira F\u0259rhadova<\/strong>n\u0131 da bu i\u015f\u0259 c\u0259lb edibl\u0259r.<\/p>\n<p>Zemfira biznesmenl\u0259\u00a0\u201cUzbe\u00e7ka\u201d kafesind\u0259 iki d\u0259f\u0259 g\u00f6r\u00fc\u015f\u00fcb v\u0259 2017-ci ilin noyabr\u0131nda onu evin\u0259 g\u0259tirib. Bu vaxt d\u0259st\u0259 \u00fczvl\u0259ri Tepeba\u015f\u0131 d\u00f6y\u00fcb v\u0259 \u201cVolkswagen Touareg\u201d avtomobilind\u0259 onu Almat\u0131 vilay\u0259tin\u0259 apar\u0131blar.<\/p>\n<p>Ayd\u0131n Tepeba\u015f\u0131n T\u00fcrkiy\u0259d\u0259 ya\u015fayan qarda\u015f\u0131ndan 1 milyon dollar t\u0259l\u0259b edib. D\u0259st\u0259nin dig\u0259r \u00fczvl\u0259rinin is\u0259 bundan x\u0259b\u0259ri olmay\u0131b, onlar borc g\u00f6t\u00fcr\u00fclm\u00fc\u015f 300 min dollar\u0131 qaytarma\u011f\u0131 t\u0259l\u0259b edibl\u0259r.<\/p>\n<p>Cinay\u0259ti t\u00f6r\u0259tm\u0259kd\u0259 \u0259sas \u015f\u00fcbh\u0259li Taner Ayd\u0131n bar\u0259sind\u0259 axtar\u0131\u015f elan edilib.<\/p>\n<p>Dolqun Tepeba\u015f \u201cKaztur Texnik\u201d \u015firk\u0259tinin ba\u015f direktorudur.<\/p>\n<p>\u0130yulun 30-da \u0130rad\u0259 R\u00fcst\u0259mova Az\u0259rbaycandan Qazax\u0131stana ekstradisiya edilib.<\/p>\n","protected":false},"excerpt":{"rendered":"<p>Biznesmenin o\u011furlanmas\u0131nda ittiham olunan\u00a0\u0130rad\u0259 R\u00fcst\u0259movaAz\u0259rbaycandan ekstradisiya edilib v\u0259 Qazax\u0131stan\u0131n paytaxt\u0131 Astanada h\u0259bsxanada saxlan\u0131l\u0131r. ARANTV.AZ oxu.az-a\u00a0istinad\u0259n x\u0259b\u0259r verir ki, R\u00fcst\u0259mova\u00a0qar\u015f\u0131 bir qrup \u015f\u0259xsl\u0259 \u0259lbir olub, insan o\u011furlu\u011funda, el\u0259c\u0259 d\u0259, bir qrup \u015f\u0259xsl\u0259 qabaqcadan \u0259lbir olaraq k\u00fclli miqdarda \u0259mlak \u0259ld\u0259 etm\u0259k m\u0259qs\u0259dil\u0259 h\u0259d\u0259-qorxu il\u0259 pul t\u0259l\u0259b etm\u0259d\u0259 ittiham olunur. 2017-ci ild\u0259 bir m\u00fcdd\u0259t Qazax\u0131standa ya\u015fayan\u00a0Taner Ayd\u0131n\u00a0v\u0259 onun h\u0259yat yolda\u015f\u0131 \u0130rad\u0259 R\u00fcst\u0259mova Astanada ya\u015fayan t\u00fcrkiy\u0259li biznesmen\u00a0Dolqun Tepeba\u015f\u0131 o\u011furlamaq q\u0259rar\u0131na g\u0259libl\u0259r. Onlar ist\u0259kl\u0259rini realla\u015fd\u0131rmaq \u00fc\u00e7\u00fcn\u00a0Elnur R\u00fcst\u0259mov,\u00a0Baqdan Maqamadov\u00a0v\u0259\u00a0Bislan Dakayev\u0259 m\u00fcraci\u0259t edib. C\u00fctl\u00fck bildirib ki, Tepeba\u015f onlara 300 min dollar borcludur. H\u0259m\u00e7inin,\u00a0Vaqif C\u0259laliyevi v\u0259\u00a0Zemfira F\u0259rhadovan\u0131 da&hellip;<\/p>\n","protected":false},"author":2,"featured_media":11064,"comment_status":"closed","ping_status":"closed","sticky":false,"template":"","format":"standard","meta":{"om_disable_all_campaigns":false,"_monsterinsights_skip_tracking":false,"_monsterinsights_sitenote_active":false,"_monsterinsights_sitenote_note":"","_monsterinsights_sitenote_category":0},"categories":[5],"tags":[],"aioseo_notices":[],"gutentor_comment":0,"rttpg_featured_image_url":{"full":["https:\/\/arantv.az\/wp-content\/uploads\/2018\/09\/og.jpg",620,349,false],"landscape":["https:\/\/arantv.az\/wp-content\/uploads\/2018\/09\/og.jpg",620,349,false],"portraits":["https:\/\/arantv.az\/wp-content\/uploads\/2018\/09\/og.jpg",620,349,false],"thumbnail":["https:\/\/arantv.az\/wp-content\/uploads\/2018\/09\/og-150x150.jpg",150,150,true],"medium":["https:\/\/arantv.az\/wp-content\/uploads\/2018\/09\/og-300x169.jpg",300,169,true],"large":["https:\/\/arantv.az\/wp-content\/uploads\/2018\/09\/og.jpg",620,349,false],"1536x1536":["https:\/\/arantv.az\/wp-content\/uploads\/2018\/09\/og.jpg",620,349,false],"2048x2048":["https:\/\/arantv.az\/wp-content\/uploads\/2018\/09\/og.jpg",620,349,false],"post-thumbnail":["https:\/\/arantv.az\/wp-content\/uploads\/2018\/09\/og-240x172.jpg",240,172,true],"advps-thumb-one":["https:\/\/arantv.az\/wp-content\/uploads\/2018\/09\/og.jpg",620,349,false]},"rttpg_author":{"display_name":"V\u00fcsal Rafiqo\u011flu","author_link":"https:\/\/arantv.az\/?author=2"},"rttpg_comment":0,"rttpg_category":"<a href=\"https:\/\/arantv.az\/?cat=5\" rel=\"category\">Hadis\u0259<\/a>","rttpg_excerpt":"Biznesmenin o\u011furlanmas\u0131nda ittiham olunan\u00a0\u0130rad\u0259 R\u00fcst\u0259movaAz\u0259rbaycandan ekstradisiya edilib v\u0259 Qazax\u0131stan\u0131n paytaxt\u0131 Astanada h\u0259bsxanada saxlan\u0131l\u0131r. ARANTV.AZ oxu.az-a\u00a0istinad\u0259n x\u0259b\u0259r verir ki, R\u00fcst\u0259mova\u00a0qar\u015f\u0131 bir qrup \u015f\u0259xsl\u0259 \u0259lbir olub, insan o\u011furlu\u011funda, el\u0259c\u0259 d\u0259, bir qrup \u015f\u0259xsl\u0259 qabaqcadan \u0259lbir olaraq k\u00fclli miqdarda \u0259mlak \u0259ld\u0259 etm\u0259k m\u0259qs\u0259dil\u0259 h\u0259d\u0259-qorxu il\u0259 pul t\u0259l\u0259b etm\u0259d\u0259 ittiham olunur. 2017-ci ild\u0259 bir m\u00fcdd\u0259t Qazax\u0131standa ya\u015fayan\u00a0Taner Ayd\u0131n\u00a0v\u0259 onun&hellip;","_links":{"self":[{"href":"https:\/\/arantv.az\/index.php?rest_route=\/wp\/v2\/posts\/11063"}],"collection":[{"href":"https:\/\/arantv.az\/index.php?rest_route=\/wp\/v2\/posts"}],"about":[{"href":"https:\/\/arantv.az\/index.php?rest_route=\/wp\/v2\/types\/post"}],"author":[{"embeddable":true,"href":"https:\/\/arantv.az\/index.php?rest_route=\/wp\/v2\/users\/2"}],"replies":[{"embeddable":true,"href":"https:\/\/arantv.az\/index.php?rest_route=%2Fwp%2Fv2%2Fcomments&post=11063"}],"version-history":[{"count":0,"href":"https:\/\/arantv.az\/index.php?rest_route=\/wp\/v2\/posts\/11063\/revisions"}],"wp:featuredmedia":[{"embeddable":true,"href":"https:\/\/arantv.az\/index.php?rest_route=\/wp\/v2\/media\/11064"}],"wp:attachment":[{"href":"https:\/\/arantv.az\/index.php?rest_route=%2Fwp%2Fv2%2Fmedia&parent=11063"}],"wp:term":[{"taxonomy":"category","embeddable":true,"href":"https:\/\/arantv.az\/index.php?rest_route=%2Fwp%2Fv2%2Fcategories&post=11063"},{"taxonomy":"post_tag","embeddable":true,"href":"https:\/\/arantv.az\/index.php?rest_route=%2Fwp%2Fv2%2Ftags&post=11063"}],"curies":[{"name":"wp","href":"https:\/\/api.w.org\/{rel}","templated":true}]}}