{"id":110630,"date":"2019-12-23T12:06:01","date_gmt":"2019-12-23T09:06:01","guid":{"rendered":"http:\/\/arantv.az\/?p=110630"},"modified":"2019-12-23T12:06:01","modified_gmt":"2019-12-23T09:06:01","slug":"kim-n%c9%99-deyirs%c9%99-desin-siqaret-cahilliyin-%c9%99s%c9%99ridir-fazil-mustafa","status":"publish","type":"post","link":"https:\/\/arantv.az\/?p=110630","title":{"rendered":"\u201cKim n\u0259 deyirs\u0259 desin, siqaret cahilliyin \u0259s\u0259ridir\u2026\u201d \u2014 Fazil Mustafa"},"content":{"rendered":"<div class=\"spot\">\u201cAB\u015e Konqresi t\u00fct\u00fcn m\u0259mulatlar\u0131n\u0131 sat\u0131n alma ya\u015f\u0131n\u0131 18-d\u0259n 21-\u0259 qald\u0131ran qanun q\u0259bul etdi. AB\u015e Konqresinin q\u0259bul etdiyi bir s\u0131ra siyasi xarakterli q\u0259rarlara etiraz bildirs\u0259k d\u0259, bu q\u0259rar\u0131n Az\u0259rbaycan \u00fc\u00e7\u00fcn d\u0259 faydal\u0131 olaca\u011f\u0131n\u0131 d\u00fc\u015f\u00fcn\u00fcr\u0259m. Kim n\u0259 deyirs\u0259 desin, siqaret cahilliyin \u0259s\u0259ridir, \u00f6z yarad\u0131l\u0131\u015f mahiyy\u0259ti haqq\u0131nda sa\u011flam bilgisi olan v\u0259 m\u0259suliyy\u0259tli insan ola bilm\u0259z ki, siqaret v\u0259 ya q\u0259lyan alud\u0259\u00e7isi olsun\u201d.<\/div>\n<p><strong>ARANTV.AZ<\/strong>\u00a0 x\u0259b\u0259r verir ki, deputat Fazil Mustafa Az\u0259rbaycanda da AB\u015e-da oldu\u011fu kimi siqaret sat\u0131n alma ya\u015f\u0131n\u0131n 21-\u0259 qald\u0131r\u0131lmas\u0131, enerji i\u00e7kil\u0259rinin qada\u011fan olunmas\u0131, 21 ya\u015f\u0131ndan a\u015fa\u011f\u0131 g\u0259ncl\u0259r\u0259q\u0259lyan \u00e7\u0259kilm\u0259sin\u0259 qada\u011fan olunmas\u0131 bar\u0259d\u0259 qanun q\u0259bul edilm\u0259sinin z\u0259ruriliyini t\u0259klif edib.<\/p>\n<p>O bu bar\u0259d\u0259\u00a0 \u00f6z Facebook s\u0259hif\u0259sind\u0259 yaz\u0131b.<\/p>\n<p>Deputat fikrini bel\u0259 davam etdirib: \u201cG\u0259nc ya\u015flar\u0131nda is\u0259 fors \u00fc\u00e7\u00fcn, yeniyetm\u0259liyin t\u0259sdiqi \u00fc\u00e7\u00fcn m\u0259nims\u0259nil\u0259n bu axmaq v\u0259rdi\u015f sonradan narkomaniyaya ke\u00e7id \u00fc\u00e7\u00fcn m\u00fcnbit \u015f\u0259rait yarad\u0131r. \u0130ki c\u00fcr insan tipinin h\u0259yatda hans\u0131sa fayda qazand\u0131\u011f\u0131n\u0131 e\u015fitm\u0259dim, duymad\u0131m. Bunlardan birincisi narkotik alud\u0259\u00e7isi olanlard\u0131r, ikincisi is\u0259 qumar oynama\u011fa meyl g\u00f6st\u0259r\u0259nl\u0259rdir. Ona g\u00f6r\u0259 d\u0259 bizd\u0259 d\u0259 siqaret sat\u0131n alma ya\u015f\u0131n\u0131n 21-\u0259 qald\u0131r\u0131lmas\u0131, enerji i\u00e7kil\u0259rinin qada\u011fan olunmas\u0131, 21 ya\u015f\u0131ndan a\u015fa\u011f\u0131 g\u0259ncl\u0259r\u0259 q\u0259lyan sat\u0131lmas\u0131n\u0131n qada\u011fan olunmas\u0131n\u0131 n\u0259z\u0259rd\u0259 tutan qanunlar\u0131n q\u0259bul olunmas\u0131n\u0131 z\u0259ruri say\u0131ram\u201d.<br \/>\nOnun s\u00f6zl\u0259rin\u0259 g\u00f6r\u0259, anlay\u0131ram ki, se\u00e7ki \u0259r\u0259f\u0259sind\u0259 bu t\u0259klif bir \u00e7ox insanlar\u0131 naraz\u0131 salacaqd\u0131r, ancaq m\u0259nim n\u0259 se\u00e7kiy\u0259, n\u0259 d\u0259 siyas\u0259t\u0259 g\u00f6r\u0259 ham\u0131n\u0131n xo\u015funa g\u0259l\u0259c\u0259k populist m\u00f6vqe s\u0259rgil\u0259m\u0259k fikrim olmad\u0131, bundan sonra da olmayacaq: \u201cM\u0259n sad\u0259c\u0259 \u00f6z irad\u0259min yetm\u0259diyi davran\u0131\u015flar\u0131 ha\u00e7ansa kims\u0259y\u0259 t\u00f6vsiy\u0259 etm\u0259dim. \u018fsas sa\u011flam g\u0259l\u0259c\u0259yimizdir. \u0130nan\u0131n ki, Qaraba\u011f \u00fc\u00e7\u00fcn f\u0259dakarl\u0131qdan da \u00f6nc\u0259 \u00f6z\u00fcm\u00fcz\u00fc, v\u00fccudumuzu t\u0259rbiy\u0259 etm\u0259k \u00fcz\u0259rind\u0259 d\u00fc\u015f\u00fcnm\u0259liyik\u201d.<\/p>\n<p><em><br \/>\n\u00d6lk\u0259.Az<\/em><\/p>\n","protected":false},"excerpt":{"rendered":"<p>\u201cAB\u015e Konqresi t\u00fct\u00fcn m\u0259mulatlar\u0131n\u0131 sat\u0131n alma ya\u015f\u0131n\u0131 18-d\u0259n 21-\u0259 qald\u0131ran qanun q\u0259bul etdi. AB\u015e Konqresinin q\u0259bul etdiyi bir s\u0131ra siyasi xarakterli q\u0259rarlara etiraz bildirs\u0259k d\u0259, bu q\u0259rar\u0131n Az\u0259rbaycan \u00fc\u00e7\u00fcn d\u0259 faydal\u0131 olaca\u011f\u0131n\u0131 d\u00fc\u015f\u00fcn\u00fcr\u0259m. Kim n\u0259 deyirs\u0259 desin, siqaret cahilliyin \u0259s\u0259ridir, \u00f6z yarad\u0131l\u0131\u015f mahiyy\u0259ti haqq\u0131nda sa\u011flam bilgisi olan v\u0259 m\u0259suliyy\u0259tli insan ola bilm\u0259z ki, siqaret v\u0259 ya q\u0259lyan alud\u0259\u00e7isi olsun\u201d. ARANTV.AZ\u00a0 x\u0259b\u0259r verir ki, deputat Fazil Mustafa Az\u0259rbaycanda da AB\u015e-da oldu\u011fu kimi siqaret sat\u0131n alma ya\u015f\u0131n\u0131n 21-\u0259 qald\u0131r\u0131lmas\u0131, enerji i\u00e7kil\u0259rinin qada\u011fan olunmas\u0131, 21 ya\u015f\u0131ndan a\u015fa\u011f\u0131 g\u0259ncl\u0259r\u0259q\u0259lyan \u00e7\u0259kilm\u0259sin\u0259 qada\u011fan olunmas\u0131 bar\u0259d\u0259 qanun&hellip;<\/p>\n","protected":false},"author":2,"featured_media":110631,"comment_status":"closed","ping_status":"closed","sticky":false,"template":"","format":"standard","meta":{"om_disable_all_campaigns":false,"_monsterinsights_skip_tracking":false,"_monsterinsights_sitenote_active":false,"_monsterinsights_sitenote_note":"","_monsterinsights_sitenote_category":0},"categories":[19],"tags":[],"aioseo_notices":[],"gutentor_comment":0,"rttpg_featured_image_url":{"full":["https:\/\/arantv.az\/wp-content\/uploads\/2019\/12\/fazilmustafa.jpg",620,375,false],"landscape":["https:\/\/arantv.az\/wp-content\/uploads\/2019\/12\/fazilmustafa.jpg",620,375,false],"portraits":["https:\/\/arantv.az\/wp-content\/uploads\/2019\/12\/fazilmustafa.jpg",620,375,false],"thumbnail":["https:\/\/arantv.az\/wp-content\/uploads\/2019\/12\/fazilmustafa-150x150.jpg",150,150,true],"medium":["https:\/\/arantv.az\/wp-content\/uploads\/2019\/12\/fazilmustafa-300x181.jpg",300,181,true],"large":["https:\/\/arantv.az\/wp-content\/uploads\/2019\/12\/fazilmustafa.jpg",620,375,false],"1536x1536":["https:\/\/arantv.az\/wp-content\/uploads\/2019\/12\/fazilmustafa.jpg",620,375,false],"2048x2048":["https:\/\/arantv.az\/wp-content\/uploads\/2019\/12\/fazilmustafa.jpg",620,375,false],"post-thumbnail":["https:\/\/arantv.az\/wp-content\/uploads\/2019\/12\/fazilmustafa-240x172.jpg",240,172,true],"advps-thumb-one":["https:\/\/arantv.az\/wp-content\/uploads\/2019\/12\/fazilmustafa.jpg",620,375,false]},"rttpg_author":{"display_name":"V\u00fcsal Rafiqo\u011flu","author_link":"https:\/\/arantv.az\/?author=2"},"rttpg_comment":0,"rttpg_category":"<a href=\"https:\/\/arantv.az\/?cat=19\" rel=\"category\">G\u00fcnd\u0259m<\/a>","rttpg_excerpt":"\u201cAB\u015e Konqresi t\u00fct\u00fcn m\u0259mulatlar\u0131n\u0131 sat\u0131n alma ya\u015f\u0131n\u0131 18-d\u0259n 21-\u0259 qald\u0131ran qanun q\u0259bul etdi. AB\u015e Konqresinin q\u0259bul etdiyi bir s\u0131ra siyasi xarakterli q\u0259rarlara etiraz bildirs\u0259k d\u0259, bu q\u0259rar\u0131n Az\u0259rbaycan \u00fc\u00e7\u00fcn d\u0259 faydal\u0131 olaca\u011f\u0131n\u0131 d\u00fc\u015f\u00fcn\u00fcr\u0259m. Kim n\u0259 deyirs\u0259 desin, siqaret cahilliyin \u0259s\u0259ridir, \u00f6z yarad\u0131l\u0131\u015f mahiyy\u0259ti haqq\u0131nda sa\u011flam bilgisi olan v\u0259 m\u0259suliyy\u0259tli insan ola bilm\u0259z ki, siqaret v\u0259&hellip;","_links":{"self":[{"href":"https:\/\/arantv.az\/index.php?rest_route=\/wp\/v2\/posts\/110630"}],"collection":[{"href":"https:\/\/arantv.az\/index.php?rest_route=\/wp\/v2\/posts"}],"about":[{"href":"https:\/\/arantv.az\/index.php?rest_route=\/wp\/v2\/types\/post"}],"author":[{"embeddable":true,"href":"https:\/\/arantv.az\/index.php?rest_route=\/wp\/v2\/users\/2"}],"replies":[{"embeddable":true,"href":"https:\/\/arantv.az\/index.php?rest_route=%2Fwp%2Fv2%2Fcomments&post=110630"}],"version-history":[{"count":0,"href":"https:\/\/arantv.az\/index.php?rest_route=\/wp\/v2\/posts\/110630\/revisions"}],"wp:featuredmedia":[{"embeddable":true,"href":"https:\/\/arantv.az\/index.php?rest_route=\/wp\/v2\/media\/110631"}],"wp:attachment":[{"href":"https:\/\/arantv.az\/index.php?rest_route=%2Fwp%2Fv2%2Fmedia&parent=110630"}],"wp:term":[{"taxonomy":"category","embeddable":true,"href":"https:\/\/arantv.az\/index.php?rest_route=%2Fwp%2Fv2%2Fcategories&post=110630"},{"taxonomy":"post_tag","embeddable":true,"href":"https:\/\/arantv.az\/index.php?rest_route=%2Fwp%2Fv2%2Ftags&post=110630"}],"curies":[{"name":"wp","href":"https:\/\/api.w.org\/{rel}","templated":true}]}}