{"id":110646,"date":"2019-12-23T12:23:33","date_gmt":"2019-12-23T09:23:33","guid":{"rendered":"http:\/\/arantv.az\/?p=110646"},"modified":"2019-12-23T12:23:33","modified_gmt":"2019-12-23T09:23:33","slug":"104-yasli-az%c9%99rbaycanli-s%c9%99sverm%c9%99d%c9%99-foto","status":"publish","type":"post","link":"https:\/\/arantv.az\/?p=110646","title":{"rendered":"104 ya\u015fl\u0131 az\u0259rbaycanl\u0131 s\u0259sverm\u0259d\u0259 &#8211; FOTO"},"content":{"rendered":"<p>Qusar rayonunun D\u00fcztahir k\u0259ndinin 104 ya\u015fl\u0131 sakini b\u0259l\u0259diyy\u0259 se\u00e7kil\u0259rin\u0259 s\u0259sverm\u0259d\u0259 i\u015ftirak edib.<\/p>\n<p><strong>ARANTV.AZ<\/strong>\u00a0 x\u0259b\u0259r verir ki, 1915-ci il t\u0259v\u0259ll\u00fcdl\u00fc V\u0259lim\u0259tova Nazirat M\u0259h\u0259mm\u0259d q\u0131z\u0131 s\u0259hh\u0259ti il\u0259 \u0259laq\u0259dar m\u0259nt\u0259q\u0259y\u0259 m\u00fcraci\u0259t ed\u0259r\u0259k, s\u0259s verm\u0259si \u00fc\u00e7\u00fcn \u015f\u0259rait yarad\u0131lmas\u0131n\u0131 xahi\u015f edib.<\/p>\n<p>S\u0259yyar se\u00e7ki qutusunu qeydiyyatda oldu\u011fu 51 sayl\u0131 Qusar se\u00e7ki dair\u0259sinin 20 sayl\u0131 se\u00e7ki m\u0259nt\u0259q\u0259sind\u0259n onun ya\u015fad\u0131\u011f\u0131 \u00fcnvana g\u0259tiribl\u0259r. Se\u00e7diyi namiz\u0259dl\u0259r\u0259 s\u0259s ver\u0259n 104 ya\u015fl\u0131 Nazirat n\u0259n\u0259 xalq\u0131m\u0131za s\u00fclh v\u0259 \u0259min-amanl\u0131q arzulay\u0131b.<\/p>\n<p>Bu vaxtad\u0259k Az\u0259rbaycanda ke\u00e7iril\u0259n se\u00e7kil\u0259rd\u0259 f\u0259al i\u015ftirak ed\u0259n Nazirat V\u0259lim\u0259tovan\u0131n indi ya\u015f\u0131 il\u0259 \u0259laq\u0259dar s\u0259hh\u0259tind\u0259 probleml\u0259r yaran\u0131b. El\u0259 bu s\u0259b\u0259bd\u0259n d\u0259, son ill\u0259rd\u0259 ke\u00e7iril\u0259n se\u00e7kil\u0259rd\u0259 onun ya\u015fad\u0131\u011f\u0131 \u00fcnvana da\u015f\u0131nan se\u00e7ki qutusu g\u0259tirilir. Onun s\u0259kkiz \u00f6vlad\u0131, 18 n\u0259v\u0259si v\u0259 10 n\u0259tic\u0259si var.<\/p>\n<p>51 sayl\u0131 Qusar se\u00e7ki dair\u0259si \u00fczr\u0259 ya\u015f\u0131 100-d\u0259n yuxar\u0131 c\u0259mi iki se\u00e7ici qeyd\u0259 al\u0131n\u0131b. Bu dair\u0259 \u00fczr\u0259 \u00fcmumilikd\u0259 qeyd\u0259 al\u0131nan se\u00e7icil\u0259rin say\u0131 44 min 400 n\u0259f\u0259rdir. Se\u00e7icil\u0259r 25 b\u0259l\u0259diyy\u0259 \u00fczr\u0259 625 namiz\u0259d aras\u0131nda se\u00e7im edir.AZ\u018fRTAC<\/p>\n<div class=\"gallery\">\n<div class=\"gallery-i\"><img src=\"https:\/\/assets.oxu.az\/uploads\/W1siZiIsIjIwMTkvMTIvMjMvMTIvNDgvMjcvZGZjODQ0N2UtNDBkNi00NjI1LWIyYTMtNTVlMWJjMjg3ZTc4L25lbmUuanBlZyJdLFsicCIsImVuY29kZSIsImpwZyIsIi1xdWFsaXR5IDgwIl0sWyJwIiwidGh1bWIiLCI1OTB4NTkwXHUwMDNlIl1d?sha=f83e78ee783e280d\" alt=\"\" \/><\/div>\n<\/div>\n","protected":false},"excerpt":{"rendered":"<p>Qusar rayonunun D\u00fcztahir k\u0259ndinin 104 ya\u015fl\u0131 sakini b\u0259l\u0259diyy\u0259 se\u00e7kil\u0259rin\u0259 s\u0259sverm\u0259d\u0259 i\u015ftirak edib. ARANTV.AZ\u00a0 x\u0259b\u0259r verir ki, 1915-ci il t\u0259v\u0259ll\u00fcdl\u00fc V\u0259lim\u0259tova Nazirat M\u0259h\u0259mm\u0259d q\u0131z\u0131 s\u0259hh\u0259ti il\u0259 \u0259laq\u0259dar m\u0259nt\u0259q\u0259y\u0259 m\u00fcraci\u0259t ed\u0259r\u0259k, s\u0259s verm\u0259si \u00fc\u00e7\u00fcn \u015f\u0259rait yarad\u0131lmas\u0131n\u0131 xahi\u015f edib. S\u0259yyar se\u00e7ki qutusunu qeydiyyatda oldu\u011fu 51 sayl\u0131 Qusar se\u00e7ki dair\u0259sinin 20 sayl\u0131 se\u00e7ki m\u0259nt\u0259q\u0259sind\u0259n onun ya\u015fad\u0131\u011f\u0131 \u00fcnvana g\u0259tiribl\u0259r. Se\u00e7diyi namiz\u0259dl\u0259r\u0259 s\u0259s ver\u0259n 104 ya\u015fl\u0131 Nazirat n\u0259n\u0259 xalq\u0131m\u0131za s\u00fclh v\u0259 \u0259min-amanl\u0131q arzulay\u0131b. Bu vaxtad\u0259k Az\u0259rbaycanda ke\u00e7iril\u0259n se\u00e7kil\u0259rd\u0259 f\u0259al i\u015ftirak ed\u0259n Nazirat V\u0259lim\u0259tovan\u0131n indi ya\u015f\u0131 il\u0259 \u0259laq\u0259dar s\u0259hh\u0259tind\u0259 probleml\u0259r yaran\u0131b. El\u0259 bu s\u0259b\u0259bd\u0259n d\u0259, son ill\u0259rd\u0259&hellip;<\/p>\n","protected":false},"author":2,"featured_media":110647,"comment_status":"closed","ping_status":"closed","sticky":false,"template":"","format":"standard","meta":{"om_disable_all_campaigns":false,"_monsterinsights_skip_tracking":false,"_monsterinsights_sitenote_active":false,"_monsterinsights_sitenote_note":"","_monsterinsights_sitenote_category":0},"categories":[1],"tags":[],"aioseo_notices":[],"gutentor_comment":0,"rttpg_featured_image_url":{"full":["https:\/\/arantv.az\/wp-content\/uploads\/2019\/12\/qusar.jpg",600,375,false],"landscape":["https:\/\/arantv.az\/wp-content\/uploads\/2019\/12\/qusar.jpg",600,375,false],"portraits":["https:\/\/arantv.az\/wp-content\/uploads\/2019\/12\/qusar.jpg",600,375,false],"thumbnail":["https:\/\/arantv.az\/wp-content\/uploads\/2019\/12\/qusar-150x150.jpg",150,150,true],"medium":["https:\/\/arantv.az\/wp-content\/uploads\/2019\/12\/qusar-300x188.jpg",300,188,true],"large":["https:\/\/arantv.az\/wp-content\/uploads\/2019\/12\/qusar.jpg",600,375,false],"1536x1536":["https:\/\/arantv.az\/wp-content\/uploads\/2019\/12\/qusar.jpg",600,375,false],"2048x2048":["https:\/\/arantv.az\/wp-content\/uploads\/2019\/12\/qusar.jpg",600,375,false],"post-thumbnail":["https:\/\/arantv.az\/wp-content\/uploads\/2019\/12\/qusar-240x172.jpg",240,172,true],"advps-thumb-one":["https:\/\/arantv.az\/wp-content\/uploads\/2019\/12\/qusar.jpg",600,375,false]},"rttpg_author":{"display_name":"V\u00fcsal Rafiqo\u011flu","author_link":"https:\/\/arantv.az\/?author=2"},"rttpg_comment":0,"rttpg_category":"<a href=\"https:\/\/arantv.az\/?cat=1\" rel=\"category\">C\u0259miyy\u0259t<\/a>","rttpg_excerpt":"Qusar rayonunun D\u00fcztahir k\u0259ndinin 104 ya\u015fl\u0131 sakini b\u0259l\u0259diyy\u0259 se\u00e7kil\u0259rin\u0259 s\u0259sverm\u0259d\u0259 i\u015ftirak edib. ARANTV.AZ\u00a0 x\u0259b\u0259r verir ki, 1915-ci il t\u0259v\u0259ll\u00fcdl\u00fc V\u0259lim\u0259tova Nazirat M\u0259h\u0259mm\u0259d q\u0131z\u0131 s\u0259hh\u0259ti il\u0259 \u0259laq\u0259dar m\u0259nt\u0259q\u0259y\u0259 m\u00fcraci\u0259t ed\u0259r\u0259k, s\u0259s verm\u0259si \u00fc\u00e7\u00fcn \u015f\u0259rait yarad\u0131lmas\u0131n\u0131 xahi\u015f edib. S\u0259yyar se\u00e7ki qutusunu qeydiyyatda oldu\u011fu 51 sayl\u0131 Qusar se\u00e7ki dair\u0259sinin 20 sayl\u0131 se\u00e7ki m\u0259nt\u0259q\u0259sind\u0259n onun ya\u015fad\u0131\u011f\u0131 \u00fcnvana g\u0259tiribl\u0259r. Se\u00e7diyi&hellip;","_links":{"self":[{"href":"https:\/\/arantv.az\/index.php?rest_route=\/wp\/v2\/posts\/110646"}],"collection":[{"href":"https:\/\/arantv.az\/index.php?rest_route=\/wp\/v2\/posts"}],"about":[{"href":"https:\/\/arantv.az\/index.php?rest_route=\/wp\/v2\/types\/post"}],"author":[{"embeddable":true,"href":"https:\/\/arantv.az\/index.php?rest_route=\/wp\/v2\/users\/2"}],"replies":[{"embeddable":true,"href":"https:\/\/arantv.az\/index.php?rest_route=%2Fwp%2Fv2%2Fcomments&post=110646"}],"version-history":[{"count":0,"href":"https:\/\/arantv.az\/index.php?rest_route=\/wp\/v2\/posts\/110646\/revisions"}],"wp:featuredmedia":[{"embeddable":true,"href":"https:\/\/arantv.az\/index.php?rest_route=\/wp\/v2\/media\/110647"}],"wp:attachment":[{"href":"https:\/\/arantv.az\/index.php?rest_route=%2Fwp%2Fv2%2Fmedia&parent=110646"}],"wp:term":[{"taxonomy":"category","embeddable":true,"href":"https:\/\/arantv.az\/index.php?rest_route=%2Fwp%2Fv2%2Fcategories&post=110646"},{"taxonomy":"post_tag","embeddable":true,"href":"https:\/\/arantv.az\/index.php?rest_route=%2Fwp%2Fv2%2Ftags&post=110646"}],"curies":[{"name":"wp","href":"https:\/\/api.w.org\/{rel}","templated":true}]}}