{"id":110658,"date":"2019-12-23T12:44:49","date_gmt":"2019-12-23T09:44:49","guid":{"rendered":"http:\/\/arantv.az\/?p=110658"},"modified":"2019-12-23T12:44:49","modified_gmt":"2019-12-23T09:44:49","slug":"sumqayitda-seckil%c9%99ri-yerli-v%c9%99-beyn%c9%99lxalq-musahid%c9%99cil%c9%99r-izl%c9%99yirl%c9%99r","status":"publish","type":"post","link":"https:\/\/arantv.az\/?p=110658","title":{"rendered":"Sumqay\u0131tda se\u00e7kil\u0259ri yerli v\u0259 beyn\u0259lxalq m\u00fc\u015fahid\u0259\u00e7il\u0259r izl\u0259yirl\u0259r"},"content":{"rendered":"<p>Dekabr\u0131n 23-d\u0259 saat 8.00-da Sumqay\u0131tda v\u0259 onun tabeliyind\u0259 olan Hac\u0131 Zeynalabdin v\u0259 Corat q\u0259s\u0259b\u0259l\u0259rind\u0259 b\u0259l\u0259diyy\u0259 se\u00e7kil\u0259rind\u0259 s\u0259sverm\u0259y\u0259 start verilib.<\/p>\n<p><strong>ARANTV.AZ<\/strong>\u00a0<a href=\"https:\/\/az.trend.az\/\" target=\"_blank\" rel=\"noopener\">Trend<\/a>-\u0259 istinad\u0259n x\u0259b\u0259r verir ki, se\u00e7kil\u0259r zaman\u0131 \u015f\u0259h\u0259r \u00fczr\u0259 19 yer\u0259 74 n\u0259f\u0259r, Hac\u0131 Zelnalabdin q\u0259s\u0259b\u0259si \u00fczr\u0259 15 yer\u0259 31 n\u0259f\u0259r, Corat q\u0259s\u0259b\u0259si \u00fczr\u0259 13 yer\u0259 28 n\u0259f\u0259r iddia\u00e7\u0131 var. B\u0259l\u0259diyy\u0259 se\u00e7kil\u0259rini izl\u0259m\u0259k \u00fc\u00e7\u00fcn yerli v\u0259 beyn\u0259lxalq m\u00fc\u015fahid\u0259\u00e7il\u0259r d\u0259 akkreditasiyadan ke\u00e7ib.<\/p>\n","protected":false},"excerpt":{"rendered":"<p>Dekabr\u0131n 23-d\u0259 saat 8.00-da Sumqay\u0131tda v\u0259 onun tabeliyind\u0259 olan Hac\u0131 Zeynalabdin v\u0259 Corat q\u0259s\u0259b\u0259l\u0259rind\u0259 b\u0259l\u0259diyy\u0259 se\u00e7kil\u0259rind\u0259 s\u0259sverm\u0259y\u0259 start verilib. ARANTV.AZ\u00a0Trend-\u0259 istinad\u0259n x\u0259b\u0259r verir ki, se\u00e7kil\u0259r zaman\u0131 \u015f\u0259h\u0259r \u00fczr\u0259 19 yer\u0259 74 n\u0259f\u0259r, Hac\u0131 Zelnalabdin q\u0259s\u0259b\u0259si \u00fczr\u0259 15 yer\u0259 31 n\u0259f\u0259r, Corat q\u0259s\u0259b\u0259si \u00fczr\u0259 13 yer\u0259 28 n\u0259f\u0259r iddia\u00e7\u0131 var. B\u0259l\u0259diyy\u0259 se\u00e7kil\u0259rini izl\u0259m\u0259k \u00fc\u00e7\u00fcn yerli v\u0259 beyn\u0259lxalq m\u00fc\u015fahid\u0259\u00e7il\u0259r d\u0259 akkreditasiyadan ke\u00e7ib.<\/p>\n","protected":false},"author":2,"featured_media":110659,"comment_status":"closed","ping_status":"closed","sticky":false,"template":"","format":"standard","meta":{"om_disable_all_campaigns":false,"_monsterinsights_skip_tracking":false,"_monsterinsights_sitenote_active":false,"_monsterinsights_sitenote_note":"","_monsterinsights_sitenote_category":0},"categories":[4],"tags":[],"aioseo_notices":[],"gutentor_comment":0,"rttpg_featured_image_url":{"full":["https:\/\/arantv.az\/wp-content\/uploads\/2019\/12\/812624.jpg",800,600,false],"landscape":["https:\/\/arantv.az\/wp-content\/uploads\/2019\/12\/812624.jpg",800,600,false],"portraits":["https:\/\/arantv.az\/wp-content\/uploads\/2019\/12\/812624.jpg",800,600,false],"thumbnail":["https:\/\/arantv.az\/wp-content\/uploads\/2019\/12\/812624-150x150.jpg",150,150,true],"medium":["https:\/\/arantv.az\/wp-content\/uploads\/2019\/12\/812624-300x225.jpg",300,225,true],"large":["https:\/\/arantv.az\/wp-content\/uploads\/2019\/12\/812624.jpg",640,480,false],"1536x1536":["https:\/\/arantv.az\/wp-content\/uploads\/2019\/12\/812624.jpg",800,600,false],"2048x2048":["https:\/\/arantv.az\/wp-content\/uploads\/2019\/12\/812624.jpg",800,600,false],"post-thumbnail":["https:\/\/arantv.az\/wp-content\/uploads\/2019\/12\/812624-240x172.jpg",240,172,true],"advps-thumb-one":["https:\/\/arantv.az\/wp-content\/uploads\/2019\/12\/812624.jpg",800,600,false]},"rttpg_author":{"display_name":"V\u00fcsal Rafiqo\u011flu","author_link":"https:\/\/arantv.az\/?author=2"},"rttpg_comment":0,"rttpg_category":"<a href=\"https:\/\/arantv.az\/?cat=4\" rel=\"category\">Siyas\u0259t<\/a>","rttpg_excerpt":"Dekabr\u0131n 23-d\u0259 saat 8.00-da Sumqay\u0131tda v\u0259 onun tabeliyind\u0259 olan Hac\u0131 Zeynalabdin v\u0259 Corat q\u0259s\u0259b\u0259l\u0259rind\u0259 b\u0259l\u0259diyy\u0259 se\u00e7kil\u0259rind\u0259 s\u0259sverm\u0259y\u0259 start verilib. ARANTV.AZ\u00a0Trend-\u0259 istinad\u0259n x\u0259b\u0259r verir ki, se\u00e7kil\u0259r zaman\u0131 \u015f\u0259h\u0259r \u00fczr\u0259 19 yer\u0259 74 n\u0259f\u0259r, Hac\u0131 Zelnalabdin q\u0259s\u0259b\u0259si \u00fczr\u0259 15 yer\u0259 31 n\u0259f\u0259r, Corat q\u0259s\u0259b\u0259si \u00fczr\u0259 13 yer\u0259 28 n\u0259f\u0259r iddia\u00e7\u0131 var. B\u0259l\u0259diyy\u0259 se\u00e7kil\u0259rini izl\u0259m\u0259k \u00fc\u00e7\u00fcn yerli v\u0259&hellip;","_links":{"self":[{"href":"https:\/\/arantv.az\/index.php?rest_route=\/wp\/v2\/posts\/110658"}],"collection":[{"href":"https:\/\/arantv.az\/index.php?rest_route=\/wp\/v2\/posts"}],"about":[{"href":"https:\/\/arantv.az\/index.php?rest_route=\/wp\/v2\/types\/post"}],"author":[{"embeddable":true,"href":"https:\/\/arantv.az\/index.php?rest_route=\/wp\/v2\/users\/2"}],"replies":[{"embeddable":true,"href":"https:\/\/arantv.az\/index.php?rest_route=%2Fwp%2Fv2%2Fcomments&post=110658"}],"version-history":[{"count":0,"href":"https:\/\/arantv.az\/index.php?rest_route=\/wp\/v2\/posts\/110658\/revisions"}],"wp:featuredmedia":[{"embeddable":true,"href":"https:\/\/arantv.az\/index.php?rest_route=\/wp\/v2\/media\/110659"}],"wp:attachment":[{"href":"https:\/\/arantv.az\/index.php?rest_route=%2Fwp%2Fv2%2Fmedia&parent=110658"}],"wp:term":[{"taxonomy":"category","embeddable":true,"href":"https:\/\/arantv.az\/index.php?rest_route=%2Fwp%2Fv2%2Fcategories&post=110658"},{"taxonomy":"post_tag","embeddable":true,"href":"https:\/\/arantv.az\/index.php?rest_route=%2Fwp%2Fv2%2Ftags&post=110658"}],"curies":[{"name":"wp","href":"https:\/\/api.w.org\/{rel}","templated":true}]}}