{"id":110680,"date":"2019-12-23T13:12:08","date_gmt":"2019-12-23T10:12:08","guid":{"rendered":"http:\/\/arantv.az\/?p=110680"},"modified":"2019-12-23T13:12:08","modified_gmt":"2019-12-23T10:12:08","slug":"tbilisid%c9%99-az%c9%99rbaycan-v%c9%99-turkiy%c9%99nin-xarici-isl%c9%99r-nazirl%c9%99rinin-gorusu-olub","status":"publish","type":"post","link":"https:\/\/arantv.az\/?p=110680","title":{"rendered":"Tbilisid\u0259 Az\u0259rbaycan v\u0259 T\u00fcrkiy\u0259nin Xarici \u0130\u015fl\u0259r nazirl\u0259rinin g\u00f6r\u00fc\u015f\u00fc olub"},"content":{"rendered":"<p>Tbilisid\u0259 Az\u0259rbaycan\u0131n v\u0259 T\u00fcrkiy\u0259nin Xarici \u0130\u015fl\u0259r nazirl\u0259rinin g\u00f6r\u00fc\u015f\u00fc olub.<\/p>\n<p><strong>ARANTV.AZ<\/strong>\u00a0\u00a0<a href=\"https:\/\/az.trend.az\/\" target=\"_blank\" rel=\"noopener\">Trend<\/a>-\u0259 istinad\u0259n x\u0259b\u0259r verir ki, g\u00f6r\u00fc\u015fd\u0259 ikit\u0259r\u0259fli \u0259m\u0259kda\u015fl\u0131q m\u0259s\u0259l\u0259l\u0259ri m\u00fczakir\u0259 edilib.<\/p>\n<p>T\u0259r\u0259fl\u0259r, eyni zamanda Az\u0259rbaycan, G\u00fcrc\u00fcstan v\u0259 T\u00fcrkiy\u0259nin birg\u0259 i\u015ftirak\u0131 il\u0259 realla\u015fd\u0131r\u0131lan irimiqyasl\u0131 layih\u0259l\u0259ri n\u0259z\u0259rd\u0259n ke\u00e7irib, g\u0259l\u0259c\u0259k \u0259m\u0259kda\u015fl\u0131\u011f\u0131n perspektivl\u0259ri, el\u0259c\u0259 d\u0259 qar\u015f\u0131l\u0131ql\u0131 maraq do\u011furan dig\u0259r m\u0259s\u0259l\u0259l\u0259r \u0259traf\u0131nda fikir m\u00fcbadil\u0259si apar\u0131blar.<\/p>\n","protected":false},"excerpt":{"rendered":"<p>Tbilisid\u0259 Az\u0259rbaycan\u0131n v\u0259 T\u00fcrkiy\u0259nin Xarici \u0130\u015fl\u0259r nazirl\u0259rinin g\u00f6r\u00fc\u015f\u00fc olub. ARANTV.AZ\u00a0\u00a0Trend-\u0259 istinad\u0259n x\u0259b\u0259r verir ki, g\u00f6r\u00fc\u015fd\u0259 ikit\u0259r\u0259fli \u0259m\u0259kda\u015fl\u0131q m\u0259s\u0259l\u0259l\u0259ri m\u00fczakir\u0259 edilib. T\u0259r\u0259fl\u0259r, eyni zamanda Az\u0259rbaycan, G\u00fcrc\u00fcstan v\u0259 T\u00fcrkiy\u0259nin birg\u0259 i\u015ftirak\u0131 il\u0259 realla\u015fd\u0131r\u0131lan irimiqyasl\u0131 layih\u0259l\u0259ri n\u0259z\u0259rd\u0259n ke\u00e7irib, g\u0259l\u0259c\u0259k \u0259m\u0259kda\u015fl\u0131\u011f\u0131n perspektivl\u0259ri, el\u0259c\u0259 d\u0259 qar\u015f\u0131l\u0131ql\u0131 maraq do\u011furan dig\u0259r m\u0259s\u0259l\u0259l\u0259r \u0259traf\u0131nda fikir m\u00fcbadil\u0259si apar\u0131blar.<\/p>\n","protected":false},"author":2,"featured_media":110681,"comment_status":"closed","ping_status":"closed","sticky":false,"template":"","format":"standard","meta":{"om_disable_all_campaigns":false,"_monsterinsights_skip_tracking":false,"_monsterinsights_sitenote_active":false,"_monsterinsights_sitenote_note":"","_monsterinsights_sitenote_category":0},"categories":[4],"tags":[],"aioseo_notices":[],"gutentor_comment":0,"rttpg_featured_image_url":{"full":["https:\/\/arantv.az\/wp-content\/uploads\/2019\/12\/azerbaycan_turkiye_bayragi_025-3.jpg",800,600,false],"landscape":["https:\/\/arantv.az\/wp-content\/uploads\/2019\/12\/azerbaycan_turkiye_bayragi_025-3.jpg",800,600,false],"portraits":["https:\/\/arantv.az\/wp-content\/uploads\/2019\/12\/azerbaycan_turkiye_bayragi_025-3.jpg",800,600,false],"thumbnail":["https:\/\/arantv.az\/wp-content\/uploads\/2019\/12\/azerbaycan_turkiye_bayragi_025-3-150x150.jpg",150,150,true],"medium":["https:\/\/arantv.az\/wp-content\/uploads\/2019\/12\/azerbaycan_turkiye_bayragi_025-3-300x225.jpg",300,225,true],"large":["https:\/\/arantv.az\/wp-content\/uploads\/2019\/12\/azerbaycan_turkiye_bayragi_025-3.jpg",640,480,false],"1536x1536":["https:\/\/arantv.az\/wp-content\/uploads\/2019\/12\/azerbaycan_turkiye_bayragi_025-3.jpg",800,600,false],"2048x2048":["https:\/\/arantv.az\/wp-content\/uploads\/2019\/12\/azerbaycan_turkiye_bayragi_025-3.jpg",800,600,false],"post-thumbnail":["https:\/\/arantv.az\/wp-content\/uploads\/2019\/12\/azerbaycan_turkiye_bayragi_025-3-240x172.jpg",240,172,true],"advps-thumb-one":["https:\/\/arantv.az\/wp-content\/uploads\/2019\/12\/azerbaycan_turkiye_bayragi_025-3.jpg",800,600,false]},"rttpg_author":{"display_name":"V\u00fcsal Rafiqo\u011flu","author_link":"https:\/\/arantv.az\/?author=2"},"rttpg_comment":0,"rttpg_category":"<a href=\"https:\/\/arantv.az\/?cat=4\" rel=\"category\">Siyas\u0259t<\/a>","rttpg_excerpt":"Tbilisid\u0259 Az\u0259rbaycan\u0131n v\u0259 T\u00fcrkiy\u0259nin Xarici \u0130\u015fl\u0259r nazirl\u0259rinin g\u00f6r\u00fc\u015f\u00fc olub. ARANTV.AZ\u00a0\u00a0Trend-\u0259 istinad\u0259n x\u0259b\u0259r verir ki, g\u00f6r\u00fc\u015fd\u0259 ikit\u0259r\u0259fli \u0259m\u0259kda\u015fl\u0131q m\u0259s\u0259l\u0259l\u0259ri m\u00fczakir\u0259 edilib. T\u0259r\u0259fl\u0259r, eyni zamanda Az\u0259rbaycan, G\u00fcrc\u00fcstan v\u0259 T\u00fcrkiy\u0259nin birg\u0259 i\u015ftirak\u0131 il\u0259 realla\u015fd\u0131r\u0131lan irimiqyasl\u0131 layih\u0259l\u0259ri n\u0259z\u0259rd\u0259n ke\u00e7irib, g\u0259l\u0259c\u0259k \u0259m\u0259kda\u015fl\u0131\u011f\u0131n perspektivl\u0259ri, el\u0259c\u0259 d\u0259 qar\u015f\u0131l\u0131ql\u0131 maraq do\u011furan dig\u0259r m\u0259s\u0259l\u0259l\u0259r \u0259traf\u0131nda fikir m\u00fcbadil\u0259si apar\u0131blar.","_links":{"self":[{"href":"https:\/\/arantv.az\/index.php?rest_route=\/wp\/v2\/posts\/110680"}],"collection":[{"href":"https:\/\/arantv.az\/index.php?rest_route=\/wp\/v2\/posts"}],"about":[{"href":"https:\/\/arantv.az\/index.php?rest_route=\/wp\/v2\/types\/post"}],"author":[{"embeddable":true,"href":"https:\/\/arantv.az\/index.php?rest_route=\/wp\/v2\/users\/2"}],"replies":[{"embeddable":true,"href":"https:\/\/arantv.az\/index.php?rest_route=%2Fwp%2Fv2%2Fcomments&post=110680"}],"version-history":[{"count":0,"href":"https:\/\/arantv.az\/index.php?rest_route=\/wp\/v2\/posts\/110680\/revisions"}],"wp:featuredmedia":[{"embeddable":true,"href":"https:\/\/arantv.az\/index.php?rest_route=\/wp\/v2\/media\/110681"}],"wp:attachment":[{"href":"https:\/\/arantv.az\/index.php?rest_route=%2Fwp%2Fv2%2Fmedia&parent=110680"}],"wp:term":[{"taxonomy":"category","embeddable":true,"href":"https:\/\/arantv.az\/index.php?rest_route=%2Fwp%2Fv2%2Fcategories&post=110680"},{"taxonomy":"post_tag","embeddable":true,"href":"https:\/\/arantv.az\/index.php?rest_route=%2Fwp%2Fv2%2Ftags&post=110680"}],"curies":[{"name":"wp","href":"https:\/\/api.w.org\/{rel}","templated":true}]}}