{"id":110684,"date":"2019-12-23T13:27:11","date_gmt":"2019-12-23T10:27:11","guid":{"rendered":"http:\/\/arantv.az\/?p=110684"},"modified":"2019-12-23T13:27:11","modified_gmt":"2019-12-23T10:27:11","slug":"az%c9%99rbaycanda-qadin-surucu-avtomobili-asirdi-iki-n%c9%99f%c9%99r-oldu","status":"publish","type":"post","link":"https:\/\/arantv.az\/?p=110684","title":{"rendered":"Az\u0259rbaycanda qad\u0131n s\u00fcr\u00fcc\u00fc avtomobili a\u015f\u0131rd\u0131: \u0130ki n\u0259f\u0259r \u00f6ld\u00fc"},"content":{"rendered":"<p>Salyan \u015f\u0259h\u0259ri \u0259razisind\u0259 yol-n\u0259qliyyat hadis\u0259si ba\u015f verib.<\/p>\n<p>Daxili \u0130\u015fl\u0259r Nazirliyind\u0259n veril\u0259n m\u0259lumata g\u00f6r\u0259, dekabr\u0131n 21-d\u0259 saat 16 rad\u0259l\u0259rind\u0259 Salyan \u015f\u0259h\u0259ri \u0259razisind\u0259 \u015eirvan \u015f\u0259h\u0259r sakini T\u0259ran\u0259 Hac\u0131yeva idar\u0259 etdiyi \u201cMitsubishi\u201d markal\u0131 avtomobili a\u015f\u0131r\u0131b.<\/p>\n<p>N\u0259tic\u0259d\u0259 s\u00fcr\u00fcc\u00fc v\u0259 s\u0259rni\u015finl\u0259ri olan o\u011flu \u018fl\u0259sg\u0259r, q\u0131z\u0131 \u015e\u00fckriyy\u0259 v\u0259 Salyan \u015f\u0259h\u0259r sakini olan qohumu Zenfira M\u0259mm\u0259dova x\u0259st\u0259xanaya yerl\u0259\u015fdirilib.<\/p>\n<p>Z.M\u0259mm\u0259dova, T.Hac\u0131yeva v\u0259 \u018fl\u0259sg\u0259r orada \u00f6l\u00fcb.<\/p>\n<p>Ba\u015f \u0130stintaq v\u0259 T\u0259hqiqat \u0130dar\u0259si t\u0259r\u0259find\u0259n ara\u015fd\u0131rma apar\u0131l\u0131r.<\/p>\n","protected":false},"excerpt":{"rendered":"<p>Salyan \u015f\u0259h\u0259ri \u0259razisind\u0259 yol-n\u0259qliyyat hadis\u0259si ba\u015f verib. Daxili \u0130\u015fl\u0259r Nazirliyind\u0259n veril\u0259n m\u0259lumata g\u00f6r\u0259, dekabr\u0131n 21-d\u0259 saat 16 rad\u0259l\u0259rind\u0259 Salyan \u015f\u0259h\u0259ri \u0259razisind\u0259 \u015eirvan \u015f\u0259h\u0259r sakini T\u0259ran\u0259 Hac\u0131yeva idar\u0259 etdiyi \u201cMitsubishi\u201d markal\u0131 avtomobili a\u015f\u0131r\u0131b. N\u0259tic\u0259d\u0259 s\u00fcr\u00fcc\u00fc v\u0259 s\u0259rni\u015finl\u0259ri olan o\u011flu \u018fl\u0259sg\u0259r, q\u0131z\u0131 \u015e\u00fckriyy\u0259 v\u0259 Salyan \u015f\u0259h\u0259r sakini olan qohumu Zenfira M\u0259mm\u0259dova x\u0259st\u0259xanaya yerl\u0259\u015fdirilib. Z.M\u0259mm\u0259dova, T.Hac\u0131yeva v\u0259 \u018fl\u0259sg\u0259r orada \u00f6l\u00fcb. Ba\u015f \u0130stintaq v\u0259 T\u0259hqiqat \u0130dar\u0259si t\u0259r\u0259find\u0259n ara\u015fd\u0131rma apar\u0131l\u0131r.<\/p>\n","protected":false},"author":2,"featured_media":110685,"comment_status":"closed","ping_status":"closed","sticky":false,"template":"","format":"standard","meta":{"om_disable_all_campaigns":false,"_monsterinsights_skip_tracking":false,"_monsterinsights_sitenote_active":false,"_monsterinsights_sitenote_note":"","_monsterinsights_sitenote_category":0},"categories":[5],"tags":[],"aioseo_notices":[],"gutentor_comment":0,"rttpg_featured_image_url":{"full":["https:\/\/arantv.az\/wp-content\/uploads\/2019\/12\/1567856488_qeza.jpg",620,462,false],"landscape":["https:\/\/arantv.az\/wp-content\/uploads\/2019\/12\/1567856488_qeza.jpg",620,462,false],"portraits":["https:\/\/arantv.az\/wp-content\/uploads\/2019\/12\/1567856488_qeza.jpg",620,462,false],"thumbnail":["https:\/\/arantv.az\/wp-content\/uploads\/2019\/12\/1567856488_qeza-150x150.jpg",150,150,true],"medium":["https:\/\/arantv.az\/wp-content\/uploads\/2019\/12\/1567856488_qeza-300x224.jpg",300,224,true],"large":["https:\/\/arantv.az\/wp-content\/uploads\/2019\/12\/1567856488_qeza.jpg",620,462,false],"1536x1536":["https:\/\/arantv.az\/wp-content\/uploads\/2019\/12\/1567856488_qeza.jpg",620,462,false],"2048x2048":["https:\/\/arantv.az\/wp-content\/uploads\/2019\/12\/1567856488_qeza.jpg",620,462,false],"post-thumbnail":["https:\/\/arantv.az\/wp-content\/uploads\/2019\/12\/1567856488_qeza-240x172.jpg",240,172,true],"advps-thumb-one":["https:\/\/arantv.az\/wp-content\/uploads\/2019\/12\/1567856488_qeza.jpg",620,462,false]},"rttpg_author":{"display_name":"V\u00fcsal Rafiqo\u011flu","author_link":"https:\/\/arantv.az\/?author=2"},"rttpg_comment":0,"rttpg_category":"<a href=\"https:\/\/arantv.az\/?cat=5\" rel=\"category\">Hadis\u0259<\/a>","rttpg_excerpt":"Salyan \u015f\u0259h\u0259ri \u0259razisind\u0259 yol-n\u0259qliyyat hadis\u0259si ba\u015f verib. Daxili \u0130\u015fl\u0259r Nazirliyind\u0259n veril\u0259n m\u0259lumata g\u00f6r\u0259, dekabr\u0131n 21-d\u0259 saat 16 rad\u0259l\u0259rind\u0259 Salyan \u015f\u0259h\u0259ri \u0259razisind\u0259 \u015eirvan \u015f\u0259h\u0259r sakini T\u0259ran\u0259 Hac\u0131yeva idar\u0259 etdiyi \u201cMitsubishi\u201d markal\u0131 avtomobili a\u015f\u0131r\u0131b. N\u0259tic\u0259d\u0259 s\u00fcr\u00fcc\u00fc v\u0259 s\u0259rni\u015finl\u0259ri olan o\u011flu \u018fl\u0259sg\u0259r, q\u0131z\u0131 \u015e\u00fckriyy\u0259 v\u0259 Salyan \u015f\u0259h\u0259r sakini olan qohumu Zenfira M\u0259mm\u0259dova x\u0259st\u0259xanaya yerl\u0259\u015fdirilib. Z.M\u0259mm\u0259dova, T.Hac\u0131yeva v\u0259 \u018fl\u0259sg\u0259r&hellip;","_links":{"self":[{"href":"https:\/\/arantv.az\/index.php?rest_route=\/wp\/v2\/posts\/110684"}],"collection":[{"href":"https:\/\/arantv.az\/index.php?rest_route=\/wp\/v2\/posts"}],"about":[{"href":"https:\/\/arantv.az\/index.php?rest_route=\/wp\/v2\/types\/post"}],"author":[{"embeddable":true,"href":"https:\/\/arantv.az\/index.php?rest_route=\/wp\/v2\/users\/2"}],"replies":[{"embeddable":true,"href":"https:\/\/arantv.az\/index.php?rest_route=%2Fwp%2Fv2%2Fcomments&post=110684"}],"version-history":[{"count":0,"href":"https:\/\/arantv.az\/index.php?rest_route=\/wp\/v2\/posts\/110684\/revisions"}],"wp:featuredmedia":[{"embeddable":true,"href":"https:\/\/arantv.az\/index.php?rest_route=\/wp\/v2\/media\/110685"}],"wp:attachment":[{"href":"https:\/\/arantv.az\/index.php?rest_route=%2Fwp%2Fv2%2Fmedia&parent=110684"}],"wp:term":[{"taxonomy":"category","embeddable":true,"href":"https:\/\/arantv.az\/index.php?rest_route=%2Fwp%2Fv2%2Fcategories&post=110684"},{"taxonomy":"post_tag","embeddable":true,"href":"https:\/\/arantv.az\/index.php?rest_route=%2Fwp%2Fv2%2Ftags&post=110684"}],"curies":[{"name":"wp","href":"https:\/\/api.w.org\/{rel}","templated":true}]}}