{"id":110696,"date":"2019-12-23T13:48:03","date_gmt":"2019-12-23T10:48:03","guid":{"rendered":"http:\/\/arantv.az\/?p=110696"},"modified":"2019-12-23T13:48:03","modified_gmt":"2019-12-23T10:48:03","slug":"m%c9%99zahir-p%c9%99nahov-%c9%99limizd%c9%99n-g%c9%99l%c9%99ni-etmisik-ki-qurgularin-istifad%c9%99si-il%c9%99-bagli-hec-bir-problem-olmasin","status":"publish","type":"post","link":"https:\/\/arantv.az\/?p=110696","title":{"rendered":"M\u0259zahir P\u0259nahov: &#8220;\u018flimizd\u0259n g\u0259l\u0259ni etmi\u015fik ki, qur\u011fular\u0131n istifad\u0259si il\u0259 ba\u011fl\u0131 he\u00e7 bir problem olmas\u0131n&#8221;"},"content":{"rendered":"<p><strong>B\u0259l\u0259diyy\u0259 se\u00e7kil\u0259rind\u0259 yeni n\u0259sil \u015f\u0259xsiyy\u0259t v\u0259siq\u0259l\u0259rinin oxunmas\u0131 ilk d\u0259f\u0259 h\u0259yata ke\u00e7irilir. Ona g\u00f6r\u0259 d\u0259 h\u0259r hans\u0131 \u00e7at\u0131\u015fmazl\u0131\u011f\u0131n olmamas\u0131 \u00fc\u00e7\u00fcn ara\u015fd\u0131rma aparm\u0131\u015f\u0131q.<\/strong><\/p>\n<p><strong>ARANTV.AZ<\/strong>\u00a0\u00a0<a href=\"http:\/\/az.trend.az\/\" target=\"_blank\" rel=\"noopener\">Trend<\/a>-\u0259 istinad\u0259n bildirir ki,\u00a0bunu M\u0259rk\u0259zi Se\u00e7ki Komissiyas\u0131n\u0131n (MSK) s\u0259dri M\u0259zahir P\u0259nahov jurnalistl\u0259r\u0259 a\u00e7\u0131qlamas\u0131nda deyib.<\/p>\n<p>Onun s\u00f6zl\u0259rin\u0259 g\u00f6r\u0259, yeni n\u0259sil \u015f\u0259xsiyy\u0259t v\u0259siq\u0259l\u0259rinin t\u0259tbiqi il\u0259 ba\u011fl\u0131 h\u0259l\u0259 ki, he\u00e7 bir \u015fikay\u0259t daxil olmay\u0131b: &#8220;Bizim hesablamalar\u0131m\u0131za g\u00f6r\u0259, yeni n\u0259sil \u015f\u0259xsiyy\u0259t v\u0259siq\u0259l\u0259rinin istifad\u0259si il\u0259 ba\u011fl\u0131 he\u00e7 bir problem \u00e7\u0131xmamal\u0131d\u0131r. M\u0259lumatlar\u0131n oxunmas\u0131 \u00fc\u00e7\u00fcn dair\u0259 v\u0259 se\u00e7ki m\u0259nt\u0259q\u0259l\u0259rin\u0259 g\u00f6nd\u0259rdiyimiz qur\u011fulardan istifad\u0259 \u00e7ox sad\u0259dir. Buna g\u00f6r\u0259 ondan istifad\u0259 il\u0259 ba\u011fl\u0131 he\u00e7 bir problem ola bilm\u0259z. Amma se\u00e7kid\u0259 m\u00fc\u0259yy\u0259n maraql\u0131 t\u0259r\u0259fl\u0259r oldu\u011fu \u00fc\u00e7\u00fcn (bu, d\u00fcnyan\u0131n b\u00fct\u00fcn yerl\u0259rind\u0259 bel\u0259dir) onlar m\u00fc\u0259yy\u0259n hallar\u0131 \u015fi\u015fird\u0259 bil\u0259rl\u0259r. \u018flimizd\u0259n g\u0259l\u0259ni etmi\u015fik ki, bu qur\u011fular\u0131n istifad\u0259si il\u0259 ba\u011fl\u0131 he\u00e7 bir problem olmas\u0131n&#8221;.<\/p>\n<p>M.P\u0259nahov \u0259lav\u0259 edib ki, se\u00e7ki m\u0259nt\u0259q\u0259l\u0259ri \u0259n y\u00fcks\u0259k s\u0259viyy\u0259d\u0259 se\u00e7kil\u0259rin ke\u00e7irilm\u0259sin\u0259 haz\u0131rd\u0131r.<\/p>\n<p>Onun s\u00f6zl\u0259rin\u0259 g\u00f6r\u0259, Az\u0259rbaycan se\u00e7icisinin \u00f6z Konstitusiya h\u00fcquqlar\u0131n\u0131n h\u0259yata ke\u00e7irilm\u0259si \u00fc\u00e7\u00fcn h\u0259r bir \u015f\u0259rait yarad\u0131l\u0131b.<\/p>\n","protected":false},"excerpt":{"rendered":"<p>B\u0259l\u0259diyy\u0259 se\u00e7kil\u0259rind\u0259 yeni n\u0259sil \u015f\u0259xsiyy\u0259t v\u0259siq\u0259l\u0259rinin oxunmas\u0131 ilk d\u0259f\u0259 h\u0259yata ke\u00e7irilir. Ona g\u00f6r\u0259 d\u0259 h\u0259r hans\u0131 \u00e7at\u0131\u015fmazl\u0131\u011f\u0131n olmamas\u0131 \u00fc\u00e7\u00fcn ara\u015fd\u0131rma aparm\u0131\u015f\u0131q. ARANTV.AZ\u00a0\u00a0Trend-\u0259 istinad\u0259n bildirir ki,\u00a0bunu M\u0259rk\u0259zi Se\u00e7ki Komissiyas\u0131n\u0131n (MSK) s\u0259dri M\u0259zahir P\u0259nahov jurnalistl\u0259r\u0259 a\u00e7\u0131qlamas\u0131nda deyib. Onun s\u00f6zl\u0259rin\u0259 g\u00f6r\u0259, yeni n\u0259sil \u015f\u0259xsiyy\u0259t v\u0259siq\u0259l\u0259rinin t\u0259tbiqi il\u0259 ba\u011fl\u0131 h\u0259l\u0259 ki, he\u00e7 bir \u015fikay\u0259t daxil olmay\u0131b: &#8220;Bizim hesablamalar\u0131m\u0131za g\u00f6r\u0259, yeni n\u0259sil \u015f\u0259xsiyy\u0259t v\u0259siq\u0259l\u0259rinin istifad\u0259si il\u0259 ba\u011fl\u0131 he\u00e7 bir problem \u00e7\u0131xmamal\u0131d\u0131r. M\u0259lumatlar\u0131n oxunmas\u0131 \u00fc\u00e7\u00fcn dair\u0259 v\u0259 se\u00e7ki m\u0259nt\u0259q\u0259l\u0259rin\u0259 g\u00f6nd\u0259rdiyimiz qur\u011fulardan istifad\u0259 \u00e7ox sad\u0259dir. Buna g\u00f6r\u0259 ondan istifad\u0259 il\u0259 ba\u011fl\u0131 he\u00e7 bir problem ola bilm\u0259z. Amma&hellip;<\/p>\n","protected":false},"author":2,"featured_media":110697,"comment_status":"closed","ping_status":"closed","sticky":false,"template":"","format":"standard","meta":{"om_disable_all_campaigns":false,"_monsterinsights_skip_tracking":false,"_monsterinsights_sitenote_active":false,"_monsterinsights_sitenote_note":"","_monsterinsights_sitenote_category":0},"categories":[4],"tags":[],"aioseo_notices":[],"gutentor_comment":0,"rttpg_featured_image_url":{"full":["https:\/\/arantv.az\/wp-content\/uploads\/2019\/12\/812701.jpg",800,450,false],"landscape":["https:\/\/arantv.az\/wp-content\/uploads\/2019\/12\/812701.jpg",800,450,false],"portraits":["https:\/\/arantv.az\/wp-content\/uploads\/2019\/12\/812701.jpg",800,450,false],"thumbnail":["https:\/\/arantv.az\/wp-content\/uploads\/2019\/12\/812701-150x150.jpg",150,150,true],"medium":["https:\/\/arantv.az\/wp-content\/uploads\/2019\/12\/812701-300x169.jpg",300,169,true],"large":["https:\/\/arantv.az\/wp-content\/uploads\/2019\/12\/812701.jpg",640,360,false],"1536x1536":["https:\/\/arantv.az\/wp-content\/uploads\/2019\/12\/812701.jpg",800,450,false],"2048x2048":["https:\/\/arantv.az\/wp-content\/uploads\/2019\/12\/812701.jpg",800,450,false],"post-thumbnail":["https:\/\/arantv.az\/wp-content\/uploads\/2019\/12\/812701-240x172.jpg",240,172,true],"advps-thumb-one":["https:\/\/arantv.az\/wp-content\/uploads\/2019\/12\/812701.jpg",800,450,false]},"rttpg_author":{"display_name":"V\u00fcsal Rafiqo\u011flu","author_link":"https:\/\/arantv.az\/?author=2"},"rttpg_comment":0,"rttpg_category":"<a href=\"https:\/\/arantv.az\/?cat=4\" rel=\"category\">Siyas\u0259t<\/a>","rttpg_excerpt":"B\u0259l\u0259diyy\u0259 se\u00e7kil\u0259rind\u0259 yeni n\u0259sil \u015f\u0259xsiyy\u0259t v\u0259siq\u0259l\u0259rinin oxunmas\u0131 ilk d\u0259f\u0259 h\u0259yata ke\u00e7irilir. Ona g\u00f6r\u0259 d\u0259 h\u0259r hans\u0131 \u00e7at\u0131\u015fmazl\u0131\u011f\u0131n olmamas\u0131 \u00fc\u00e7\u00fcn ara\u015fd\u0131rma aparm\u0131\u015f\u0131q. ARANTV.AZ\u00a0\u00a0Trend-\u0259 istinad\u0259n bildirir ki,\u00a0bunu M\u0259rk\u0259zi Se\u00e7ki Komissiyas\u0131n\u0131n (MSK) s\u0259dri M\u0259zahir P\u0259nahov jurnalistl\u0259r\u0259 a\u00e7\u0131qlamas\u0131nda deyib. Onun s\u00f6zl\u0259rin\u0259 g\u00f6r\u0259, yeni n\u0259sil \u015f\u0259xsiyy\u0259t v\u0259siq\u0259l\u0259rinin t\u0259tbiqi il\u0259 ba\u011fl\u0131 h\u0259l\u0259 ki, he\u00e7 bir \u015fikay\u0259t daxil olmay\u0131b: &#8220;Bizim hesablamalar\u0131m\u0131za g\u00f6r\u0259,&hellip;","_links":{"self":[{"href":"https:\/\/arantv.az\/index.php?rest_route=\/wp\/v2\/posts\/110696"}],"collection":[{"href":"https:\/\/arantv.az\/index.php?rest_route=\/wp\/v2\/posts"}],"about":[{"href":"https:\/\/arantv.az\/index.php?rest_route=\/wp\/v2\/types\/post"}],"author":[{"embeddable":true,"href":"https:\/\/arantv.az\/index.php?rest_route=\/wp\/v2\/users\/2"}],"replies":[{"embeddable":true,"href":"https:\/\/arantv.az\/index.php?rest_route=%2Fwp%2Fv2%2Fcomments&post=110696"}],"version-history":[{"count":0,"href":"https:\/\/arantv.az\/index.php?rest_route=\/wp\/v2\/posts\/110696\/revisions"}],"wp:featuredmedia":[{"embeddable":true,"href":"https:\/\/arantv.az\/index.php?rest_route=\/wp\/v2\/media\/110697"}],"wp:attachment":[{"href":"https:\/\/arantv.az\/index.php?rest_route=%2Fwp%2Fv2%2Fmedia&parent=110696"}],"wp:term":[{"taxonomy":"category","embeddable":true,"href":"https:\/\/arantv.az\/index.php?rest_route=%2Fwp%2Fv2%2Fcategories&post=110696"},{"taxonomy":"post_tag","embeddable":true,"href":"https:\/\/arantv.az\/index.php?rest_route=%2Fwp%2Fv2%2Ftags&post=110696"}],"curies":[{"name":"wp","href":"https:\/\/api.w.org\/{rel}","templated":true}]}}