{"id":11075,"date":"2018-09-04T09:26:11","date_gmt":"2018-09-04T06:26:11","guid":{"rendered":"http:\/\/arantv.az\/?p=11075"},"modified":"2018-09-04T09:26:11","modified_gmt":"2018-09-04T06:26:11","slug":"interpolun-axtardigi-dagistanli-bakida-saxlanildi","status":"publish","type":"post","link":"https:\/\/arantv.az\/?p=11075","title":{"rendered":"\u0130nterpolun axtard\u0131\u011f\u0131 da\u011f\u0131stanl\u0131 Bak\u0131da saxlan\u0131ld\u0131"},"content":{"rendered":"<p>Az\u0259rbaycan S\u0259rh\u0259d Xidm\u0259tinin \u0259m\u0259kda\u015flar\u0131 Bak\u0131 aeroportunda Rusiya X\u00fcsuxi Xidm\u0259t Orqanlar\u0131 t\u0259r\u0259find\u0259n beyn\u0259lxalq axtar\u0131\u015fa veril\u0259n 37 ya\u015fl\u0131 Maha\u00e7qala sakini\u00a0<strong>R\u00fcst\u0259m \u018fmirov<\/strong>u saxlay\u0131b.<\/p>\n<p><strong>ARANTV.AZ\u00a0\u00a0<\/strong>x\u0259b\u0259r verir ki, bununla ba\u011fl\u0131 \u201cKavkaz.Realiya\u201d n\u0259\u015fri saxlan\u0131lan\u0131n qohumuna istinadla m\u0259lumat yay\u0131b.<\/p>\n<p>\u201c\u0130stanbula u\u00e7an zaman saxlan\u0131l\u0131b. O, terror t\u0259\u015fkilat\u0131na \u00fczvl\u00fck ittiham\u0131 il\u0259 \u0130nterpol vasit\u0259sil\u0259 axtar\u0131\u015fa verilib\u201d, &#8211; \u018fmirovun qohumu deyib.<\/p>\n<p>\u0130\u015f adam\u0131 R\u00fcst\u0259m \u018fmirov 2016-c\u0131 ild\u0259 Rusiya \u0259razisini t\u0259rk edib, bir m\u00fcdd\u0259t Az\u0259rbaycanda ya\u015fay\u0131b, 2017-ci ild\u0259 is\u0259 Ukraynaya k\u00f6\u00e7\u00fcb. 2018-ci ilin iyulunda \u015f\u0259xsi firmas\u0131n\u0131n i\u015fi il\u0259 \u0259laq\u0259dar Az\u0259rbaycana g\u0259lib.<\/p>\n<p>oxu.az<\/p>\n","protected":false},"excerpt":{"rendered":"<p>Az\u0259rbaycan S\u0259rh\u0259d Xidm\u0259tinin \u0259m\u0259kda\u015flar\u0131 Bak\u0131 aeroportunda Rusiya X\u00fcsuxi Xidm\u0259t Orqanlar\u0131 t\u0259r\u0259find\u0259n beyn\u0259lxalq axtar\u0131\u015fa veril\u0259n 37 ya\u015fl\u0131 Maha\u00e7qala sakini\u00a0R\u00fcst\u0259m \u018fmirovu saxlay\u0131b. ARANTV.AZ\u00a0\u00a0x\u0259b\u0259r verir ki, bununla ba\u011fl\u0131 \u201cKavkaz.Realiya\u201d n\u0259\u015fri saxlan\u0131lan\u0131n qohumuna istinadla m\u0259lumat yay\u0131b. \u201c\u0130stanbula u\u00e7an zaman saxlan\u0131l\u0131b. O, terror t\u0259\u015fkilat\u0131na \u00fczvl\u00fck ittiham\u0131 il\u0259 \u0130nterpol vasit\u0259sil\u0259 axtar\u0131\u015fa verilib\u201d, &#8211; \u018fmirovun qohumu deyib. \u0130\u015f adam\u0131 R\u00fcst\u0259m \u018fmirov 2016-c\u0131 ild\u0259 Rusiya \u0259razisini t\u0259rk edib, bir m\u00fcdd\u0259t Az\u0259rbaycanda ya\u015fay\u0131b, 2017-ci ild\u0259 is\u0259 Ukraynaya k\u00f6\u00e7\u00fcb. 2018-ci ilin iyulunda \u015f\u0259xsi firmas\u0131n\u0131n i\u015fi il\u0259 \u0259laq\u0259dar Az\u0259rbaycana g\u0259lib. oxu.az<\/p>\n","protected":false},"author":2,"featured_media":11076,"comment_status":"closed","ping_status":"closed","sticky":false,"template":"","format":"standard","meta":{"om_disable_all_campaigns":false,"_monsterinsights_skip_tracking":false,"_monsterinsights_sitenote_active":false,"_monsterinsights_sitenote_note":"","_monsterinsights_sitenote_category":0},"categories":[5],"tags":[],"aioseo_notices":[],"gutentor_comment":0,"rttpg_featured_image_url":{"full":["https:\/\/arantv.az\/wp-content\/uploads\/2018\/09\/original.jpg",620,452,false],"landscape":["https:\/\/arantv.az\/wp-content\/uploads\/2018\/09\/original.jpg",620,452,false],"portraits":["https:\/\/arantv.az\/wp-content\/uploads\/2018\/09\/original.jpg",620,452,false],"thumbnail":["https:\/\/arantv.az\/wp-content\/uploads\/2018\/09\/original-150x150.jpg",150,150,true],"medium":["https:\/\/arantv.az\/wp-content\/uploads\/2018\/09\/original-300x219.jpg",300,219,true],"large":["https:\/\/arantv.az\/wp-content\/uploads\/2018\/09\/original.jpg",620,452,false],"1536x1536":["https:\/\/arantv.az\/wp-content\/uploads\/2018\/09\/original.jpg",620,452,false],"2048x2048":["https:\/\/arantv.az\/wp-content\/uploads\/2018\/09\/original.jpg",620,452,false],"post-thumbnail":["https:\/\/arantv.az\/wp-content\/uploads\/2018\/09\/original-240x172.jpg",240,172,true],"advps-thumb-one":["https:\/\/arantv.az\/wp-content\/uploads\/2018\/09\/original.jpg",620,452,false]},"rttpg_author":{"display_name":"V\u00fcsal Rafiqo\u011flu","author_link":"https:\/\/arantv.az\/?author=2"},"rttpg_comment":0,"rttpg_category":"<a href=\"https:\/\/arantv.az\/?cat=5\" rel=\"category\">Hadis\u0259<\/a>","rttpg_excerpt":"Az\u0259rbaycan S\u0259rh\u0259d Xidm\u0259tinin \u0259m\u0259kda\u015flar\u0131 Bak\u0131 aeroportunda Rusiya X\u00fcsuxi Xidm\u0259t Orqanlar\u0131 t\u0259r\u0259find\u0259n beyn\u0259lxalq axtar\u0131\u015fa veril\u0259n 37 ya\u015fl\u0131 Maha\u00e7qala sakini\u00a0R\u00fcst\u0259m \u018fmirovu saxlay\u0131b. ARANTV.AZ\u00a0\u00a0x\u0259b\u0259r verir ki, bununla ba\u011fl\u0131 \u201cKavkaz.Realiya\u201d n\u0259\u015fri saxlan\u0131lan\u0131n qohumuna istinadla m\u0259lumat yay\u0131b. \u201c\u0130stanbula u\u00e7an zaman saxlan\u0131l\u0131b. O, terror t\u0259\u015fkilat\u0131na \u00fczvl\u00fck ittiham\u0131 il\u0259 \u0130nterpol vasit\u0259sil\u0259 axtar\u0131\u015fa verilib\u201d, &#8211; \u018fmirovun qohumu deyib. \u0130\u015f adam\u0131 R\u00fcst\u0259m \u018fmirov 2016-c\u0131&hellip;","_links":{"self":[{"href":"https:\/\/arantv.az\/index.php?rest_route=\/wp\/v2\/posts\/11075"}],"collection":[{"href":"https:\/\/arantv.az\/index.php?rest_route=\/wp\/v2\/posts"}],"about":[{"href":"https:\/\/arantv.az\/index.php?rest_route=\/wp\/v2\/types\/post"}],"author":[{"embeddable":true,"href":"https:\/\/arantv.az\/index.php?rest_route=\/wp\/v2\/users\/2"}],"replies":[{"embeddable":true,"href":"https:\/\/arantv.az\/index.php?rest_route=%2Fwp%2Fv2%2Fcomments&post=11075"}],"version-history":[{"count":0,"href":"https:\/\/arantv.az\/index.php?rest_route=\/wp\/v2\/posts\/11075\/revisions"}],"wp:featuredmedia":[{"embeddable":true,"href":"https:\/\/arantv.az\/index.php?rest_route=\/wp\/v2\/media\/11076"}],"wp:attachment":[{"href":"https:\/\/arantv.az\/index.php?rest_route=%2Fwp%2Fv2%2Fmedia&parent=11075"}],"wp:term":[{"taxonomy":"category","embeddable":true,"href":"https:\/\/arantv.az\/index.php?rest_route=%2Fwp%2Fv2%2Fcategories&post=11075"},{"taxonomy":"post_tag","embeddable":true,"href":"https:\/\/arantv.az\/index.php?rest_route=%2Fwp%2Fv2%2Ftags&post=11075"}],"curies":[{"name":"wp","href":"https:\/\/api.w.org\/{rel}","templated":true}]}}