{"id":110843,"date":"2019-12-23T16:45:04","date_gmt":"2019-12-23T13:45:04","guid":{"rendered":"http:\/\/arantv.az\/?p=110843"},"modified":"2019-12-23T16:45:04","modified_gmt":"2019-12-23T13:45:04","slug":"m%c9%99mm%c9%99dyarov-zalkaliani-gorusund%c9%99-n%c9%99l%c9%99r-muzakir%c9%99-edildi","status":"publish","type":"post","link":"https:\/\/arantv.az\/?p=110843","title":{"rendered":"M\u0259mm\u0259dyarov-Zalkaliani g\u00f6r\u00fc\u015f\u00fcnd\u0259 n\u0259l\u0259r m\u00fczakir\u0259 edildi?"},"content":{"rendered":"<p>Tbilisid\u0259 Az\u0259rbaycan\u0131n Xarici \u0130\u015fl\u0259r naziri Elmar M\u0259mm\u0259dyarovla g\u00fcrc\u00fcstanl\u0131 h\u0259mkar\u0131 David Zalkaliani aras\u0131nda ikit\u0259r\u0259fli g\u00f6r\u00fc\u015f ke\u00e7irilib.<\/p>\n<p><b>ARANTV.AZ<\/b>-\u0131n m\u0259lumat\u0131na g\u00f6r\u0259, g\u00f6r\u00fc\u015f Az\u0259rbaycan, G\u00fcrc\u00fcstan v\u0259 T\u00fcrkiy\u0259 Xarici \u0130\u015fl\u0259r nazirl\u0259rinin s\u0259kkizinci \u00fc\u00e7t\u0259r\u0259fli g\u00f6r\u00fc\u015f\u00fc \u00e7\u0259r\u00e7iv\u0259sind\u0259 ba\u015f tutub.<\/p>\n<p>G\u00f6r\u00fc\u015f \u0259snas\u0131nda ikit\u0259r\u0259fli v\u0259 \u00e7oxt\u0259r\u0259fli \u0259m\u0259kda\u015fl\u0131q g\u00fcnd\u0259liyin\u0259 aid m\u0259s\u0259l\u0259l\u0259r \u0259traf\u0131nda geni\u015f fikir m\u00fcbadil\u0259si apar\u0131l\u0131b.<\/p>\n<div id=\"AdviadNativeVideo0\" class=\"AdviadNativeVideo\"><\/div>\n<p>Xarici \u0130\u015fl\u0259r nazirl\u0259ri regionda ba\u015f ver\u0259n m\u00fch\u00fcm m\u0259s\u0259l\u0259l\u0259ri d\u0259 m\u00fczakir\u0259 edibl\u0259r.<\/p>\n<p>\u0130ki \u00f6lk\u0259 aras\u0131nda H\u00f6kum\u0259tl\u0259raras\u0131 \u0130qtisadi Komissiyan\u0131n n\u00f6vb\u0259ti iclas\u0131n\u0131n ke\u00e7irilm\u0259sinin \u0259h\u0259miyy\u0259ti vur\u011fulan\u0131b.<\/p>\n<p>G\u00f6r\u00fc\u015fd\u0259 Az\u0259rbaycan, G\u00fcrc\u00fcstan v\u0259 T\u00fcrkiy\u0259nin i\u015ftirak\u0131 il\u0259 ticar\u0259t, iqtisadiyyat, n\u0259qliyyat v\u0259 enerji sah\u0259l\u0259rind\u0259 \u0259m\u0259kda\u015fl\u0131q m\u0259s\u0259l\u0259l\u0259ri d\u0259 m\u00fczakir\u0259 m\u00f6vzusu olub.Oxu.Az<\/p>\n","protected":false},"excerpt":{"rendered":"<p>Tbilisid\u0259 Az\u0259rbaycan\u0131n Xarici \u0130\u015fl\u0259r naziri Elmar M\u0259mm\u0259dyarovla g\u00fcrc\u00fcstanl\u0131 h\u0259mkar\u0131 David Zalkaliani aras\u0131nda ikit\u0259r\u0259fli g\u00f6r\u00fc\u015f ke\u00e7irilib. ARANTV.AZ-\u0131n m\u0259lumat\u0131na g\u00f6r\u0259, g\u00f6r\u00fc\u015f Az\u0259rbaycan, G\u00fcrc\u00fcstan v\u0259 T\u00fcrkiy\u0259 Xarici \u0130\u015fl\u0259r nazirl\u0259rinin s\u0259kkizinci \u00fc\u00e7t\u0259r\u0259fli g\u00f6r\u00fc\u015f\u00fc \u00e7\u0259r\u00e7iv\u0259sind\u0259 ba\u015f tutub. G\u00f6r\u00fc\u015f \u0259snas\u0131nda ikit\u0259r\u0259fli v\u0259 \u00e7oxt\u0259r\u0259fli \u0259m\u0259kda\u015fl\u0131q g\u00fcnd\u0259liyin\u0259 aid m\u0259s\u0259l\u0259l\u0259r \u0259traf\u0131nda geni\u015f fikir m\u00fcbadil\u0259si apar\u0131l\u0131b. Xarici \u0130\u015fl\u0259r nazirl\u0259ri regionda ba\u015f ver\u0259n m\u00fch\u00fcm m\u0259s\u0259l\u0259l\u0259ri d\u0259 m\u00fczakir\u0259 edibl\u0259r. \u0130ki \u00f6lk\u0259 aras\u0131nda H\u00f6kum\u0259tl\u0259raras\u0131 \u0130qtisadi Komissiyan\u0131n n\u00f6vb\u0259ti iclas\u0131n\u0131n ke\u00e7irilm\u0259sinin \u0259h\u0259miyy\u0259ti vur\u011fulan\u0131b. G\u00f6r\u00fc\u015fd\u0259 Az\u0259rbaycan, G\u00fcrc\u00fcstan v\u0259 T\u00fcrkiy\u0259nin i\u015ftirak\u0131 il\u0259 ticar\u0259t, iqtisadiyyat, n\u0259qliyyat v\u0259 enerji sah\u0259l\u0259rind\u0259 \u0259m\u0259kda\u015fl\u0131q m\u0259s\u0259l\u0259l\u0259ri d\u0259 m\u00fczakir\u0259 m\u00f6vzusu olub.Oxu.Az<\/p>\n","protected":false},"author":2,"featured_media":110844,"comment_status":"closed","ping_status":"closed","sticky":false,"template":"","format":"standard","meta":{"om_disable_all_campaigns":false,"_monsterinsights_skip_tracking":false,"_monsterinsights_sitenote_active":false,"_monsterinsights_sitenote_note":"","_monsterinsights_sitenote_category":0},"categories":[4],"tags":[],"aioseo_notices":[],"gutentor_comment":0,"rttpg_featured_image_url":{"full":["https:\/\/arantv.az\/wp-content\/uploads\/2019\/12\/photo_408640.jpg",600,315,false],"landscape":["https:\/\/arantv.az\/wp-content\/uploads\/2019\/12\/photo_408640.jpg",600,315,false],"portraits":["https:\/\/arantv.az\/wp-content\/uploads\/2019\/12\/photo_408640.jpg",600,315,false],"thumbnail":["https:\/\/arantv.az\/wp-content\/uploads\/2019\/12\/photo_408640-150x150.jpg",150,150,true],"medium":["https:\/\/arantv.az\/wp-content\/uploads\/2019\/12\/photo_408640-300x158.jpg",300,158,true],"large":["https:\/\/arantv.az\/wp-content\/uploads\/2019\/12\/photo_408640.jpg",600,315,false],"1536x1536":["https:\/\/arantv.az\/wp-content\/uploads\/2019\/12\/photo_408640.jpg",600,315,false],"2048x2048":["https:\/\/arantv.az\/wp-content\/uploads\/2019\/12\/photo_408640.jpg",600,315,false],"post-thumbnail":["https:\/\/arantv.az\/wp-content\/uploads\/2019\/12\/photo_408640-240x172.jpg",240,172,true],"advps-thumb-one":["https:\/\/arantv.az\/wp-content\/uploads\/2019\/12\/photo_408640.jpg",600,315,false]},"rttpg_author":{"display_name":"V\u00fcsal Rafiqo\u011flu","author_link":"https:\/\/arantv.az\/?author=2"},"rttpg_comment":0,"rttpg_category":"<a href=\"https:\/\/arantv.az\/?cat=4\" rel=\"category\">Siyas\u0259t<\/a>","rttpg_excerpt":"Tbilisid\u0259 Az\u0259rbaycan\u0131n Xarici \u0130\u015fl\u0259r naziri Elmar M\u0259mm\u0259dyarovla g\u00fcrc\u00fcstanl\u0131 h\u0259mkar\u0131 David Zalkaliani aras\u0131nda ikit\u0259r\u0259fli g\u00f6r\u00fc\u015f ke\u00e7irilib. ARANTV.AZ-\u0131n m\u0259lumat\u0131na g\u00f6r\u0259, g\u00f6r\u00fc\u015f Az\u0259rbaycan, G\u00fcrc\u00fcstan v\u0259 T\u00fcrkiy\u0259 Xarici \u0130\u015fl\u0259r nazirl\u0259rinin s\u0259kkizinci \u00fc\u00e7t\u0259r\u0259fli g\u00f6r\u00fc\u015f\u00fc \u00e7\u0259r\u00e7iv\u0259sind\u0259 ba\u015f tutub. G\u00f6r\u00fc\u015f \u0259snas\u0131nda ikit\u0259r\u0259fli v\u0259 \u00e7oxt\u0259r\u0259fli \u0259m\u0259kda\u015fl\u0131q g\u00fcnd\u0259liyin\u0259 aid m\u0259s\u0259l\u0259l\u0259r \u0259traf\u0131nda geni\u015f fikir m\u00fcbadil\u0259si apar\u0131l\u0131b. Xarici \u0130\u015fl\u0259r nazirl\u0259ri regionda ba\u015f ver\u0259n m\u00fch\u00fcm m\u0259s\u0259l\u0259l\u0259ri d\u0259&hellip;","_links":{"self":[{"href":"https:\/\/arantv.az\/index.php?rest_route=\/wp\/v2\/posts\/110843"}],"collection":[{"href":"https:\/\/arantv.az\/index.php?rest_route=\/wp\/v2\/posts"}],"about":[{"href":"https:\/\/arantv.az\/index.php?rest_route=\/wp\/v2\/types\/post"}],"author":[{"embeddable":true,"href":"https:\/\/arantv.az\/index.php?rest_route=\/wp\/v2\/users\/2"}],"replies":[{"embeddable":true,"href":"https:\/\/arantv.az\/index.php?rest_route=%2Fwp%2Fv2%2Fcomments&post=110843"}],"version-history":[{"count":0,"href":"https:\/\/arantv.az\/index.php?rest_route=\/wp\/v2\/posts\/110843\/revisions"}],"wp:featuredmedia":[{"embeddable":true,"href":"https:\/\/arantv.az\/index.php?rest_route=\/wp\/v2\/media\/110844"}],"wp:attachment":[{"href":"https:\/\/arantv.az\/index.php?rest_route=%2Fwp%2Fv2%2Fmedia&parent=110843"}],"wp:term":[{"taxonomy":"category","embeddable":true,"href":"https:\/\/arantv.az\/index.php?rest_route=%2Fwp%2Fv2%2Fcategories&post=110843"},{"taxonomy":"post_tag","embeddable":true,"href":"https:\/\/arantv.az\/index.php?rest_route=%2Fwp%2Fv2%2Ftags&post=110843"}],"curies":[{"name":"wp","href":"https:\/\/api.w.org\/{rel}","templated":true}]}}