{"id":110869,"date":"2019-12-24T08:03:14","date_gmt":"2019-12-24T05:03:14","guid":{"rendered":"http:\/\/arantv.az\/?p=110869"},"modified":"2019-12-24T08:03:14","modified_gmt":"2019-12-24T05:03:14","slug":"ilham-%c9%99liyev-2019-cu-il-danisiqlar-prosesi-ucun-itirilmis-il-olub","status":"publish","type":"post","link":"https:\/\/arantv.az\/?p=110869","title":{"rendered":"\u0130lham \u018fliyev: 2019-cu il dan\u0131\u015f\u0131qlar prosesi \u00fc\u00e7\u00fcn itirilmi\u015f il olub"},"content":{"rendered":"<p>Dey\u0259 bil\u0259r\u0259m ki, 2019-cu il dan\u0131\u015f\u0131qlar prosesi \u00fc\u00e7\u00fcn itirilmi\u015f il olubdur. Bunun da yegan\u0259 s\u0259b\u0259bi odur ki, Erm\u0259nistan r\u0259hb\u0259rliyi bu dan\u0131\u015f\u0131qlarda qeyri-konstruktiv m\u00f6vqe s\u0259rgil\u0259yir v\u0259 beyn\u0259lxalq vasit\u0259\u00e7il\u0259r i\u015f\u011fal\u00e7\u0131 \u00f6lk\u0259y\u0259 laz\u0131mi t\u0259sir v\u0259 t\u0259zyiq g\u00f6st\u0259rmirl\u0259r.<\/p>\n<p><strong>ARANTV.AZ<\/strong> <a href=\"https:\/\/azertag.az\/xeber\/Prezident_Ilham_Aliyev_yerli_jurnalistlere_ilin_yekunlari_ile_bagli_genis_musahibe_verib__YENILANIB-1373765\" target=\"_blank\" rel=\"noopener\">\u00a0<\/a>x\u0259b\u0259r verir ki, bunu Prezident \u0130lham \u018fliyev yerli telekanallara m\u00fcsahib\u0259sind\u0259 Erm\u0259nistan-Az\u0259rbaycan Da\u011fl\u0131q Qaraba\u011f m\u00fcnaqi\u015f\u0259si il\u0259 ba\u011fl\u0131 veril\u0259n suala cavablayark\u0259n bildirib.<\/p>\n<p>D\u00f6vl\u0259t ba\u015f\u00e7\u0131s\u0131 qeyd edib ki, bu s\u0259b\u0259bd\u0259n 2019-cu ild\u0259, dan\u0131\u015f\u0131qlar trekind\u0259 h\u0259r hans\u0131 bir ciddi ir\u0259lil\u0259yi\u015f \u0259ld\u0259 olunmay\u0131b:<\/p>\n<p>\u201cEyni zamanda, Erm\u0259nistan r\u0259hb\u0259rliyinin ziddiyy\u0259tli v\u0259 bir-birini t\u0259kzib ed\u0259n b\u0259yanatlar\u0131 da \u0259lb\u0259tt\u0259 ki, h\u0259m t\u0259\u0259cc\u00fcb, h\u0259m d\u0259 t\u0259\u0259ss\u00fcf do\u011furur. Biz ham\u0131m\u0131z yax\u015f\u0131 xat\u0131rlay\u0131r\u0131q ki, Erm\u0259nistan\u0131n yeni r\u0259hb\u0259rliyi ilkin m\u0259rh\u0259l\u0259d\u0259 ortal\u0131\u011fa bel\u0259 bir m\u0259s\u0259l\u0259 atm\u0131\u015fd\u0131 ki, Az\u0259rbaycan Da\u011fl\u0131q Qaraba\u011fla dan\u0131\u015f\u0131qlar aparmal\u0131d\u0131r, Da\u011fl\u0131q Qaraba\u011f \u201cm\u00fcst\u0259qil d\u00f6vl\u0259tdir\u201d v\u0259 Erm\u0259nistan bu d\u0131rnaqaras\u0131 m\u00fcst\u0259qil d\u00f6vl\u0259tin i\u015fl\u0259rin\u0259 qar\u0131\u015fa bilmir. Bunlar\u0131n ham\u0131s\u0131 c\u0259f\u0259ng fikirl\u0259rdir. \u00c7\u00fcnki bu g\u00fcn Da\u011fl\u0131q Qaraba\u011fda yerl\u0259\u015f\u0259n h\u0259rbi birl\u0259\u015fm\u0259nin 90 faizi Erm\u0259nistan v\u0259t\u0259nda\u015flar\u0131ndan t\u0259\u015fkil edilir. H\u0259r il Erm\u0259nistan b\u00fcdc\u0259sind\u0259n Da\u011fl\u0131q Qaraba\u011f b\u00fcdc\u0259sin\u0259 b\u00f6y\u00fck v\u0259sait transfert edilir. Ona g\u00f6r\u0259 buna m\u00fcst\u0259qil d\u00f6vl\u0259t dem\u0259k tam yaland\u0131r. Sad\u0259c\u0259 olaraq, dan\u0131\u015f\u0131qlar\u0131 uzatmaq, yaxud da ki, \u00f6z m\u0259suliyy\u0259tini boynundan atmaq \u00fc\u00e7\u00fcn bel\u0259 ifad\u0259l\u0259r i\u015fl\u0259dilir.<\/p>\n<p>Biz q\u0259tiyy\u0259n bu ifad\u0259l\u0259rl\u0259 raz\u0131 ola bilm\u0259rik. \u00d6z fikirl\u0259rimizi bildirmi\u015fik v\u0259 eyni zamanda, Minsk qrupunun h\u0259ms\u0259dr \u00f6lk\u0259l\u0259rinin s\u0259firl\u0259ri d\u0259 ox\u015far b\u0259yanatlar vermi\u015fl\u0259r. Dan\u0131\u015f\u0131qlar Erm\u0259nistan v\u0259 Az\u0259rbaycan aras\u0131nda apar\u0131l\u0131r. Bu il \u00f6n\u0259mli hadis\u0259l\u0259rd\u0259n biri d\u0259 odur ki, dan\u0131\u015f\u0131qlar format\u0131 d\u0259yi\u015fm\u0259z olaraq qald\u0131. Hesab edir\u0259m ki, bu, bizim diplomatik nailiyy\u0259timizdir. Y\u0259ni, Erm\u0259nistan r\u0259hb\u0259rliyinin c\u0259hdl\u0259ri v\u0259 t\u0259klifl\u0259ri q\u0259bul edilm\u0259di. Bunu t\u0259sdiql\u0259y\u0259n h\u0259m d\u0259 o amildir ki, m\u0259nim Erm\u0259nistan\u0131n ba\u015f naziri il\u0259 g\u00f6r\u00fc\u015fl\u0259rim olubdur. Erm\u0259nistan v\u0259 Az\u0259rbaycan Xarici \u0130\u015fl\u0259r nazirl\u0259ri g\u00f6r\u00fc\u015f\u00fcrl\u0259r, dan\u0131\u015f\u0131qlar apar\u0131rlar. Sonuncu g\u00f6r\u00fc\u015f bu ay\u0131n \u0259vv\u0259lind\u0259 olmu\u015fdur.<\/p>\n<p>Dig\u0259r t\u0259r\u0259fd\u0259n, Az\u0259rbaycan d\u0131rnaqaras\u0131 Da\u011fl\u0131q Qaraba\u011f respublikas\u0131 il\u0259 dan\u0131\u015f\u0131qlar aparmal\u0131d\u0131r fikri ba\u015f tutmayandan sonra n\u00f6vb\u0259ti bir c\u0259f\u0259ng tezis ortal\u0131\u011fa at\u0131ld\u0131, bunu indi h\u0259r k\u0259s e\u015fidib, &#8211; Erm\u0259nistan\u0131n ba\u015f naziri dedi ki, Qaraba\u011f Erm\u0259nistand\u0131r v\u0259 n\u00f6qt\u0259. Y\u0259ni, bu, \u0259vv\u0259lki tezisi tam t\u0259kzib edir v\u0259 bu, n\u00f6vb\u0259ti yaland\u0131r. \u00c7\u00fcnki Qaraba\u011f n\u0259 m\u00fcst\u0259qil \u00f6lk\u0259dir, &#8211; bunu he\u00e7 kim tan\u0131m\u0131r, he\u00e7 bir \u00f6lk\u0259 tan\u0131m\u0131r, &#8211; v\u0259 bayaq qeyd etdiyim m\u0259s\u0259l\u0259l\u0259r &#8211; b\u00f6y\u00fck beyn\u0259lxalq t\u0259\u015fkilatlar\u0131n q\u0259bul etdiyi q\u0259rarlar v\u0259 yekun b\u0259yannam\u0259l\u0259r onu g\u00f6st\u0259rir ki, d\u00fcnya ictimaiyy\u0259ti Da\u011fl\u0131q Qaraba\u011f\u0131 Az\u0259rbaycan\u0131n ayr\u0131lmaz hiss\u0259si kimi tan\u0131y\u0131r v\u0259 Qaraba\u011f Erm\u0259nistan deyil v\u0259 bunu s\u00fcbut etm\u0259k \u00fc\u00e7\u00fcn he\u00e7 s\u0259y g\u00f6st\u0259rm\u0259k d\u0259 laz\u0131m deyil.<\/p>\n<p>Ona g\u00f6r\u0259 birinci d\u0259f\u0259 d\u0259, ikinci d\u0259f\u0259 d\u0259 yalan s\u00f6yl\u0259nildi. Amma h\u0259qiq\u0259t ondan ibar\u0259tdir ki, &#8211; m\u0259n bunu canl\u0131 efird\u0259 demi\u015f\u0259m, &#8211; Qaraba\u011f Az\u0259rbaycand\u0131r v\u0259 nida i\u015far\u0259si. B\u00fct\u00fcn d\u00fcnya Da\u011fl\u0131q Qaraba\u011f\u0131 Az\u0259rbaycan\u0131n ayr\u0131lmaz hiss\u0259si kimi tan\u0131y\u0131r v\u0259 bizim dan\u0131\u015f\u0131qlar prosesind\u0259 m\u00f6vqeyimizd\u0259 he\u00e7 bir d\u0259yi\u015fiklik yoxdur, ola da bilm\u0259z. Tarixi h\u0259qiq\u0259t bizim t\u0259r\u0259fimizd\u0259dir. Biz bunu d\u00fcnyaya s\u00fcbut ed\u0259 bilmi\u015fik ki, Da\u011fl\u0131q Qaraba\u011f \u0259z\u0259li tarixi Az\u0259rbaycan torpa\u011f\u0131d\u0131r. Az\u0259rbaycan xalq\u0131 \u0259srl\u0259rboyu bu torpaqlarda ya\u015fay\u0131b, yarad\u0131b. Biz ham\u0131m\u0131z yax\u015f\u0131 bilirik v\u0259 bu g\u00fcn d\u00fcnya ictimaiyy\u0259ti d\u0259 bizim apard\u0131\u011f\u0131m\u0131z siyas\u0259t n\u0259tic\u0259sind\u0259 bilir ki, erm\u0259nil\u0259r C\u0259nubi Qafqazda g\u0259lm\u0259 mill\u0259tdir, onlar \u00e7ar Rusiyas\u0131 t\u0259r\u0259find\u0259n XIX \u0259srd\u0259 Rusiya-\u0130ran m\u00fcharib\u0259sind\u0259n sonra bizim b\u00f6lg\u0259miz\u0259 k\u00f6\u00e7\u00fcr\u00fcl\u00fcbl\u0259r. Qafqaz Rusiya imperiyas\u0131n\u0131n t\u0259rkib hiss\u0259si olandan sonra bizim b\u00f6lg\u0259d\u0259 xristian \u0259halinin say\u0131n\u0131 \u00e7oxaltmaq \u00fc\u00e7\u00fcn \u015e\u0259rqi Anadoludan v\u0259 \u0130randan k\u00fctl\u0259vi sur\u0259td\u0259 erm\u0259nil\u0259r Da\u011fl\u0131q Qaraba\u011fa k\u00f6\u00e7\u00fcr\u00fclm\u00fc\u015fl\u0259r. Bunu t\u0259sdiql\u0259y\u0259n \u00e7oxsayl\u0131 tarixi s\u0259n\u0259dl\u0259r, faktlar var. Bu, o q\u0259d\u0259r d\u0259 uzaq tarix deyil. Y\u0259ni, erm\u0259nil\u0259r bizim tarixi torpaqlar\u0131m\u0131za k\u00f6\u00e7\u00fcr\u00fclm\u00fc\u015fl\u0259r, ona g\u00f6r\u0259 ki, burada xristian \u0259hali \u00e7oxalmal\u0131 idi. Ona g\u00f6r\u0259 bu, bizim tarixi torpa\u011f\u0131m\u0131zd\u0131r v\u0259 bunu indi b\u00fct\u00fcn d\u00fcnya bilir. Bu, birincisi.<\/p>\n<p>\u0130kincisi, Da\u011fl\u0131q Qaraba\u011f Az\u0259rbaycan\u0131n ayr\u0131lmaz hiss\u0259sidir v\u0259 biz m\u00fcst\u0259qil \u00f6lk\u0259 kimi BMT-y\u0259 daxil olanda art\u0131q Az\u0259rbaycan\u0131n \u0259razi b\u00fct\u00f6vl\u00fcy\u00fc q\u0259bul edilib, d\u0259st\u0259kl\u0259nib v\u0259 t\u0259sdiq edilib. Ona g\u00f6r\u0259 h\u0259m tarixi \u0259dal\u0259t v\u0259 h\u0259m d\u0259 beyn\u0259lxalq h\u00fcquq bax\u0131m\u0131ndan Da\u011fl\u0131q Qaraba\u011f Az\u0259rbaycan\u0131n ayr\u0131lmaz hiss\u0259sidir v\u0259 m\u00fcnaqi\u015f\u0259nin h\u0259lli m\u0259hz bu prinsipl\u0259r \u0259sas\u0131nda ola bil\u0259r. Az\u0259rbaycan\u0131n \u0259razi b\u00fct\u00f6vl\u00fcy\u00fc b\u0259rpa edilm\u0259lidir.<\/p>\n<p>O ki qald\u0131, xalqlar\u0131n \u00f6z m\u00fcq\u0259dd\u0259rat\u0131n\u0131 t\u0259yinetm\u0259 prinsipin\u0259, &#8211; Erm\u0259nistan h\u0259mi\u015f\u0259 buna istinad edir, &#8211; bu prinsip art\u0131q bu m\u00fcnaqi\u015f\u0259 il\u0259 ba\u011fl\u0131 i\u015fl\u0259mir. \u00c7\u00fcnki erm\u0259ni xalq\u0131 \u00f6z m\u00fcq\u0259dd\u0259rat\u0131n\u0131 art\u0131q m\u00fc\u0259yy\u0259n edib. Onlar\u0131n m\u00fcst\u0259qil Erm\u0259nistan d\u00f6vl\u0259ti var, hans\u0131 ki, q\u0259dim Az\u0259rbaycan torpaqlar\u0131nda yerl\u0259\u015fir v\u0259 biz Az\u0259rbaycan torpa\u011f\u0131nda ikinci erm\u0259ni d\u00f6vl\u0259tinin yarad\u0131lmas\u0131na he\u00e7 vaxt imkan verm\u0259y\u0259c\u0259yik.<\/p>\n<p>Ona g\u00f6r\u0259 bizim prinsipial m\u00f6vqeyimiz bundan ibar\u0259tdir ki, \u0259razi b\u00fct\u00f6vl\u00fcy\u00fc prinsipi \u00fcst\u00fcnl\u00fck t\u0259\u015fkil etm\u0259lidir, bizim \u0259razimiz b\u0259rpa edilm\u0259lidir v\u0259 m\u00fcnaqi\u015f\u0259 yaln\u0131z bu prinsipl\u0259r \u0259sas\u0131nda \u00f6z h\u0259llini tapmal\u0131d\u0131r. Bundan \u0259lav\u0259, beyn\u0259lxalq t\u0259\u015fkilatlar\u0131n q\u0259rar v\u0259 q\u0259tnam\u0259l\u0259ri, BMT T\u0259hl\u00fck\u0259sizlik \u015euras\u0131n\u0131n 4 q\u0259tnam\u0259si, Qo\u015fulmama H\u0259r\u0259kat\u0131n\u0131n, \u0130slam \u018fm\u0259kda\u015fl\u0131q T\u0259\u015fkilat\u0131n\u0131n, AT\u018fT-in, Avropa Parlamentinin, Avropa \u015euras\u0131n\u0131n ox\u015far q\u0259rar v\u0259 q\u0259tnam\u0259l\u0259ri var. Qeyd etdiyim kimi, ke\u00e7\u0259n il Avropa \u0130ttifaq\u0131 biziml\u0259 Az\u0259rbaycan\u0131n \u0259razi b\u00fct\u00f6vl\u00fcy\u00fcn\u00fc, suverenliyini v\u0259 s\u0259rh\u0259dl\u0259rinin toxunulmazl\u0131\u011f\u0131n\u0131 d\u0259st\u0259kl\u0259y\u0259n s\u0259n\u0259d imzalay\u0131bd\u0131r\u201d.\u00a0AZ\u018fRTAC<\/p>\n","protected":false},"excerpt":{"rendered":"<p>Dey\u0259 bil\u0259r\u0259m ki, 2019-cu il dan\u0131\u015f\u0131qlar prosesi \u00fc\u00e7\u00fcn itirilmi\u015f il olubdur. Bunun da yegan\u0259 s\u0259b\u0259bi odur ki, Erm\u0259nistan r\u0259hb\u0259rliyi bu dan\u0131\u015f\u0131qlarda qeyri-konstruktiv m\u00f6vqe s\u0259rgil\u0259yir v\u0259 beyn\u0259lxalq vasit\u0259\u00e7il\u0259r i\u015f\u011fal\u00e7\u0131 \u00f6lk\u0259y\u0259 laz\u0131mi t\u0259sir v\u0259 t\u0259zyiq g\u00f6st\u0259rmirl\u0259r. ARANTV.AZ \u00a0x\u0259b\u0259r verir ki, bunu Prezident \u0130lham \u018fliyev yerli telekanallara m\u00fcsahib\u0259sind\u0259 Erm\u0259nistan-Az\u0259rbaycan Da\u011fl\u0131q Qaraba\u011f m\u00fcnaqi\u015f\u0259si il\u0259 ba\u011fl\u0131 veril\u0259n suala cavablayark\u0259n bildirib. D\u00f6vl\u0259t ba\u015f\u00e7\u0131s\u0131 qeyd edib ki, bu s\u0259b\u0259bd\u0259n 2019-cu ild\u0259, dan\u0131\u015f\u0131qlar trekind\u0259 h\u0259r hans\u0131 bir ciddi ir\u0259lil\u0259yi\u015f \u0259ld\u0259 olunmay\u0131b: \u201cEyni zamanda, Erm\u0259nistan r\u0259hb\u0259rliyinin ziddiyy\u0259tli v\u0259 bir-birini t\u0259kzib ed\u0259n b\u0259yanatlar\u0131 da \u0259lb\u0259tt\u0259 ki, h\u0259m t\u0259\u0259cc\u00fcb, h\u0259m d\u0259&hellip;<\/p>\n","protected":false},"author":2,"featured_media":110870,"comment_status":"closed","ping_status":"closed","sticky":false,"template":"","format":"standard","meta":{"om_disable_all_campaigns":false,"_monsterinsights_skip_tracking":false,"_monsterinsights_sitenote_active":false,"_monsterinsights_sitenote_note":"","_monsterinsights_sitenote_category":0},"categories":[4],"tags":[],"aioseo_notices":[],"gutentor_comment":0,"rttpg_featured_image_url":{"full":["https:\/\/arantv.az\/wp-content\/uploads\/2019\/12\/15771149846498837280_1000x669.jpg",546,465,false],"landscape":["https:\/\/arantv.az\/wp-content\/uploads\/2019\/12\/15771149846498837280_1000x669.jpg",546,465,false],"portraits":["https:\/\/arantv.az\/wp-content\/uploads\/2019\/12\/15771149846498837280_1000x669.jpg",546,465,false],"thumbnail":["https:\/\/arantv.az\/wp-content\/uploads\/2019\/12\/15771149846498837280_1000x669-150x150.jpg",150,150,true],"medium":["https:\/\/arantv.az\/wp-content\/uploads\/2019\/12\/15771149846498837280_1000x669-300x255.jpg",300,255,true],"large":["https:\/\/arantv.az\/wp-content\/uploads\/2019\/12\/15771149846498837280_1000x669.jpg",546,465,false],"1536x1536":["https:\/\/arantv.az\/wp-content\/uploads\/2019\/12\/15771149846498837280_1000x669.jpg",546,465,false],"2048x2048":["https:\/\/arantv.az\/wp-content\/uploads\/2019\/12\/15771149846498837280_1000x669.jpg",546,465,false],"post-thumbnail":["https:\/\/arantv.az\/wp-content\/uploads\/2019\/12\/15771149846498837280_1000x669-240x172.jpg",240,172,true],"advps-thumb-one":["https:\/\/arantv.az\/wp-content\/uploads\/2019\/12\/15771149846498837280_1000x669.jpg",546,465,false]},"rttpg_author":{"display_name":"V\u00fcsal Rafiqo\u011flu","author_link":"https:\/\/arantv.az\/?author=2"},"rttpg_comment":0,"rttpg_category":"<a href=\"https:\/\/arantv.az\/?cat=4\" rel=\"category\">Siyas\u0259t<\/a>","rttpg_excerpt":"Dey\u0259 bil\u0259r\u0259m ki, 2019-cu il dan\u0131\u015f\u0131qlar prosesi \u00fc\u00e7\u00fcn itirilmi\u015f il olubdur. Bunun da yegan\u0259 s\u0259b\u0259bi odur ki, Erm\u0259nistan r\u0259hb\u0259rliyi bu dan\u0131\u015f\u0131qlarda qeyri-konstruktiv m\u00f6vqe s\u0259rgil\u0259yir v\u0259 beyn\u0259lxalq vasit\u0259\u00e7il\u0259r i\u015f\u011fal\u00e7\u0131 \u00f6lk\u0259y\u0259 laz\u0131mi t\u0259sir v\u0259 t\u0259zyiq g\u00f6st\u0259rmirl\u0259r. ARANTV.AZ \u00a0x\u0259b\u0259r verir ki, bunu Prezident \u0130lham \u018fliyev yerli telekanallara m\u00fcsahib\u0259sind\u0259 Erm\u0259nistan-Az\u0259rbaycan Da\u011fl\u0131q Qaraba\u011f m\u00fcnaqi\u015f\u0259si il\u0259 ba\u011fl\u0131 veril\u0259n suala cavablayark\u0259n bildirib.&hellip;","_links":{"self":[{"href":"https:\/\/arantv.az\/index.php?rest_route=\/wp\/v2\/posts\/110869"}],"collection":[{"href":"https:\/\/arantv.az\/index.php?rest_route=\/wp\/v2\/posts"}],"about":[{"href":"https:\/\/arantv.az\/index.php?rest_route=\/wp\/v2\/types\/post"}],"author":[{"embeddable":true,"href":"https:\/\/arantv.az\/index.php?rest_route=\/wp\/v2\/users\/2"}],"replies":[{"embeddable":true,"href":"https:\/\/arantv.az\/index.php?rest_route=%2Fwp%2Fv2%2Fcomments&post=110869"}],"version-history":[{"count":0,"href":"https:\/\/arantv.az\/index.php?rest_route=\/wp\/v2\/posts\/110869\/revisions"}],"wp:featuredmedia":[{"embeddable":true,"href":"https:\/\/arantv.az\/index.php?rest_route=\/wp\/v2\/media\/110870"}],"wp:attachment":[{"href":"https:\/\/arantv.az\/index.php?rest_route=%2Fwp%2Fv2%2Fmedia&parent=110869"}],"wp:term":[{"taxonomy":"category","embeddable":true,"href":"https:\/\/arantv.az\/index.php?rest_route=%2Fwp%2Fv2%2Fcategories&post=110869"},{"taxonomy":"post_tag","embeddable":true,"href":"https:\/\/arantv.az\/index.php?rest_route=%2Fwp%2Fv2%2Ftags&post=110869"}],"curies":[{"name":"wp","href":"https:\/\/api.w.org\/{rel}","templated":true}]}}