{"id":110873,"date":"2019-12-24T08:04:12","date_gmt":"2019-12-24T05:04:12","guid":{"rendered":"http:\/\/arantv.az\/?p=110873"},"modified":"2019-12-24T08:04:12","modified_gmt":"2019-12-24T05:04:12","slug":"prezident-deputat-secilir-ondan-sonra-oz-dair%c9%99sin%c9%99-hec-bas-c%c9%99kmir-hec-maraqlanmir-video","status":"publish","type":"post","link":"https:\/\/arantv.az\/?p=110873","title":{"rendered":"Prezident: Deputat se\u00e7ilir, ondan sonra \u00f6z dair\u0259sin\u0259 he\u00e7 ba\u015f \u00e7\u0259kmir, he\u00e7 maraqlanm\u0131r &#8211; V\u0130DEO"},"content":{"rendered":"<p>M\u0259n parlament \u00fczvl\u0259rinin f\u0259aliyy\u0259tin\u0259 qiym\u0259t verm\u0259k ist\u0259mir\u0259m, \u00e7\u00fcnki bu, hakimiyy\u0259tin ba\u015fqa qoludur. Ancaq yeni se\u00e7il\u0259c\u0259k deputatlara t\u00f6vsiy\u0259m odur ki, onlar \u00f6z dair\u0259l\u0259rind\u0259 daha f\u0259al olsunlar ki, v\u0259t\u0259nda\u015flar onlar\u0131 tan\u0131s\u0131nlar, onlara m\u00fcraci\u0259t etsinl\u0259r.<\/p>\n<p><strong>ARANTV.AZ<\/strong>\u00a0 x\u0259b\u0259r verir ki, bunu Prezident \u0130lham \u018fliyev yerli telekanallara m\u00fcsahib\u0259sind\u0259 n\u00f6vb\u0259d\u0259nk\u0259nar parlament se\u00e7kil\u0259ri il\u0259 ba\u011fl\u0131 sual\u0131 cavabland\u0131rark\u0259n deyib.<\/p>\n<p>D\u00f6vl\u0259t ba\u015f\u00e7\u0131s\u0131n\u0131n s\u00f6zl\u0259rin\u0259 g\u00f6r\u0259, onlar yerli v\u0259 m\u0259rk\u0259zi orqanlar qar\u015f\u0131s\u0131nda m\u0259s\u0259l\u0259 qald\u0131rmal\u0131d\u0131rlar:<\/p>\n<p>\u201c\u018fg\u0259r bel\u0259 olarsa, bax, dediyim o ictimai n\u0259zar\u0259tin bir formas\u0131 da bu olacaq. \u00c7\u00fcnki b\u0259zi hallarda, m\u0259n bilir\u0259m, deputat se\u00e7ilir, ondan sonra \u00f6z dair\u0259sin\u0259 he\u00e7 ba\u015f \u00e7\u0259kmir, he\u00e7 maraqlanm\u0131r. Sonra da n\u00f6vb\u0259ti se\u00e7kil\u0259r yax\u0131nla\u015fanda ba\u015flay\u0131r ki, m\u0259n\u0259 d\u0259st\u0259k verin. Y\u0259ni, ona xalq d\u0259st\u0259k verm\u0259lidir. \u018flb\u0259tt\u0259, Yeni Az\u0259rbaycan Partiyas\u0131 apar\u0131c\u0131 siyasi q\u00fcvv\u0259 kimi \u00f6z namiz\u0259dl\u0259rini m\u00fcdafi\u0259 ed\u0259c\u0259k. Bu da t\u0259biidir. Bizd\u0259 sistem majoritar sistemdir, hesab edir\u0259m ki, \u00e7ox \u0259dal\u0259tli sistemdir.<\/p>\n<p>Bu sistem se\u00e7ilmi\u015f mill\u0259t v\u0259kilini \u00f6z dair\u0259sin\u0259 ba\u011flay\u0131r. M\u0259n bunu \u00f6z t\u0259cr\u00fcb\u0259md\u0259n deyir\u0259m. \u00c7\u00fcnki m\u0259n birinci d\u0259f\u0259 1995-ci ild\u0259 majoritar sistem \u0259sas\u0131nda parlamentin \u00fczv\u00fc se\u00e7ilmi\u015fdim. O vaxt m\u0259nim dair\u0259m var idi v\u0259 dair\u0259d\u0259 \u00e7ox f\u0259al idim. 2000-ci ild\u0259 is\u0259 m\u0259n art\u0131q Yeni Az\u0259rbaycan Partiyas\u0131n\u0131n bir n\u00f6mr\u0259li namiz\u0259di kimi qeyd\u0259 al\u0131nd\u0131m v\u0259 se\u00e7il\u0259nd\u0259n sonra el\u0259 bil ki, m\u0259nim dair\u0259m yox idi v\u0259 bu, imkan vermirdi ki, m\u0259n hans\u0131sa bir dair\u0259y\u0259 x\u00fcsusi diqq\u0259t g\u00f6st\u0259rim.<\/p>\n<p>Ona g\u00f6r\u0259 \u00f6z t\u0259cr\u00fcb\u0259md\u0259n deyir\u0259m ki, majoritar sistem se\u00e7icil\u0259r \u00fc\u00e7\u00fcn \u0259n uy\u011fun sistemdir. O halda ki, se\u00e7il\u0259n deputat f\u0259al olsun v\u0259 v\u0259t\u0259nda\u015flarla s\u0131x t\u0259masda olsun. Az\u0259rbaycan xalq\u0131 h\u0259r \u015feyi yax\u015f\u0131 bilir, atalar s\u00f6z\u00fcd\u00fcr, xalq\u0131n g\u00f6z\u00fc t\u0259r\u0259zidir. Az\u0259rbaycan xalq\u0131 layiqli n\u00fcmay\u0259nd\u0259l\u0259ri se\u00e7\u0259r\u0259k, eyni zamanda, t\u0259min ed\u0259c\u0259k ki, bu n\u00fcmay\u0259nd\u0259l\u0259r onlar\u0131n probleml\u0259rini dil\u0259 g\u0259tir\u0259c\u0259kl\u0259r, t\u0259klif ver\u0259c\u0259kl\u0259r. Bel\u0259 olan halda \u0259lb\u0259tt\u0259 ki, m\u0259s\u0259l\u0259l\u0259r v\u0259 probleml\u0259r daha m\u0259qbul formada \u00f6z h\u0259llini tapa bil\u0259r\u201d.AZ\u018fRTAC<\/p>\n<div><iframe loading=\"lazy\" src=\"https:\/\/baku.tv\/embed\/12229\" width=\"640\" height=\"360\" frameborder=\"0\" scrolling=\"no\" allowfullscreen=\"allowfullscreen\" data-mce-fragment=\"1\"><\/iframe><\/div>\n<p>&nbsp;<\/p>\n","protected":false},"excerpt":{"rendered":"<p>M\u0259n parlament \u00fczvl\u0259rinin f\u0259aliyy\u0259tin\u0259 qiym\u0259t verm\u0259k ist\u0259mir\u0259m, \u00e7\u00fcnki bu, hakimiyy\u0259tin ba\u015fqa qoludur. Ancaq yeni se\u00e7il\u0259c\u0259k deputatlara t\u00f6vsiy\u0259m odur ki, onlar \u00f6z dair\u0259l\u0259rind\u0259 daha f\u0259al olsunlar ki, v\u0259t\u0259nda\u015flar onlar\u0131 tan\u0131s\u0131nlar, onlara m\u00fcraci\u0259t etsinl\u0259r. ARANTV.AZ\u00a0 x\u0259b\u0259r verir ki, bunu Prezident \u0130lham \u018fliyev yerli telekanallara m\u00fcsahib\u0259sind\u0259 n\u00f6vb\u0259d\u0259nk\u0259nar parlament se\u00e7kil\u0259ri il\u0259 ba\u011fl\u0131 sual\u0131 cavabland\u0131rark\u0259n deyib. D\u00f6vl\u0259t ba\u015f\u00e7\u0131s\u0131n\u0131n s\u00f6zl\u0259rin\u0259 g\u00f6r\u0259, onlar yerli v\u0259 m\u0259rk\u0259zi orqanlar qar\u015f\u0131s\u0131nda m\u0259s\u0259l\u0259 qald\u0131rmal\u0131d\u0131rlar: \u201c\u018fg\u0259r bel\u0259 olarsa, bax, dediyim o ictimai n\u0259zar\u0259tin bir formas\u0131 da bu olacaq. \u00c7\u00fcnki b\u0259zi hallarda, m\u0259n bilir\u0259m, deputat se\u00e7ilir, ondan sonra \u00f6z dair\u0259sin\u0259 he\u00e7 ba\u015f \u00e7\u0259kmir,&hellip;<\/p>\n","protected":false},"author":2,"featured_media":110874,"comment_status":"closed","ping_status":"closed","sticky":false,"template":"","format":"standard","meta":{"om_disable_all_campaigns":false,"_monsterinsights_skip_tracking":false,"_monsterinsights_sitenote_active":false,"_monsterinsights_sitenote_note":"","_monsterinsights_sitenote_category":0},"categories":[4],"tags":[],"aioseo_notices":[],"gutentor_comment":0,"rttpg_featured_image_url":{"full":["https:\/\/arantv.az\/wp-content\/uploads\/2019\/12\/prezident-1.jpg",620,407,false],"landscape":["https:\/\/arantv.az\/wp-content\/uploads\/2019\/12\/prezident-1.jpg",620,407,false],"portraits":["https:\/\/arantv.az\/wp-content\/uploads\/2019\/12\/prezident-1.jpg",620,407,false],"thumbnail":["https:\/\/arantv.az\/wp-content\/uploads\/2019\/12\/prezident-1-150x150.jpg",150,150,true],"medium":["https:\/\/arantv.az\/wp-content\/uploads\/2019\/12\/prezident-1-300x197.jpg",300,197,true],"large":["https:\/\/arantv.az\/wp-content\/uploads\/2019\/12\/prezident-1.jpg",620,407,false],"1536x1536":["https:\/\/arantv.az\/wp-content\/uploads\/2019\/12\/prezident-1.jpg",620,407,false],"2048x2048":["https:\/\/arantv.az\/wp-content\/uploads\/2019\/12\/prezident-1.jpg",620,407,false],"post-thumbnail":["https:\/\/arantv.az\/wp-content\/uploads\/2019\/12\/prezident-1-240x172.jpg",240,172,true],"advps-thumb-one":["https:\/\/arantv.az\/wp-content\/uploads\/2019\/12\/prezident-1.jpg",620,407,false]},"rttpg_author":{"display_name":"V\u00fcsal Rafiqo\u011flu","author_link":"https:\/\/arantv.az\/?author=2"},"rttpg_comment":0,"rttpg_category":"<a href=\"https:\/\/arantv.az\/?cat=4\" rel=\"category\">Siyas\u0259t<\/a>","rttpg_excerpt":"M\u0259n parlament \u00fczvl\u0259rinin f\u0259aliyy\u0259tin\u0259 qiym\u0259t verm\u0259k ist\u0259mir\u0259m, \u00e7\u00fcnki bu, hakimiyy\u0259tin ba\u015fqa qoludur. Ancaq yeni se\u00e7il\u0259c\u0259k deputatlara t\u00f6vsiy\u0259m odur ki, onlar \u00f6z dair\u0259l\u0259rind\u0259 daha f\u0259al olsunlar ki, v\u0259t\u0259nda\u015flar onlar\u0131 tan\u0131s\u0131nlar, onlara m\u00fcraci\u0259t etsinl\u0259r. ARANTV.AZ\u00a0 x\u0259b\u0259r verir ki, bunu Prezident \u0130lham \u018fliyev yerli telekanallara m\u00fcsahib\u0259sind\u0259 n\u00f6vb\u0259d\u0259nk\u0259nar parlament se\u00e7kil\u0259ri il\u0259 ba\u011fl\u0131 sual\u0131 cavabland\u0131rark\u0259n deyib. D\u00f6vl\u0259t ba\u015f\u00e7\u0131s\u0131n\u0131n s\u00f6zl\u0259rin\u0259 g\u00f6r\u0259,&hellip;","_links":{"self":[{"href":"https:\/\/arantv.az\/index.php?rest_route=\/wp\/v2\/posts\/110873"}],"collection":[{"href":"https:\/\/arantv.az\/index.php?rest_route=\/wp\/v2\/posts"}],"about":[{"href":"https:\/\/arantv.az\/index.php?rest_route=\/wp\/v2\/types\/post"}],"author":[{"embeddable":true,"href":"https:\/\/arantv.az\/index.php?rest_route=\/wp\/v2\/users\/2"}],"replies":[{"embeddable":true,"href":"https:\/\/arantv.az\/index.php?rest_route=%2Fwp%2Fv2%2Fcomments&post=110873"}],"version-history":[{"count":0,"href":"https:\/\/arantv.az\/index.php?rest_route=\/wp\/v2\/posts\/110873\/revisions"}],"wp:featuredmedia":[{"embeddable":true,"href":"https:\/\/arantv.az\/index.php?rest_route=\/wp\/v2\/media\/110874"}],"wp:attachment":[{"href":"https:\/\/arantv.az\/index.php?rest_route=%2Fwp%2Fv2%2Fmedia&parent=110873"}],"wp:term":[{"taxonomy":"category","embeddable":true,"href":"https:\/\/arantv.az\/index.php?rest_route=%2Fwp%2Fv2%2Fcategories&post=110873"},{"taxonomy":"post_tag","embeddable":true,"href":"https:\/\/arantv.az\/index.php?rest_route=%2Fwp%2Fv2%2Ftags&post=110873"}],"curies":[{"name":"wp","href":"https:\/\/api.w.org\/{rel}","templated":true}]}}