{"id":110901,"date":"2019-12-24T08:26:06","date_gmt":"2019-12-24T05:26:06","guid":{"rendered":"http:\/\/arantv.az\/?p=110901"},"modified":"2019-12-24T08:26:06","modified_gmt":"2019-12-24T05:26:06","slug":"bu-s%c9%99h%c9%99rd%c9%99y%c9%99-gor%c9%99-rusiyada-izdiham-foto","status":"publish","type":"post","link":"https:\/\/arantv.az\/?p=110901","title":{"rendered":"\u201cBu \u015f\u0259h\u0259rd\u0259\u201dy\u0259 g\u00f6r\u0259 Rusiyada izdiham &#8211; Foto"},"content":{"rendered":"<p>\u201cBu \u015f\u0259h\u0259rd\u0259\u201d estrada teatr\u0131n\u0131n aktyorlar\u0131, \u018fm\u0259kdar artistl\u0259r Co\u015fqun R\u0259himov v\u0259 Rafael \u0130sg\u0259nd\u0259rov Ukraynadan sonra bu d\u0259f\u0259 d\u0259 Rusiyadak\u0131 sev\u0259nl\u0259ri il\u0259 g\u00f6r\u00fc\u015f\u00fcb. <strong>ARANTV.AZ<\/strong>\u00a0 x\u0259b\u0259r verir ki, bu d\u0259f\u0259 \u201cBu \u015e\u0259h\u0259rd\u0259\u201d komandas\u0131 Yekaterinburqda konsert verib. Aktyorlar\u0131n sev\u0259nl\u0259ri onlarla g\u00f6r\u00fc\u015f\u00fcb, \u015f\u0259kil \u00e7\u0259kdirib. Gec\u0259nin apar\u0131c\u0131l\u0131\u011f\u0131 \u018fm\u0259kdar artist R\u0259\u015fad \u0130lyasova h\u0259val\u0259 olunub. \u201cBu \u015f\u0259h\u0259rd\u0259\u201d komandas\u0131 D\u00fcnya Az\u0259rbaycanlar\u0131n\u0131n H\u0259mr\u0259ylik g\u00fcn\u00fcn\u0259 h\u0259sr olunmu\u015f konsertind\u0259 t\u0259\u015fkilat\u0131 d\u0259st\u0259yi g\u00f6r\u0259 Diasporla \u0130\u015f \u00fczr\u0259 D\u00f6vl\u0259t Komit\u0259sinin s\u0259dri Fuad Muradova, Sverdlovsk vilay\u0259tind\u0259ki Az\u0259rbaycan diasporunun r\u0259hb\u0259ri \u015eahin \u015e\u0131xl\u0131nskiy\u0259 v\u0259 Amor g\u0259ncl\u0259r t\u0259\u015fkilat\u0131n\u0131n Yekaterinburqdak\u0131 n\u00fcmay\u0259nd\u0259l\u0259yi \u00f6z minn\u0259tdarl\u0131\u011f\u0131n\u0131 bildirib. \u201cBu \u015e\u0259h\u0259rd\u0259\u201dnin qastrol s\u0259f\u0259rind\u0259n g\u00f6r\u00fcnt\u00fcl\u0259rini t\u0259qdim edirik:<\/p>\n<p><img loading=\"lazy\" class=\"alignnone size-medium wp-image-110904\" src=\"https:\/\/arantv.az\/wp-content\/uploads\/2019\/12\/79728758_544179456179684_1291221839539863552_n-1-225x300.jpg\" alt=\"\" width=\"225\" height=\"300\" \/><\/p>\n","protected":false},"excerpt":{"rendered":"<p>\u201cBu \u015f\u0259h\u0259rd\u0259\u201d estrada teatr\u0131n\u0131n aktyorlar\u0131, \u018fm\u0259kdar artistl\u0259r Co\u015fqun R\u0259himov v\u0259 Rafael \u0130sg\u0259nd\u0259rov Ukraynadan sonra bu d\u0259f\u0259 d\u0259 Rusiyadak\u0131 sev\u0259nl\u0259ri il\u0259 g\u00f6r\u00fc\u015f\u00fcb. ARANTV.AZ\u00a0 x\u0259b\u0259r verir ki, bu d\u0259f\u0259 \u201cBu \u015e\u0259h\u0259rd\u0259\u201d komandas\u0131 Yekaterinburqda konsert verib. Aktyorlar\u0131n sev\u0259nl\u0259ri onlarla g\u00f6r\u00fc\u015f\u00fcb, \u015f\u0259kil \u00e7\u0259kdirib. Gec\u0259nin apar\u0131c\u0131l\u0131\u011f\u0131 \u018fm\u0259kdar artist R\u0259\u015fad \u0130lyasova h\u0259val\u0259 olunub. \u201cBu \u015f\u0259h\u0259rd\u0259\u201d komandas\u0131 D\u00fcnya Az\u0259rbaycanlar\u0131n\u0131n H\u0259mr\u0259ylik g\u00fcn\u00fcn\u0259 h\u0259sr olunmu\u015f konsertind\u0259 t\u0259\u015fkilat\u0131 d\u0259st\u0259yi g\u00f6r\u0259 Diasporla \u0130\u015f \u00fczr\u0259 D\u00f6vl\u0259t Komit\u0259sinin s\u0259dri Fuad Muradova, Sverdlovsk vilay\u0259tind\u0259ki Az\u0259rbaycan diasporunun r\u0259hb\u0259ri \u015eahin \u015e\u0131xl\u0131nskiy\u0259 v\u0259 Amor g\u0259ncl\u0259r t\u0259\u015fkilat\u0131n\u0131n Yekaterinburqdak\u0131 n\u00fcmay\u0259nd\u0259l\u0259yi \u00f6z minn\u0259tdarl\u0131\u011f\u0131n\u0131 bildirib. \u201cBu \u015e\u0259h\u0259rd\u0259\u201dnin qastrol s\u0259f\u0259rind\u0259n g\u00f6r\u00fcnt\u00fcl\u0259rini t\u0259qdim&hellip;<\/p>\n","protected":false},"author":2,"featured_media":110902,"comment_status":"closed","ping_status":"closed","sticky":false,"template":"","format":"standard","meta":{"om_disable_all_campaigns":false,"_monsterinsights_skip_tracking":false,"_monsterinsights_sitenote_active":false,"_monsterinsights_sitenote_note":"","_monsterinsights_sitenote_category":0},"categories":[24],"tags":[],"aioseo_notices":[],"gutentor_comment":0,"rttpg_featured_image_url":{"full":["https:\/\/arantv.az\/wp-content\/uploads\/2019\/12\/80880191_575237953034449_160741689378471936_n.jpg",960,720,false],"landscape":["https:\/\/arantv.az\/wp-content\/uploads\/2019\/12\/80880191_575237953034449_160741689378471936_n.jpg",960,720,false],"portraits":["https:\/\/arantv.az\/wp-content\/uploads\/2019\/12\/80880191_575237953034449_160741689378471936_n.jpg",960,720,false],"thumbnail":["https:\/\/arantv.az\/wp-content\/uploads\/2019\/12\/80880191_575237953034449_160741689378471936_n-150x150.jpg",150,150,true],"medium":["https:\/\/arantv.az\/wp-content\/uploads\/2019\/12\/80880191_575237953034449_160741689378471936_n-300x225.jpg",300,225,true],"large":["https:\/\/arantv.az\/wp-content\/uploads\/2019\/12\/80880191_575237953034449_160741689378471936_n.jpg",640,480,false],"1536x1536":["https:\/\/arantv.az\/wp-content\/uploads\/2019\/12\/80880191_575237953034449_160741689378471936_n.jpg",960,720,false],"2048x2048":["https:\/\/arantv.az\/wp-content\/uploads\/2019\/12\/80880191_575237953034449_160741689378471936_n.jpg",960,720,false],"post-thumbnail":["https:\/\/arantv.az\/wp-content\/uploads\/2019\/12\/80880191_575237953034449_160741689378471936_n-240x172.jpg",240,172,true],"advps-thumb-one":["https:\/\/arantv.az\/wp-content\/uploads\/2019\/12\/80880191_575237953034449_160741689378471936_n-960x620.jpg",960,620,true]},"rttpg_author":{"display_name":"V\u00fcsal Rafiqo\u011flu","author_link":"https:\/\/arantv.az\/?author=2"},"rttpg_comment":0,"rttpg_category":"<a href=\"https:\/\/arantv.az\/?cat=24\" rel=\"category\">Maraql\u0131<\/a>","rttpg_excerpt":"\u201cBu \u015f\u0259h\u0259rd\u0259\u201d estrada teatr\u0131n\u0131n aktyorlar\u0131, \u018fm\u0259kdar artistl\u0259r Co\u015fqun R\u0259himov v\u0259 Rafael \u0130sg\u0259nd\u0259rov Ukraynadan sonra bu d\u0259f\u0259 d\u0259 Rusiyadak\u0131 sev\u0259nl\u0259ri il\u0259 g\u00f6r\u00fc\u015f\u00fcb. ARANTV.AZ\u00a0 x\u0259b\u0259r verir ki, bu d\u0259f\u0259 \u201cBu \u015e\u0259h\u0259rd\u0259\u201d komandas\u0131 Yekaterinburqda konsert verib. Aktyorlar\u0131n sev\u0259nl\u0259ri onlarla g\u00f6r\u00fc\u015f\u00fcb, \u015f\u0259kil \u00e7\u0259kdirib. Gec\u0259nin apar\u0131c\u0131l\u0131\u011f\u0131 \u018fm\u0259kdar artist R\u0259\u015fad \u0130lyasova h\u0259val\u0259 olunub. \u201cBu \u015f\u0259h\u0259rd\u0259\u201d komandas\u0131 D\u00fcnya Az\u0259rbaycanlar\u0131n\u0131n H\u0259mr\u0259ylik g\u00fcn\u00fcn\u0259 h\u0259sr&hellip;","_links":{"self":[{"href":"https:\/\/arantv.az\/index.php?rest_route=\/wp\/v2\/posts\/110901"}],"collection":[{"href":"https:\/\/arantv.az\/index.php?rest_route=\/wp\/v2\/posts"}],"about":[{"href":"https:\/\/arantv.az\/index.php?rest_route=\/wp\/v2\/types\/post"}],"author":[{"embeddable":true,"href":"https:\/\/arantv.az\/index.php?rest_route=\/wp\/v2\/users\/2"}],"replies":[{"embeddable":true,"href":"https:\/\/arantv.az\/index.php?rest_route=%2Fwp%2Fv2%2Fcomments&post=110901"}],"version-history":[{"count":0,"href":"https:\/\/arantv.az\/index.php?rest_route=\/wp\/v2\/posts\/110901\/revisions"}],"wp:featuredmedia":[{"embeddable":true,"href":"https:\/\/arantv.az\/index.php?rest_route=\/wp\/v2\/media\/110902"}],"wp:attachment":[{"href":"https:\/\/arantv.az\/index.php?rest_route=%2Fwp%2Fv2%2Fmedia&parent=110901"}],"wp:term":[{"taxonomy":"category","embeddable":true,"href":"https:\/\/arantv.az\/index.php?rest_route=%2Fwp%2Fv2%2Fcategories&post=110901"},{"taxonomy":"post_tag","embeddable":true,"href":"https:\/\/arantv.az\/index.php?rest_route=%2Fwp%2Fv2%2Ftags&post=110901"}],"curies":[{"name":"wp","href":"https:\/\/api.w.org\/{rel}","templated":true}]}}