{"id":110907,"date":"2019-12-24T08:31:18","date_gmt":"2019-12-24T05:31:18","guid":{"rendered":"http:\/\/arantv.az\/?p=110907"},"modified":"2019-12-24T08:31:18","modified_gmt":"2019-12-24T05:31:18","slug":"sam-agaci-obrazi-il%c9%99-gunayi-t%c9%99krarladi-fotolar","status":"publish","type":"post","link":"https:\/\/arantv.az\/?p=110907","title":{"rendered":"\u015eam a\u011fa\u00e7\u0131 obraz\u0131 il\u0259 G\u00fcnay\u0131 t\u0259krarlad\u0131 &#8211; Fotolar"},"content":{"rendered":"<p>T\u00fcrkiy\u0259li m\u00fc\u011f\u0259nni Selen G\u00f6rg\u00fczel fotoqraf Selim Akara fotosessiya etdirib. <strong>ARANTV.AZ<\/strong> x\u0259b\u0259r verir ki, ifa\u00e7\u0131 bu d\u0259f\u0259 Yeni il ab-haval\u0131 \u015f\u0259kill\u0259r \u00e7\u0259kdirib. S.G\u00f6rg\u00fczelin Yeni ilin atributuna \u00e7evril\u0259n \u015eam a\u011fac\u0131 obraz t\u0259rzi is\u0259 m\u00fc\u011f\u0259nni G\u00fcnay \u0130brahimlinin 4 il \u0259vv\u0259l fotossesiyadaki imicin\u0259 b\u0259nz\u0259yib.<\/p>\n<p><img loading=\"lazy\" class=\"alignnone size-medium wp-image-110908\" src=\"https:\/\/arantv.az\/wp-content\/uploads\/2019\/12\/80580547_605762603505340_2261056176877731840_n-300x300.jpg\" alt=\"\" width=\"300\" height=\"300\" \/><\/p>\n","protected":false},"excerpt":{"rendered":"<p>T\u00fcrkiy\u0259li m\u00fc\u011f\u0259nni Selen G\u00f6rg\u00fczel fotoqraf Selim Akara fotosessiya etdirib. ARANTV.AZ x\u0259b\u0259r verir ki, ifa\u00e7\u0131 bu d\u0259f\u0259 Yeni il ab-haval\u0131 \u015f\u0259kill\u0259r \u00e7\u0259kdirib. S.G\u00f6rg\u00fczelin Yeni ilin atributuna \u00e7evril\u0259n \u015eam a\u011fac\u0131 obraz t\u0259rzi is\u0259 m\u00fc\u011f\u0259nni G\u00fcnay \u0130brahimlinin 4 il \u0259vv\u0259l fotossesiyadaki imicin\u0259 b\u0259nz\u0259yib.<\/p>\n","protected":false},"author":2,"featured_media":110909,"comment_status":"closed","ping_status":"closed","sticky":false,"template":"","format":"standard","meta":{"om_disable_all_campaigns":false,"_monsterinsights_skip_tracking":false,"_monsterinsights_sitenote_active":false,"_monsterinsights_sitenote_note":"","_monsterinsights_sitenote_category":0},"categories":[20],"tags":[],"aioseo_notices":[],"gutentor_comment":0,"rttpg_featured_image_url":{"full":["https:\/\/arantv.az\/wp-content\/uploads\/2019\/12\/80244329_427310291484702_104612118996713472_n.jpg",960,960,false],"landscape":["https:\/\/arantv.az\/wp-content\/uploads\/2019\/12\/80244329_427310291484702_104612118996713472_n.jpg",960,960,false],"portraits":["https:\/\/arantv.az\/wp-content\/uploads\/2019\/12\/80244329_427310291484702_104612118996713472_n.jpg",960,960,false],"thumbnail":["https:\/\/arantv.az\/wp-content\/uploads\/2019\/12\/80244329_427310291484702_104612118996713472_n-150x150.jpg",150,150,true],"medium":["https:\/\/arantv.az\/wp-content\/uploads\/2019\/12\/80244329_427310291484702_104612118996713472_n-300x300.jpg",300,300,true],"large":["https:\/\/arantv.az\/wp-content\/uploads\/2019\/12\/80244329_427310291484702_104612118996713472_n.jpg",640,640,false],"1536x1536":["https:\/\/arantv.az\/wp-content\/uploads\/2019\/12\/80244329_427310291484702_104612118996713472_n.jpg",960,960,false],"2048x2048":["https:\/\/arantv.az\/wp-content\/uploads\/2019\/12\/80244329_427310291484702_104612118996713472_n.jpg",960,960,false],"post-thumbnail":["https:\/\/arantv.az\/wp-content\/uploads\/2019\/12\/80244329_427310291484702_104612118996713472_n-240x172.jpg",240,172,true],"advps-thumb-one":["https:\/\/arantv.az\/wp-content\/uploads\/2019\/12\/80244329_427310291484702_104612118996713472_n-960x620.jpg",960,620,true]},"rttpg_author":{"display_name":"V\u00fcsal Rafiqo\u011flu","author_link":"https:\/\/arantv.az\/?author=2"},"rttpg_comment":0,"rttpg_category":"<a href=\"https:\/\/arantv.az\/?cat=20\" rel=\"category\">\u015eou biznes<\/a>","rttpg_excerpt":"T\u00fcrkiy\u0259li m\u00fc\u011f\u0259nni Selen G\u00f6rg\u00fczel fotoqraf Selim Akara fotosessiya etdirib. ARANTV.AZ x\u0259b\u0259r verir ki, ifa\u00e7\u0131 bu d\u0259f\u0259 Yeni il ab-haval\u0131 \u015f\u0259kill\u0259r \u00e7\u0259kdirib. S.G\u00f6rg\u00fczelin Yeni ilin atributuna \u00e7evril\u0259n \u015eam a\u011fac\u0131 obraz t\u0259rzi is\u0259 m\u00fc\u011f\u0259nni G\u00fcnay \u0130brahimlinin 4 il \u0259vv\u0259l fotossesiyadaki imicin\u0259 b\u0259nz\u0259yib.","_links":{"self":[{"href":"https:\/\/arantv.az\/index.php?rest_route=\/wp\/v2\/posts\/110907"}],"collection":[{"href":"https:\/\/arantv.az\/index.php?rest_route=\/wp\/v2\/posts"}],"about":[{"href":"https:\/\/arantv.az\/index.php?rest_route=\/wp\/v2\/types\/post"}],"author":[{"embeddable":true,"href":"https:\/\/arantv.az\/index.php?rest_route=\/wp\/v2\/users\/2"}],"replies":[{"embeddable":true,"href":"https:\/\/arantv.az\/index.php?rest_route=%2Fwp%2Fv2%2Fcomments&post=110907"}],"version-history":[{"count":0,"href":"https:\/\/arantv.az\/index.php?rest_route=\/wp\/v2\/posts\/110907\/revisions"}],"wp:featuredmedia":[{"embeddable":true,"href":"https:\/\/arantv.az\/index.php?rest_route=\/wp\/v2\/media\/110909"}],"wp:attachment":[{"href":"https:\/\/arantv.az\/index.php?rest_route=%2Fwp%2Fv2%2Fmedia&parent=110907"}],"wp:term":[{"taxonomy":"category","embeddable":true,"href":"https:\/\/arantv.az\/index.php?rest_route=%2Fwp%2Fv2%2Fcategories&post=110907"},{"taxonomy":"post_tag","embeddable":true,"href":"https:\/\/arantv.az\/index.php?rest_route=%2Fwp%2Fv2%2Ftags&post=110907"}],"curies":[{"name":"wp","href":"https:\/\/api.w.org\/{rel}","templated":true}]}}