{"id":110912,"date":"2019-12-24T08:48:54","date_gmt":"2019-12-24T05:48:54","guid":{"rendered":"http:\/\/arantv.az\/?p=110912"},"modified":"2019-12-24T08:48:54","modified_gmt":"2019-12-24T05:48:54","slug":"levla-%c9%99liyeva-ilham-%c9%99liyevi-bel%c9%99-t%c9%99brik-etdi-video","status":"publish","type":"post","link":"https:\/\/arantv.az\/?p=110912","title":{"rendered":"Levla \u018fliyeva \u0130lham \u018fliyevi bel\u0259 t\u0259brik etdi &#8211; V\u0130DEO"},"content":{"rendered":"<p>Bu g\u00fcn Az\u0259rbaycan Respublikas\u0131n\u0131n Prezidenti \u0130lham \u018fliyevin do\u011fum g\u00fcn\u00fcd\u00fcr.<\/p>\n<p><b>ARANTV.AZ\u00a0<\/b>x\u0259b\u0259r verir ki, prezidentin q\u0131z\u0131, Heyd\u0259r \u018fliyev Fondunun vitse-prezidenti Leyla \u018fliyeva \u201cInstagram\u201d hesab\u0131nda ona t\u0259brik \u00fcnvanlay\u0131b.<\/p>\n<div id=\"AdviadNativeVideo0\" class=\"AdviadNativeVideo\"><\/div>\n<p>O, atas\u0131 il\u0259 ba\u011fl\u0131 video\u00a0payla\u015f\u0131b.<\/p>\n<p>Qeyd ed\u0259k ki, bu g\u00fcn \u0130lham Heyd\u0259r o\u011flu \u018fliyevin 58 ya\u015f\u0131 tamam olur.<\/p>\n<div><iframe loading=\"lazy\" id=\"instagram-embed-0\" class=\"instagram-media instagram-media-rendered\" src=\"https:\/\/www.instagram.com\/tv\/B6cUqa3g2TT\/embed\/?cr=1&amp;v=12&amp;wp=540&amp;rd=https%3A%2F%2Foxu.az&amp;rp=%2Fpolitics%2F351011#%7B%22ci%22%3A0%2C%22os%22%3A2009.7000000000662%2C%22ls%22%3A1362.184999999954%2C%22le%22%3A1490.4800000003888%7D\" width=\"300\" height=\"881\" frameborder=\"0\" scrolling=\"no\" allowfullscreen=\"allowfullscreen\" data-instgrm-payload-id=\"instagram-media-payload-0\" data-mce-fragment=\"1\"><\/iframe><\/div>\n<p>Oxu.Az<\/p>\n","protected":false},"excerpt":{"rendered":"<p>Bu g\u00fcn Az\u0259rbaycan Respublikas\u0131n\u0131n Prezidenti \u0130lham \u018fliyevin do\u011fum g\u00fcn\u00fcd\u00fcr. ARANTV.AZ\u00a0x\u0259b\u0259r verir ki, prezidentin q\u0131z\u0131, Heyd\u0259r \u018fliyev Fondunun vitse-prezidenti Leyla \u018fliyeva \u201cInstagram\u201d hesab\u0131nda ona t\u0259brik \u00fcnvanlay\u0131b. O, atas\u0131 il\u0259 ba\u011fl\u0131 video\u00a0payla\u015f\u0131b. Qeyd ed\u0259k ki, bu g\u00fcn \u0130lham Heyd\u0259r o\u011flu \u018fliyevin 58 ya\u015f\u0131 tamam olur. Oxu.Az<\/p>\n","protected":false},"author":2,"featured_media":110913,"comment_status":"closed","ping_status":"closed","sticky":false,"template":"","format":"standard","meta":{"om_disable_all_campaigns":false,"_monsterinsights_skip_tracking":false,"_monsterinsights_sitenote_active":false,"_monsterinsights_sitenote_note":"","_monsterinsights_sitenote_category":0},"categories":[4],"tags":[],"aioseo_notices":[],"gutentor_comment":0,"rttpg_featured_image_url":{"full":["https:\/\/arantv.az\/wp-content\/uploads\/2019\/12\/02-1.jpg",620,413,false],"landscape":["https:\/\/arantv.az\/wp-content\/uploads\/2019\/12\/02-1.jpg",620,413,false],"portraits":["https:\/\/arantv.az\/wp-content\/uploads\/2019\/12\/02-1.jpg",620,413,false],"thumbnail":["https:\/\/arantv.az\/wp-content\/uploads\/2019\/12\/02-1-150x150.jpg",150,150,true],"medium":["https:\/\/arantv.az\/wp-content\/uploads\/2019\/12\/02-1-300x200.jpg",300,200,true],"large":["https:\/\/arantv.az\/wp-content\/uploads\/2019\/12\/02-1.jpg",620,413,false],"1536x1536":["https:\/\/arantv.az\/wp-content\/uploads\/2019\/12\/02-1.jpg",620,413,false],"2048x2048":["https:\/\/arantv.az\/wp-content\/uploads\/2019\/12\/02-1.jpg",620,413,false],"post-thumbnail":["https:\/\/arantv.az\/wp-content\/uploads\/2019\/12\/02-1-240x172.jpg",240,172,true],"advps-thumb-one":["https:\/\/arantv.az\/wp-content\/uploads\/2019\/12\/02-1.jpg",620,413,false]},"rttpg_author":{"display_name":"V\u00fcsal Rafiqo\u011flu","author_link":"https:\/\/arantv.az\/?author=2"},"rttpg_comment":0,"rttpg_category":"<a href=\"https:\/\/arantv.az\/?cat=4\" rel=\"category\">Siyas\u0259t<\/a>","rttpg_excerpt":"Bu g\u00fcn Az\u0259rbaycan Respublikas\u0131n\u0131n Prezidenti \u0130lham \u018fliyevin do\u011fum g\u00fcn\u00fcd\u00fcr. ARANTV.AZ\u00a0x\u0259b\u0259r verir ki, prezidentin q\u0131z\u0131, Heyd\u0259r \u018fliyev Fondunun vitse-prezidenti Leyla \u018fliyeva \u201cInstagram\u201d hesab\u0131nda ona t\u0259brik \u00fcnvanlay\u0131b. O, atas\u0131 il\u0259 ba\u011fl\u0131 video\u00a0payla\u015f\u0131b. Qeyd ed\u0259k ki, bu g\u00fcn \u0130lham Heyd\u0259r o\u011flu \u018fliyevin 58 ya\u015f\u0131 tamam olur. Oxu.Az","_links":{"self":[{"href":"https:\/\/arantv.az\/index.php?rest_route=\/wp\/v2\/posts\/110912"}],"collection":[{"href":"https:\/\/arantv.az\/index.php?rest_route=\/wp\/v2\/posts"}],"about":[{"href":"https:\/\/arantv.az\/index.php?rest_route=\/wp\/v2\/types\/post"}],"author":[{"embeddable":true,"href":"https:\/\/arantv.az\/index.php?rest_route=\/wp\/v2\/users\/2"}],"replies":[{"embeddable":true,"href":"https:\/\/arantv.az\/index.php?rest_route=%2Fwp%2Fv2%2Fcomments&post=110912"}],"version-history":[{"count":0,"href":"https:\/\/arantv.az\/index.php?rest_route=\/wp\/v2\/posts\/110912\/revisions"}],"wp:featuredmedia":[{"embeddable":true,"href":"https:\/\/arantv.az\/index.php?rest_route=\/wp\/v2\/media\/110913"}],"wp:attachment":[{"href":"https:\/\/arantv.az\/index.php?rest_route=%2Fwp%2Fv2%2Fmedia&parent=110912"}],"wp:term":[{"taxonomy":"category","embeddable":true,"href":"https:\/\/arantv.az\/index.php?rest_route=%2Fwp%2Fv2%2Fcategories&post=110912"},{"taxonomy":"post_tag","embeddable":true,"href":"https:\/\/arantv.az\/index.php?rest_route=%2Fwp%2Fv2%2Ftags&post=110912"}],"curies":[{"name":"wp","href":"https:\/\/api.w.org\/{rel}","templated":true}]}}