{"id":110924,"date":"2019-12-24T08:56:43","date_gmt":"2019-12-24T05:56:43","guid":{"rendered":"http:\/\/arantv.az\/?p=110924"},"modified":"2019-12-24T08:56:43","modified_gmt":"2019-12-24T05:56:43","slug":"bakida-toyotaya-cirpilan-mercedes-yandi-video","status":"publish","type":"post","link":"https:\/\/arantv.az\/?p=110924","title":{"rendered":"Bak\u0131da \u201cToyota\u201dya \u00e7\u0131rp\u0131lan \u201cMercedes\u201d yand\u0131 &#8211; V\u0130DEO"},"content":{"rendered":"<p>Gec\u0259 saatlar\u0131nda Bak\u0131n\u0131n N\u0259simi rayonunda a\u011f\u0131r yol-n\u0259qliyyat hadis\u0259si ba\u015f verib.<\/p>\n<p><b>ARANTV.AZ\u00a0<\/b>x\u0259b\u0259r verir ki, hadis\u0259 N\u0259simi rayonunda qeyd\u0259 al\u0131n\u0131b.<\/p>\n<p>Q\u0259za zaman\u0131 \u201cToyota\u201d v\u0259 \u201cMercedes\u201d markal\u0131 avtomobill\u0259r toqqu\u015fub.<\/p>\n<div id=\"AdviadNativeVideo0\" class=\"AdviadNativeVideo\"><\/div>\n<p>Toqqu\u015fmadan sonra \u201cMercedes\u201d yan\u0131b.<\/p>\n<p>F\u00f6vq\u0259lad\u0259 Hallar Nazirliyind\u0259n veril\u0259n m\u0259lumata g\u00f6r\u0259, avtomobilin qalan hiss\u0259si v\u0259 dig\u0259r avtomobil yan\u011f\u0131ndan m\u00fchafiz\u0259 olunub.<\/p>\n<p>Yan\u011f\u0131n\u00a0s\u00f6nd\u00fcr\u00fcl\u00fcb.Oxu.Az<\/p>\n<div><iframe loading=\"lazy\" src=\"https:\/\/player.baku.tv\/embed\/12232\" width=\"560\" height=\"315\" frameborder=\"0\" allowfullscreen=\"allowfullscreen\" data-mce-fragment=\"1\"><\/iframe><\/div>\n<p>&nbsp;<\/p>\n","protected":false},"excerpt":{"rendered":"<p>Gec\u0259 saatlar\u0131nda Bak\u0131n\u0131n N\u0259simi rayonunda a\u011f\u0131r yol-n\u0259qliyyat hadis\u0259si ba\u015f verib. ARANTV.AZ\u00a0x\u0259b\u0259r verir ki, hadis\u0259 N\u0259simi rayonunda qeyd\u0259 al\u0131n\u0131b. Q\u0259za zaman\u0131 \u201cToyota\u201d v\u0259 \u201cMercedes\u201d markal\u0131 avtomobill\u0259r toqqu\u015fub. Toqqu\u015fmadan sonra \u201cMercedes\u201d yan\u0131b. F\u00f6vq\u0259lad\u0259 Hallar Nazirliyind\u0259n veril\u0259n m\u0259lumata g\u00f6r\u0259, avtomobilin qalan hiss\u0259si v\u0259 dig\u0259r avtomobil yan\u011f\u0131ndan m\u00fchafiz\u0259 olunub. Yan\u011f\u0131n\u00a0s\u00f6nd\u00fcr\u00fcl\u00fcb.Oxu.Az &nbsp;<\/p>\n","protected":false},"author":2,"featured_media":110925,"comment_status":"closed","ping_status":"closed","sticky":false,"template":"","format":"standard","meta":{"om_disable_all_campaigns":false,"_monsterinsights_skip_tracking":false,"_monsterinsights_sitenote_active":false,"_monsterinsights_sitenote_note":"","_monsterinsights_sitenote_category":0},"categories":[5],"tags":[],"aioseo_notices":[],"gutentor_comment":0,"rttpg_featured_image_url":{"full":["https:\/\/arantv.az\/wp-content\/uploads\/2019\/12\/FotoJet-10.jpg",620,409,false],"landscape":["https:\/\/arantv.az\/wp-content\/uploads\/2019\/12\/FotoJet-10.jpg",620,409,false],"portraits":["https:\/\/arantv.az\/wp-content\/uploads\/2019\/12\/FotoJet-10.jpg",620,409,false],"thumbnail":["https:\/\/arantv.az\/wp-content\/uploads\/2019\/12\/FotoJet-10-150x150.jpg",150,150,true],"medium":["https:\/\/arantv.az\/wp-content\/uploads\/2019\/12\/FotoJet-10-300x198.jpg",300,198,true],"large":["https:\/\/arantv.az\/wp-content\/uploads\/2019\/12\/FotoJet-10.jpg",620,409,false],"1536x1536":["https:\/\/arantv.az\/wp-content\/uploads\/2019\/12\/FotoJet-10.jpg",620,409,false],"2048x2048":["https:\/\/arantv.az\/wp-content\/uploads\/2019\/12\/FotoJet-10.jpg",620,409,false],"post-thumbnail":["https:\/\/arantv.az\/wp-content\/uploads\/2019\/12\/FotoJet-10-240x172.jpg",240,172,true],"advps-thumb-one":["https:\/\/arantv.az\/wp-content\/uploads\/2019\/12\/FotoJet-10.jpg",620,409,false]},"rttpg_author":{"display_name":"V\u00fcsal Rafiqo\u011flu","author_link":"https:\/\/arantv.az\/?author=2"},"rttpg_comment":0,"rttpg_category":"<a href=\"https:\/\/arantv.az\/?cat=5\" rel=\"category\">Hadis\u0259<\/a>","rttpg_excerpt":"Gec\u0259 saatlar\u0131nda Bak\u0131n\u0131n N\u0259simi rayonunda a\u011f\u0131r yol-n\u0259qliyyat hadis\u0259si ba\u015f verib. ARANTV.AZ\u00a0x\u0259b\u0259r verir ki, hadis\u0259 N\u0259simi rayonunda qeyd\u0259 al\u0131n\u0131b. Q\u0259za zaman\u0131 \u201cToyota\u201d v\u0259 \u201cMercedes\u201d markal\u0131 avtomobill\u0259r toqqu\u015fub. Toqqu\u015fmadan sonra \u201cMercedes\u201d yan\u0131b. F\u00f6vq\u0259lad\u0259 Hallar Nazirliyind\u0259n veril\u0259n m\u0259lumata g\u00f6r\u0259, avtomobilin qalan hiss\u0259si v\u0259 dig\u0259r avtomobil yan\u011f\u0131ndan m\u00fchafiz\u0259 olunub. Yan\u011f\u0131n\u00a0s\u00f6nd\u00fcr\u00fcl\u00fcb.Oxu.Az &nbsp;","_links":{"self":[{"href":"https:\/\/arantv.az\/index.php?rest_route=\/wp\/v2\/posts\/110924"}],"collection":[{"href":"https:\/\/arantv.az\/index.php?rest_route=\/wp\/v2\/posts"}],"about":[{"href":"https:\/\/arantv.az\/index.php?rest_route=\/wp\/v2\/types\/post"}],"author":[{"embeddable":true,"href":"https:\/\/arantv.az\/index.php?rest_route=\/wp\/v2\/users\/2"}],"replies":[{"embeddable":true,"href":"https:\/\/arantv.az\/index.php?rest_route=%2Fwp%2Fv2%2Fcomments&post=110924"}],"version-history":[{"count":0,"href":"https:\/\/arantv.az\/index.php?rest_route=\/wp\/v2\/posts\/110924\/revisions"}],"wp:featuredmedia":[{"embeddable":true,"href":"https:\/\/arantv.az\/index.php?rest_route=\/wp\/v2\/media\/110925"}],"wp:attachment":[{"href":"https:\/\/arantv.az\/index.php?rest_route=%2Fwp%2Fv2%2Fmedia&parent=110924"}],"wp:term":[{"taxonomy":"category","embeddable":true,"href":"https:\/\/arantv.az\/index.php?rest_route=%2Fwp%2Fv2%2Fcategories&post=110924"},{"taxonomy":"post_tag","embeddable":true,"href":"https:\/\/arantv.az\/index.php?rest_route=%2Fwp%2Fv2%2Ftags&post=110924"}],"curies":[{"name":"wp","href":"https:\/\/api.w.org\/{rel}","templated":true}]}}