{"id":11096,"date":"2018-09-04T09:40:42","date_gmt":"2018-09-04T06:40:42","guid":{"rendered":"http:\/\/arantv.az\/?p=11096"},"modified":"2018-09-04T09:40:42","modified_gmt":"2018-09-04T06:40:42","slug":"bas-nazir-dovl%c9%99t-komit%c9%99sinin-kollegiyasinin-t%c9%99rkibind%c9%99-d%c9%99yisiklik-etdi","status":"publish","type":"post","link":"https:\/\/arantv.az\/?p=11096","title":{"rendered":"Ba\u015f nazir D\u00f6vl\u0259t Komit\u0259sinin kollegiyas\u0131n\u0131n t\u0259rkibind\u0259 d\u0259yi\u015fiklik etdi"},"content":{"rendered":"<div class=\"spot\">D\u00f6vl\u0259t \u015e\u0259h\u0259rsalma v\u0259 Arxitektura Komit\u0259sinin kollegiyas\u0131n\u0131n t\u0259rkibind\u0259 d\u0259yi\u015fiklikl\u0259r edilib.<\/div>\n<p><strong>ARANTV.AZ<\/strong>-\u0131n m\u0259lumat\u0131na g\u00f6r\u0259, bu bar\u0259d\u0259 q\u0259rar\u0131 Ba\u015f nazir Novruz M\u0259mm\u0259dov imzalay\u0131b.<\/p>\n<p>D\u0259yi\u015fikliy\u0259 \u0259sas\u0259n, D\u00f6vl\u0259t \u015e\u0259h\u0259rsalma v\u0259 Arxitektura Komit\u0259sinin kollegiya \u00fczvl\u0259rinin say\u0131 9 n\u0259f\u0259rd\u0259n ibar\u0259t m\u00fc\u0259yy\u0259nl\u0259\u015fdirilib v\u0259 a\u015fa\u011f\u0131dak\u0131 t\u0259rkibd\u0259 t\u0259sdiq edilib:<\/p>\n<p>Kollegiyan\u0131n s\u0259dri:<\/p>\n<p>D\u00f6vl\u0259t \u015e\u0259h\u0259rsalma v\u0259 Arxitektura Komit\u0259sinin s\u0259dri.<\/p>\n<div id=\"AdributorNativeVideo0\" class=\"AdributorNativeVideo\"><\/div>\n<p>Kollegiyan\u0131n \u00fczvl\u0259ri:<\/p>\n<p>D\u00f6vl\u0259t \u015e\u0259h\u0259rsalma v\u0259 Arxitektura Komit\u0259si s\u0259drinin m\u00fcavinl\u0259ri;<\/p>\n<p>Nax\u00e7\u0131van Muxtar Respublikas\u0131 D\u00f6vl\u0259t \u015e\u0259h\u0259rsalma v\u0259 Arxitektura Komit\u0259sinin s\u0259dri;<\/p>\n<p>D\u00f6vl\u0259t \u015e\u0259h\u0259rsalma v\u0259 Arxitektura Komit\u0259si Aparat\u0131n\u0131n r\u0259hb\u0259ri;<\/p>\n<p>Bak\u0131 \u015e\u0259h\u0259r Memarl\u0131q v\u0259 \u015e\u0259h\u0259rsalma Ba\u015f \u0130dar\u0259sinin r\u0259isi;<\/p>\n<p>D\u00f6vl\u0259t \u015e\u0259h\u0259rsalma v\u0259 Arxitektura Komit\u0259sinin \u201cAz\u0259rmemarlayih\u0259\u201d D\u00f6vl\u0259t Ba\u015f Layih\u0259 \u0130nstitutunun direktoru;<\/p>\n<p>D\u00f6vl\u0259t \u015e\u0259h\u0259rsalma v\u0259 Arxitektura Komit\u0259sinin Bak\u0131 D\u00f6vl\u0259t Layih\u0259 \u0130nstitutunun direktoru;<\/p>\n<p>D\u00f6vl\u0259t \u015e\u0259h\u0259rsalma v\u0259 Arxitektura Komit\u0259sinin Az\u0259rbaycan \u0130n\u015faat v\u0259 Memarl\u0131q Elmi-T\u0259dqiqat \u0130nstitutunun direktoru.\u00f6lk\u0259.az<\/p>\n","protected":false},"excerpt":{"rendered":"<p>D\u00f6vl\u0259t \u015e\u0259h\u0259rsalma v\u0259 Arxitektura Komit\u0259sinin kollegiyas\u0131n\u0131n t\u0259rkibind\u0259 d\u0259yi\u015fiklikl\u0259r edilib. ARANTV.AZ-\u0131n m\u0259lumat\u0131na g\u00f6r\u0259, bu bar\u0259d\u0259 q\u0259rar\u0131 Ba\u015f nazir Novruz M\u0259mm\u0259dov imzalay\u0131b. D\u0259yi\u015fikliy\u0259 \u0259sas\u0259n, D\u00f6vl\u0259t \u015e\u0259h\u0259rsalma v\u0259 Arxitektura Komit\u0259sinin kollegiya \u00fczvl\u0259rinin say\u0131 9 n\u0259f\u0259rd\u0259n ibar\u0259t m\u00fc\u0259yy\u0259nl\u0259\u015fdirilib v\u0259 a\u015fa\u011f\u0131dak\u0131 t\u0259rkibd\u0259 t\u0259sdiq edilib: Kollegiyan\u0131n s\u0259dri: D\u00f6vl\u0259t \u015e\u0259h\u0259rsalma v\u0259 Arxitektura Komit\u0259sinin s\u0259dri. Kollegiyan\u0131n \u00fczvl\u0259ri: D\u00f6vl\u0259t \u015e\u0259h\u0259rsalma v\u0259 Arxitektura Komit\u0259si s\u0259drinin m\u00fcavinl\u0259ri; Nax\u00e7\u0131van Muxtar Respublikas\u0131 D\u00f6vl\u0259t \u015e\u0259h\u0259rsalma v\u0259 Arxitektura Komit\u0259sinin s\u0259dri; D\u00f6vl\u0259t \u015e\u0259h\u0259rsalma v\u0259 Arxitektura Komit\u0259si Aparat\u0131n\u0131n r\u0259hb\u0259ri; Bak\u0131 \u015e\u0259h\u0259r Memarl\u0131q v\u0259 \u015e\u0259h\u0259rsalma Ba\u015f \u0130dar\u0259sinin r\u0259isi; D\u00f6vl\u0259t \u015e\u0259h\u0259rsalma v\u0259 Arxitektura Komit\u0259sinin \u201cAz\u0259rmemarlayih\u0259\u201d D\u00f6vl\u0259t Ba\u015f Layih\u0259 \u0130nstitutunun&hellip;<\/p>\n","protected":false},"author":2,"featured_media":11097,"comment_status":"closed","ping_status":"closed","sticky":false,"template":"","format":"standard","meta":{"om_disable_all_campaigns":false,"_monsterinsights_skip_tracking":false,"_monsterinsights_sitenote_active":false,"_monsterinsights_sitenote_note":"","_monsterinsights_sitenote_category":0},"categories":[19],"tags":[],"aioseo_notices":[],"gutentor_comment":0,"rttpg_featured_image_url":{"full":["https:\/\/arantv.az\/wp-content\/uploads\/2018\/09\/novru.jpg",620,375,false],"landscape":["https:\/\/arantv.az\/wp-content\/uploads\/2018\/09\/novru.jpg",620,375,false],"portraits":["https:\/\/arantv.az\/wp-content\/uploads\/2018\/09\/novru.jpg",620,375,false],"thumbnail":["https:\/\/arantv.az\/wp-content\/uploads\/2018\/09\/novru-150x150.jpg",150,150,true],"medium":["https:\/\/arantv.az\/wp-content\/uploads\/2018\/09\/novru-300x181.jpg",300,181,true],"large":["https:\/\/arantv.az\/wp-content\/uploads\/2018\/09\/novru.jpg",620,375,false],"1536x1536":["https:\/\/arantv.az\/wp-content\/uploads\/2018\/09\/novru.jpg",620,375,false],"2048x2048":["https:\/\/arantv.az\/wp-content\/uploads\/2018\/09\/novru.jpg",620,375,false],"post-thumbnail":["https:\/\/arantv.az\/wp-content\/uploads\/2018\/09\/novru-240x172.jpg",240,172,true],"advps-thumb-one":["https:\/\/arantv.az\/wp-content\/uploads\/2018\/09\/novru.jpg",620,375,false]},"rttpg_author":{"display_name":"V\u00fcsal Rafiqo\u011flu","author_link":"https:\/\/arantv.az\/?author=2"},"rttpg_comment":0,"rttpg_category":"<a href=\"https:\/\/arantv.az\/?cat=19\" rel=\"category\">G\u00fcnd\u0259m<\/a>","rttpg_excerpt":"D\u00f6vl\u0259t \u015e\u0259h\u0259rsalma v\u0259 Arxitektura Komit\u0259sinin kollegiyas\u0131n\u0131n t\u0259rkibind\u0259 d\u0259yi\u015fiklikl\u0259r edilib. ARANTV.AZ-\u0131n m\u0259lumat\u0131na g\u00f6r\u0259, bu bar\u0259d\u0259 q\u0259rar\u0131 Ba\u015f nazir Novruz M\u0259mm\u0259dov imzalay\u0131b. D\u0259yi\u015fikliy\u0259 \u0259sas\u0259n, D\u00f6vl\u0259t \u015e\u0259h\u0259rsalma v\u0259 Arxitektura Komit\u0259sinin kollegiya \u00fczvl\u0259rinin say\u0131 9 n\u0259f\u0259rd\u0259n ibar\u0259t m\u00fc\u0259yy\u0259nl\u0259\u015fdirilib v\u0259 a\u015fa\u011f\u0131dak\u0131 t\u0259rkibd\u0259 t\u0259sdiq edilib: Kollegiyan\u0131n s\u0259dri: D\u00f6vl\u0259t \u015e\u0259h\u0259rsalma v\u0259 Arxitektura Komit\u0259sinin s\u0259dri. Kollegiyan\u0131n \u00fczvl\u0259ri: D\u00f6vl\u0259t \u015e\u0259h\u0259rsalma v\u0259 Arxitektura Komit\u0259si s\u0259drinin&hellip;","_links":{"self":[{"href":"https:\/\/arantv.az\/index.php?rest_route=\/wp\/v2\/posts\/11096"}],"collection":[{"href":"https:\/\/arantv.az\/index.php?rest_route=\/wp\/v2\/posts"}],"about":[{"href":"https:\/\/arantv.az\/index.php?rest_route=\/wp\/v2\/types\/post"}],"author":[{"embeddable":true,"href":"https:\/\/arantv.az\/index.php?rest_route=\/wp\/v2\/users\/2"}],"replies":[{"embeddable":true,"href":"https:\/\/arantv.az\/index.php?rest_route=%2Fwp%2Fv2%2Fcomments&post=11096"}],"version-history":[{"count":0,"href":"https:\/\/arantv.az\/index.php?rest_route=\/wp\/v2\/posts\/11096\/revisions"}],"wp:featuredmedia":[{"embeddable":true,"href":"https:\/\/arantv.az\/index.php?rest_route=\/wp\/v2\/media\/11097"}],"wp:attachment":[{"href":"https:\/\/arantv.az\/index.php?rest_route=%2Fwp%2Fv2%2Fmedia&parent=11096"}],"wp:term":[{"taxonomy":"category","embeddable":true,"href":"https:\/\/arantv.az\/index.php?rest_route=%2Fwp%2Fv2%2Fcategories&post=11096"},{"taxonomy":"post_tag","embeddable":true,"href":"https:\/\/arantv.az\/index.php?rest_route=%2Fwp%2Fv2%2Ftags&post=11096"}],"curies":[{"name":"wp","href":"https:\/\/api.w.org\/{rel}","templated":true}]}}