{"id":110960,"date":"2019-12-24T10:00:04","date_gmt":"2019-12-24T07:00:04","guid":{"rendered":"http:\/\/arantv.az\/?p=110960"},"modified":"2019-12-24T10:00:04","modified_gmt":"2019-12-24T07:00:04","slug":"pa-r%c9%99smisind%c9%99n-h%c9%99bs-edil%c9%99n-icra-bascisinin-yerin%c9%99-t%c9%99yin-edilm%c9%99si-x%c9%99b%c9%99rin%c9%99-munasib%c9%99t","status":"publish","type":"post","link":"https:\/\/arantv.az\/?p=110960","title":{"rendered":"PA r\u0259smisind\u0259n h\u0259bs edil\u0259n icra ba\u015f\u00e7\u0131s\u0131n\u0131n yerin\u0259 t\u0259yin edilm\u0259si x\u0259b\u0259rin\u0259 M\u00dcNAS\u0130B\u018fT"},"content":{"rendered":"<p>Az\u0259rbaycan Respublikas\u0131 Prezident Administrasiyas\u0131n\u0131n (PA) Regional idar\u0259etm\u0259 v\u0259 yerli \u00f6z\u00fcn\u00fcidar\u0259etm\u0259 orqanlar\u0131 il\u0259 i\u015f \u015f\u00f6b\u0259sinin sektor m\u00fcdiri N\u0259sir Muxtarl\u0131 A\u011fstafa Rayon \u0130cra Hakimiyy\u0259tinin ba\u015f\u00e7\u0131s\u0131 v\u0259zif\u0259sin\u0259 t\u0259yin edilm\u0259si il\u0259 ba\u011fl\u0131 yay\u0131lan m\u0259lumatlara m\u00fcnasib\u0259t bildirib.<\/p>\n<p>N.Muxtarl\u0131 Pravda.az-a ekskl\u00fcziv a\u00e7\u0131qlamas\u0131nda deyib ki, yaz\u0131lanlar h\u0259qiq\u0259t\u0259uy\u011fun deyil.<\/p>\n<p>O bildirib ki, PA-da v\u0259zif\u0259sini icra edir:<\/p>\n<div id=\"AdviadNativeVideo0\" class=\"AdviadNativeVideo\"><\/div>\n<p>\u201cYaz\u0131lanlar yaland\u0131r. Rayon icra hakimiyy\u0259tinin ba\u015f\u00e7\u0131s\u0131 v\u0259zif\u0259sin\u0259 t\u0259yinat Prezidentin s\u0259r\u0259ncam\u0131 il\u0259 ba\u015f tutur. El\u0259 bir \u015fey ola bil\u0259rmi ki, hans\u0131sa s\u0259r\u0259ncam olmadan kims\u0259 hans\u0131sa v\u0259zif\u0259y\u0259 t\u0259yin edilsin. Ona g\u00f6r\u0259 d\u0259 bir daha bildirir\u0259m ki, m\u0259tbuatda yay\u0131lan informasiya h\u0259qiq\u0259t\u0259 uy\u011fun deyil. Sad\u0259c\u0259, kuratoram, bir g\u00fcnl\u00fck A\u011fstafada ezamiyy\u0259d\u0259 olub, v\u0259ziyy\u0259tl\u0259 maraqlan\u0131b, qay\u0131tm\u0131\u015fam, v\u0259ssalam\u201d.<\/p>\n<p>Xat\u0131rladaq ki, N.Muxtarl\u0131 bu ilin may ay\u0131nda Masall\u0131 Rayon \u0130cra Hakimiyy\u0259ti ba\u015f\u00e7\u0131s\u0131n\u0131n m\u00fcavini v\u0259zif\u0259sind\u0259n azad edil\u0259r\u0259k Prezident Administrasiyas\u0131n\u0131n (PA) Regional idar\u0259etm\u0259 v\u0259 yerli \u00f6z\u00fcn\u00fcidar\u0259etm\u0259 orqanlar\u0131 il\u0259 i\u015f \u015f\u00f6b\u0259sind\u0259 v\u0259zif\u0259y\u0259 t\u0259yin olunub.<\/p>\n<p>Qeyd ed\u0259k ki, D\u00f6vl\u0259t T\u0259hl\u00fck\u0259sizliyi Xidm\u0259tinin (DTX) ke\u00e7irdiyi \u0259m\u0259liyyat zaman\u0131 A\u011fstafa Rayon \u0130cra Hakimiyy\u0259tinin ba\u015f\u00e7\u0131s\u0131 Nizam\u0259ddin Quliyev v\u0259 onun birinci m\u00fcavini Ramiz Tatarov, el\u0259c\u0259 d\u0259 Yevlax \u015e\u0259h\u0259r \u0130cra Hakimiyy\u0259tinin sabiq ba\u015f\u00e7\u0131s\u0131 Qoca S\u0259m\u0259dov saxlan\u0131laraq, m\u0259hk\u0259m\u0259 q\u0259rar\u0131 il\u0259 h\u0259bs edilibl\u0259r.<\/p>\n","protected":false},"excerpt":{"rendered":"<p>Az\u0259rbaycan Respublikas\u0131 Prezident Administrasiyas\u0131n\u0131n (PA) Regional idar\u0259etm\u0259 v\u0259 yerli \u00f6z\u00fcn\u00fcidar\u0259etm\u0259 orqanlar\u0131 il\u0259 i\u015f \u015f\u00f6b\u0259sinin sektor m\u00fcdiri N\u0259sir Muxtarl\u0131 A\u011fstafa Rayon \u0130cra Hakimiyy\u0259tinin ba\u015f\u00e7\u0131s\u0131 v\u0259zif\u0259sin\u0259 t\u0259yin edilm\u0259si il\u0259 ba\u011fl\u0131 yay\u0131lan m\u0259lumatlara m\u00fcnasib\u0259t bildirib. N.Muxtarl\u0131 Pravda.az-a ekskl\u00fcziv a\u00e7\u0131qlamas\u0131nda deyib ki, yaz\u0131lanlar h\u0259qiq\u0259t\u0259uy\u011fun deyil. O bildirib ki, PA-da v\u0259zif\u0259sini icra edir: \u201cYaz\u0131lanlar yaland\u0131r. Rayon icra hakimiyy\u0259tinin ba\u015f\u00e7\u0131s\u0131 v\u0259zif\u0259sin\u0259 t\u0259yinat Prezidentin s\u0259r\u0259ncam\u0131 il\u0259 ba\u015f tutur. El\u0259 bir \u015fey ola bil\u0259rmi ki, hans\u0131sa s\u0259r\u0259ncam olmadan kims\u0259 hans\u0131sa v\u0259zif\u0259y\u0259 t\u0259yin edilsin. Ona g\u00f6r\u0259 d\u0259 bir daha bildirir\u0259m ki, m\u0259tbuatda yay\u0131lan informasiya h\u0259qiq\u0259t\u0259 uy\u011fun deyil. Sad\u0259c\u0259, kuratoram,&hellip;<\/p>\n","protected":false},"author":2,"featured_media":110961,"comment_status":"closed","ping_status":"closed","sticky":false,"template":"","format":"standard","meta":{"om_disable_all_campaigns":false,"_monsterinsights_skip_tracking":false,"_monsterinsights_sitenote_active":false,"_monsterinsights_sitenote_note":"","_monsterinsights_sitenote_category":0},"categories":[4],"tags":[],"aioseo_notices":[],"gutentor_comment":0,"rttpg_featured_image_url":{"full":["https:\/\/arantv.az\/wp-content\/uploads\/2019\/12\/1577095080_uk.jpg",610,455,false],"landscape":["https:\/\/arantv.az\/wp-content\/uploads\/2019\/12\/1577095080_uk.jpg",610,455,false],"portraits":["https:\/\/arantv.az\/wp-content\/uploads\/2019\/12\/1577095080_uk.jpg",610,455,false],"thumbnail":["https:\/\/arantv.az\/wp-content\/uploads\/2019\/12\/1577095080_uk-150x150.jpg",150,150,true],"medium":["https:\/\/arantv.az\/wp-content\/uploads\/2019\/12\/1577095080_uk-300x224.jpg",300,224,true],"large":["https:\/\/arantv.az\/wp-content\/uploads\/2019\/12\/1577095080_uk.jpg",610,455,false],"1536x1536":["https:\/\/arantv.az\/wp-content\/uploads\/2019\/12\/1577095080_uk.jpg",610,455,false],"2048x2048":["https:\/\/arantv.az\/wp-content\/uploads\/2019\/12\/1577095080_uk.jpg",610,455,false],"post-thumbnail":["https:\/\/arantv.az\/wp-content\/uploads\/2019\/12\/1577095080_uk-240x172.jpg",240,172,true],"advps-thumb-one":["https:\/\/arantv.az\/wp-content\/uploads\/2019\/12\/1577095080_uk.jpg",610,455,false]},"rttpg_author":{"display_name":"V\u00fcsal Rafiqo\u011flu","author_link":"https:\/\/arantv.az\/?author=2"},"rttpg_comment":0,"rttpg_category":"<a href=\"https:\/\/arantv.az\/?cat=4\" rel=\"category\">Siyas\u0259t<\/a>","rttpg_excerpt":"Az\u0259rbaycan Respublikas\u0131 Prezident Administrasiyas\u0131n\u0131n (PA) Regional idar\u0259etm\u0259 v\u0259 yerli \u00f6z\u00fcn\u00fcidar\u0259etm\u0259 orqanlar\u0131 il\u0259 i\u015f \u015f\u00f6b\u0259sinin sektor m\u00fcdiri N\u0259sir Muxtarl\u0131 A\u011fstafa Rayon \u0130cra Hakimiyy\u0259tinin ba\u015f\u00e7\u0131s\u0131 v\u0259zif\u0259sin\u0259 t\u0259yin edilm\u0259si il\u0259 ba\u011fl\u0131 yay\u0131lan m\u0259lumatlara m\u00fcnasib\u0259t bildirib. N.Muxtarl\u0131 Pravda.az-a ekskl\u00fcziv a\u00e7\u0131qlamas\u0131nda deyib ki, yaz\u0131lanlar h\u0259qiq\u0259t\u0259uy\u011fun deyil. O bildirib ki, PA-da v\u0259zif\u0259sini icra edir: \u201cYaz\u0131lanlar yaland\u0131r. Rayon icra hakimiyy\u0259tinin ba\u015f\u00e7\u0131s\u0131 v\u0259zif\u0259sin\u0259&hellip;","_links":{"self":[{"href":"https:\/\/arantv.az\/index.php?rest_route=\/wp\/v2\/posts\/110960"}],"collection":[{"href":"https:\/\/arantv.az\/index.php?rest_route=\/wp\/v2\/posts"}],"about":[{"href":"https:\/\/arantv.az\/index.php?rest_route=\/wp\/v2\/types\/post"}],"author":[{"embeddable":true,"href":"https:\/\/arantv.az\/index.php?rest_route=\/wp\/v2\/users\/2"}],"replies":[{"embeddable":true,"href":"https:\/\/arantv.az\/index.php?rest_route=%2Fwp%2Fv2%2Fcomments&post=110960"}],"version-history":[{"count":0,"href":"https:\/\/arantv.az\/index.php?rest_route=\/wp\/v2\/posts\/110960\/revisions"}],"wp:featuredmedia":[{"embeddable":true,"href":"https:\/\/arantv.az\/index.php?rest_route=\/wp\/v2\/media\/110961"}],"wp:attachment":[{"href":"https:\/\/arantv.az\/index.php?rest_route=%2Fwp%2Fv2%2Fmedia&parent=110960"}],"wp:term":[{"taxonomy":"category","embeddable":true,"href":"https:\/\/arantv.az\/index.php?rest_route=%2Fwp%2Fv2%2Fcategories&post=110960"},{"taxonomy":"post_tag","embeddable":true,"href":"https:\/\/arantv.az\/index.php?rest_route=%2Fwp%2Fv2%2Ftags&post=110960"}],"curies":[{"name":"wp","href":"https:\/\/api.w.org\/{rel}","templated":true}]}}