{"id":110964,"date":"2019-12-24T10:04:22","date_gmt":"2019-12-24T07:04:22","guid":{"rendered":"http:\/\/arantv.az\/?p=110964"},"modified":"2019-12-24T10:04:22","modified_gmt":"2019-12-24T07:04:22","slug":"%c9%99bulf%c9%99s-qarayev-son-16-ild%c9%99-olk%c9%99mizd%c9%99-aparilan-islahatlar-ucqar-bolg%c9%99l%c9%99rimizi-d%c9%99-%c9%99hat%c9%99-edib","status":"publish","type":"post","link":"https:\/\/arantv.az\/?p=110964","title":{"rendered":"\u018fb\u00fclf\u0259s Qarayev: &#8220;Son 16 ild\u0259 \u00f6lk\u0259mizd\u0259 apar\u0131lan islahatlar ucqar b\u00f6lg\u0259l\u0259rimizi d\u0259 \u0259hat\u0259 edib&#8221;"},"content":{"rendered":"<blockquote><p><em><strong>M\u0259mnunluq do\u011furan hald\u0131r ki, son 16 ild\u0259 \u00f6lk\u0259mizd\u0259 apar\u0131lan islahatlar paytaxt v\u0259 dig\u0259r b\u00f6y\u00fck \u015f\u0259h\u0259rl\u0259rl\u0259 m\u0259hdudla\u015fmayaraq \u0259n ucqar b\u00f6lg\u0259l\u0259rimizi d\u0259 \u0259hat\u0259 edib.<\/strong><\/em><\/p><\/blockquote>\n<p><strong>ARANTV.AZ<\/strong>\u00a0\u00a0<a href=\"https:\/\/az.trend.az\/\" target=\"_blank\" rel=\"noopener\">Trend<\/a>-\u0259 istinad\u0259n x\u0259b\u0259r verir ki, bunu M\u0259d\u0259niyy\u0259t naziri \u018fb\u00fclf\u0259s Qarayev deyib.<\/p>\n<p>Nazirin s\u00f6zl\u0259rin\u0259 g\u00f6r\u0259, regionlar\u0131n sosial-iqtisadi inki\u015faf\u0131na dair d\u00f6vl\u0259t proqramlar\u0131n\u0131n icras\u0131 yerl\u0259rd\u0259 m\u0259d\u0259ni h\u0259yata da m\u00fch\u00fcm v\u0259 m\u00fcsb\u0259t t\u0259sir g\u00f6st\u0259rib.<\/p>\n<p>\u018f.Qarayev \u0259lav\u0259 edib ki, \u00fcmummilli Liderin d\u00f6vl\u0259t\u00e7ilik kursunu layiqinc\u0259 davam etdir\u0259n Prezident \u0130lham \u018fliyevin r\u0259hb\u0259rliyi il\u0259 arxada qoydu\u011fumuz 16 ild\u0259 \u00f6lk\u0259miz dinamik inki\u015faf d\u00f6vr\u00fcn\u00fc ya\u015fay\u0131b. Bu t\u0259r\u0259qqi m\u0259d\u0259niyy\u0259t sah\u0259sind\u0259 d\u0259 yeni layih\u0259l\u0259rin, d\u00f6vl\u0259t proqramlar\u0131n\u0131n h\u0259yata ke\u00e7irilm\u0259si, m\u00fcasir maddi-texniki bazan\u0131n, infrastrukturun yarad\u0131lmas\u0131, yarad\u0131c\u0131 f\u0259aliyy\u0259t\u0259 stimul verilm\u0259sind\u0259 \u00f6z\u00fcn\u00fc g\u00f6st\u0259rir:<\/p>\n<p>&#8220;\u00d6t\u0259n d\u00f6vr\u00fcn m\u0259d\u0259niyy\u0259t salnam\u0259sini v\u0259r\u0259ql\u0259y\u0259nd\u0259 q\u00fcrur hissi ke\u00e7irm\u0259y\u0259 bilmirik. M\u0259d\u0259niyy\u0259t obyektl\u0259rinin, ilk n\u00f6vb\u0259d\u0259, k\u00fctl\u0259vi n\u00fcmayi\u015f m\u0259kanlar\u0131 olan teatr v\u0259 muzeyl\u0259rin y\u00fcks\u0259k s\u0259viyy\u0259d\u0259 t\u0259mir-b\u0259rpas\u0131, \u00f6lk\u0259nin m\u00fcasir inki\u015faf\u0131n\u0131 t\u0259c\u0259ss\u00fcm etdir\u0259n yeni m\u0259d\u0259niyy\u0259t ocaqlar\u0131n\u0131n yarad\u0131lmas\u0131 bu sah\u0259y\u0259 g\u00f6st\u0259ril\u0259n y\u00fcks\u0259k diqq\u0259t v\u0259 qay\u011f\u0131dan x\u0259b\u0259r verir. Bu ill\u0259r \u0259rzind\u0259 Prezident \u0130lham \u018fliyev t\u0259r\u0259find\u0259n m\u0259d\u0259niyy\u0259t sah\u0259si il\u0259 ba\u011fl\u0131 650-d\u0259n \u00e7ox f\u0259rman v\u0259 s\u0259r\u0259ncam imzalan\u0131b. D\u00f6vl\u0259t ba\u015f\u00e7\u0131s\u0131n\u0131n s\u0259r\u0259ncamlar\u0131 il\u0259 t\u0259sdiq olunan proqram s\u0259n\u0259dl\u0259rd\u0259n bir qismi (&#8220;Kitabxana-informasiya sah\u0259sinin 2008-2013-c\u00fc ill\u0259rd\u0259 inki\u015faf\u0131&#8221;, &#8220;Az\u0259rbaycan kinosu 2008-2018-ci ill\u0259rd\u0259&#8221;, &#8220;Az\u0259rbaycan teatr\u0131 2009-2019-cu ill\u0259rd\u0259&#8221;) icra olunub, &#8220;Da\u015f\u0131nmaz tarix v\u0259 m\u0259d\u0259niyy\u0259t abid\u0259l\u0259rinin b\u0259rpa-s\u0131, qorunmas\u0131, tarix v\u0259 m\u0259d\u0259niyy\u0259t qoruqlar\u0131n\u0131n f\u0259aliyy\u0259tinin t\u0259kmill\u0259\u015fdirilm\u0259si v\u0259 inki\u015faf\u0131: 2014-2020&#8243; v\u0259 s. proqram v\u0259 layih\u0259l\u0259rin realla\u015fd\u0131r\u0131lmas\u0131 davam etdirilir&#8221;.<\/p>\n<p>M\u0259d\u0259niyy\u0259t naziri bildirib ki, son on alt\u0131 ilin m\u0259d\u0259niyy\u0259t salnam\u0259sin\u0259 n\u0259z\u0259r yetir\u0259nd\u0259 \u00f6lk\u0259mizd\u0259 musiqi sah\u0259sinin y\u00fcks\u0259li\u015f d\u00f6vr\u00fcn\u00fc ya\u015fad\u0131\u011f\u0131n\u0131 \u0259minlikl\u0259 s\u00f6yl\u0259y\u0259 bil\u0259rik. Heyd\u0259r \u018fliyev Fondu Mehriban \u018fliyevan\u0131n r\u0259hb\u0259rliyi il\u0259 Az\u0259rbaycan musiqisinin inki\u015faf\u0131na v\u0259 t\u0259bli\u011fin\u0259 misilsiz t\u00f6hf\u0259l\u0259r verir.<\/p>\n","protected":false},"excerpt":{"rendered":"<p>M\u0259mnunluq do\u011furan hald\u0131r ki, son 16 ild\u0259 \u00f6lk\u0259mizd\u0259 apar\u0131lan islahatlar paytaxt v\u0259 dig\u0259r b\u00f6y\u00fck \u015f\u0259h\u0259rl\u0259rl\u0259 m\u0259hdudla\u015fmayaraq \u0259n ucqar b\u00f6lg\u0259l\u0259rimizi d\u0259 \u0259hat\u0259 edib. ARANTV.AZ\u00a0\u00a0Trend-\u0259 istinad\u0259n x\u0259b\u0259r verir ki, bunu M\u0259d\u0259niyy\u0259t naziri \u018fb\u00fclf\u0259s Qarayev deyib. Nazirin s\u00f6zl\u0259rin\u0259 g\u00f6r\u0259, regionlar\u0131n sosial-iqtisadi inki\u015faf\u0131na dair d\u00f6vl\u0259t proqramlar\u0131n\u0131n icras\u0131 yerl\u0259rd\u0259 m\u0259d\u0259ni h\u0259yata da m\u00fch\u00fcm v\u0259 m\u00fcsb\u0259t t\u0259sir g\u00f6st\u0259rib. \u018f.Qarayev \u0259lav\u0259 edib ki, \u00fcmummilli Liderin d\u00f6vl\u0259t\u00e7ilik kursunu layiqinc\u0259 davam etdir\u0259n Prezident \u0130lham \u018fliyevin r\u0259hb\u0259rliyi il\u0259 arxada qoydu\u011fumuz 16 ild\u0259 \u00f6lk\u0259miz dinamik inki\u015faf d\u00f6vr\u00fcn\u00fc ya\u015fay\u0131b. Bu t\u0259r\u0259qqi m\u0259d\u0259niyy\u0259t sah\u0259sind\u0259 d\u0259 yeni layih\u0259l\u0259rin, d\u00f6vl\u0259t proqramlar\u0131n\u0131n h\u0259yata ke\u00e7irilm\u0259si, m\u00fcasir maddi-texniki&hellip;<\/p>\n","protected":false},"author":2,"featured_media":110965,"comment_status":"closed","ping_status":"closed","sticky":false,"template":"","format":"standard","meta":{"om_disable_all_campaigns":false,"_monsterinsights_skip_tracking":false,"_monsterinsights_sitenote_active":false,"_monsterinsights_sitenote_note":"","_monsterinsights_sitenote_category":0},"categories":[1],"tags":[],"aioseo_notices":[],"gutentor_comment":0,"rttpg_featured_image_url":{"full":["https:\/\/arantv.az\/wp-content\/uploads\/2019\/12\/812844.jpg",800,600,false],"landscape":["https:\/\/arantv.az\/wp-content\/uploads\/2019\/12\/812844.jpg",800,600,false],"portraits":["https:\/\/arantv.az\/wp-content\/uploads\/2019\/12\/812844.jpg",800,600,false],"thumbnail":["https:\/\/arantv.az\/wp-content\/uploads\/2019\/12\/812844-150x150.jpg",150,150,true],"medium":["https:\/\/arantv.az\/wp-content\/uploads\/2019\/12\/812844-300x225.jpg",300,225,true],"large":["https:\/\/arantv.az\/wp-content\/uploads\/2019\/12\/812844.jpg",640,480,false],"1536x1536":["https:\/\/arantv.az\/wp-content\/uploads\/2019\/12\/812844.jpg",800,600,false],"2048x2048":["https:\/\/arantv.az\/wp-content\/uploads\/2019\/12\/812844.jpg",800,600,false],"post-thumbnail":["https:\/\/arantv.az\/wp-content\/uploads\/2019\/12\/812844-240x172.jpg",240,172,true],"advps-thumb-one":["https:\/\/arantv.az\/wp-content\/uploads\/2019\/12\/812844.jpg",800,600,false]},"rttpg_author":{"display_name":"V\u00fcsal Rafiqo\u011flu","author_link":"https:\/\/arantv.az\/?author=2"},"rttpg_comment":0,"rttpg_category":"<a href=\"https:\/\/arantv.az\/?cat=1\" rel=\"category\">C\u0259miyy\u0259t<\/a>","rttpg_excerpt":"M\u0259mnunluq do\u011furan hald\u0131r ki, son 16 ild\u0259 \u00f6lk\u0259mizd\u0259 apar\u0131lan islahatlar paytaxt v\u0259 dig\u0259r b\u00f6y\u00fck \u015f\u0259h\u0259rl\u0259rl\u0259 m\u0259hdudla\u015fmayaraq \u0259n ucqar b\u00f6lg\u0259l\u0259rimizi d\u0259 \u0259hat\u0259 edib. ARANTV.AZ\u00a0\u00a0Trend-\u0259 istinad\u0259n x\u0259b\u0259r verir ki, bunu M\u0259d\u0259niyy\u0259t naziri \u018fb\u00fclf\u0259s Qarayev deyib. Nazirin s\u00f6zl\u0259rin\u0259 g\u00f6r\u0259, regionlar\u0131n sosial-iqtisadi inki\u015faf\u0131na dair d\u00f6vl\u0259t proqramlar\u0131n\u0131n icras\u0131 yerl\u0259rd\u0259 m\u0259d\u0259ni h\u0259yata da m\u00fch\u00fcm v\u0259 m\u00fcsb\u0259t t\u0259sir g\u00f6st\u0259rib. \u018f.Qarayev \u0259lav\u0259 edib&hellip;","_links":{"self":[{"href":"https:\/\/arantv.az\/index.php?rest_route=\/wp\/v2\/posts\/110964"}],"collection":[{"href":"https:\/\/arantv.az\/index.php?rest_route=\/wp\/v2\/posts"}],"about":[{"href":"https:\/\/arantv.az\/index.php?rest_route=\/wp\/v2\/types\/post"}],"author":[{"embeddable":true,"href":"https:\/\/arantv.az\/index.php?rest_route=\/wp\/v2\/users\/2"}],"replies":[{"embeddable":true,"href":"https:\/\/arantv.az\/index.php?rest_route=%2Fwp%2Fv2%2Fcomments&post=110964"}],"version-history":[{"count":0,"href":"https:\/\/arantv.az\/index.php?rest_route=\/wp\/v2\/posts\/110964\/revisions"}],"wp:featuredmedia":[{"embeddable":true,"href":"https:\/\/arantv.az\/index.php?rest_route=\/wp\/v2\/media\/110965"}],"wp:attachment":[{"href":"https:\/\/arantv.az\/index.php?rest_route=%2Fwp%2Fv2%2Fmedia&parent=110964"}],"wp:term":[{"taxonomy":"category","embeddable":true,"href":"https:\/\/arantv.az\/index.php?rest_route=%2Fwp%2Fv2%2Fcategories&post=110964"},{"taxonomy":"post_tag","embeddable":true,"href":"https:\/\/arantv.az\/index.php?rest_route=%2Fwp%2Fv2%2Ftags&post=110964"}],"curies":[{"name":"wp","href":"https:\/\/api.w.org\/{rel}","templated":true}]}}