{"id":110968,"date":"2019-12-24T10:11:30","date_gmt":"2019-12-24T07:11:30","guid":{"rendered":"http:\/\/arantv.az\/?p=110968"},"modified":"2019-12-24T10:11:30","modified_gmt":"2019-12-24T07:11:30","slug":"boyuk-d%c9%99y%c9%99r-verir%c9%99m-lukasenkodan-%c9%99liyev%c9%99-t%c9%99brik","status":"publish","type":"post","link":"https:\/\/arantv.az\/?p=110968","title":{"rendered":"&#8220;B\u00f6y\u00fck d\u0259y\u0259r verir\u0259m&#8221; &#8211; Luka\u015fenkodan \u018fliyev\u0259 T\u018fBR\u0130K"},"content":{"rendered":"<p>Belarus Respublikas\u0131n\u0131n Prezidenti Aleksandr Luka\u015fenko prezident \u0130lham \u018fliyevi do\u011fum g\u00fcn\u00fc m\u00fcnasib\u0259ti il\u0259 t\u0259brik edib.<\/p>\n<p><strong>ARANTV.AZ<\/strong>\u00a0 x\u0259b\u0259r verir ki, t\u0259brikd\u0259 deyilir:<\/p>\n<p>&#8220;Az\u0259rbaycan Respublikas\u0131n\u0131n Prezidenti Zati-alil\u0259ri c\u0259nab \u0130lham \u018fliyev\u0259<\/p>\n<p>H\u00f6rm\u0259tli \u0130lham Heyd\u0259r o\u011flu.<\/p>\n<p>Do\u011fum g\u00fcn\u00fcn\u00fcz m\u00fcnasib\u0259til\u0259 \u0259n s\u0259mimi t\u0259brikl\u0259ri q\u0259bul edin.<\/p>\n<p>Az\u0259rbaycan Respublikas\u0131n\u0131n davaml\u0131 sosial-iqtisadi inki\u015faf\u0131, h\u0259yata ke\u00e7iril\u0259n kompleks islahatlar v\u0259 \u00f6lk\u0259nin d\u00fcnya arenas\u0131nda m\u00fcsb\u0259t imicinin m\u00f6hk\u0259ml\u0259nm\u0259si Sizin ad\u0131n\u0131zla s\u0131x ba\u011fl\u0131d\u0131r.<\/p>\n<p>D\u00f6vl\u0259tl\u0259rimiz aras\u0131nda etimada \u0259saslanan m\u00fcnasib\u0259tl\u0259rin \u00e7ox y\u00fcks\u0259k s\u0259viyy\u0259sin\u0259 v\u0259 strateji xarakterin\u0259 b\u00f6y\u00fck d\u0259y\u0259r verir\u0259m. \u018fmin\u0259m ki, Minsk il\u0259 Bak\u0131n\u0131n m\u00f6hk\u0259m dostlu\u011fa v\u0259 qar\u015f\u0131l\u0131ql\u0131 anla\u015fmaya \u0259saslanan \u00e7ox\u015fax\u0259li t\u0259r\u0259fda\u015fl\u0131\u011f\u0131 bundan sonra da u\u011furla inki\u015faf ed\u0259c\u0259k.<\/p>\n<p>H\u00f6rm\u0259tli \u0130lham Heyd\u0259r o\u011flu, Siz\u0259 s\u0259mimi q\u0259lbd\u0259n m\u00f6hk\u0259m cansa\u011fl\u0131\u011f\u0131, xo\u015fb\u0259xtlik v\u0259 firavanl\u0131q, h\u0259m\u00e7inin qarda\u015f Az\u0259rbaycan xalq\u0131n\u0131n t\u0259r\u0259qqisi namin\u0259 f\u0259aliyy\u0259tinizd\u0259 yeni-yeni nailiyy\u0259tl\u0259r arzu edir\u0259m&#8221;.Unikal.org<\/p>\n","protected":false},"excerpt":{"rendered":"<p>Belarus Respublikas\u0131n\u0131n Prezidenti Aleksandr Luka\u015fenko prezident \u0130lham \u018fliyevi do\u011fum g\u00fcn\u00fc m\u00fcnasib\u0259ti il\u0259 t\u0259brik edib. ARANTV.AZ\u00a0 x\u0259b\u0259r verir ki, t\u0259brikd\u0259 deyilir: &#8220;Az\u0259rbaycan Respublikas\u0131n\u0131n Prezidenti Zati-alil\u0259ri c\u0259nab \u0130lham \u018fliyev\u0259 H\u00f6rm\u0259tli \u0130lham Heyd\u0259r o\u011flu. Do\u011fum g\u00fcn\u00fcn\u00fcz m\u00fcnasib\u0259til\u0259 \u0259n s\u0259mimi t\u0259brikl\u0259ri q\u0259bul edin. Az\u0259rbaycan Respublikas\u0131n\u0131n davaml\u0131 sosial-iqtisadi inki\u015faf\u0131, h\u0259yata ke\u00e7iril\u0259n kompleks islahatlar v\u0259 \u00f6lk\u0259nin d\u00fcnya arenas\u0131nda m\u00fcsb\u0259t imicinin m\u00f6hk\u0259ml\u0259nm\u0259si Sizin ad\u0131n\u0131zla s\u0131x ba\u011fl\u0131d\u0131r. D\u00f6vl\u0259tl\u0259rimiz aras\u0131nda etimada \u0259saslanan m\u00fcnasib\u0259tl\u0259rin \u00e7ox y\u00fcks\u0259k s\u0259viyy\u0259sin\u0259 v\u0259 strateji xarakterin\u0259 b\u00f6y\u00fck d\u0259y\u0259r verir\u0259m. \u018fmin\u0259m ki, Minsk il\u0259 Bak\u0131n\u0131n m\u00f6hk\u0259m dostlu\u011fa v\u0259 qar\u015f\u0131l\u0131ql\u0131 anla\u015fmaya \u0259saslanan \u00e7ox\u015fax\u0259li t\u0259r\u0259fda\u015fl\u0131\u011f\u0131 bundan sonra da u\u011furla&hellip;<\/p>\n","protected":false},"author":2,"featured_media":110969,"comment_status":"closed","ping_status":"closed","sticky":false,"template":"","format":"standard","meta":{"om_disable_all_campaigns":false,"_monsterinsights_skip_tracking":false,"_monsterinsights_sitenote_active":false,"_monsterinsights_sitenote_note":"","_monsterinsights_sitenote_category":0},"categories":[4],"tags":[],"aioseo_notices":[],"gutentor_comment":0,"rttpg_featured_image_url":{"full":["https:\/\/arantv.az\/wp-content\/uploads\/2019\/12\/1577171062_dosss.jpg",549,308,false],"landscape":["https:\/\/arantv.az\/wp-content\/uploads\/2019\/12\/1577171062_dosss.jpg",549,308,false],"portraits":["https:\/\/arantv.az\/wp-content\/uploads\/2019\/12\/1577171062_dosss.jpg",549,308,false],"thumbnail":["https:\/\/arantv.az\/wp-content\/uploads\/2019\/12\/1577171062_dosss-150x150.jpg",150,150,true],"medium":["https:\/\/arantv.az\/wp-content\/uploads\/2019\/12\/1577171062_dosss-300x168.jpg",300,168,true],"large":["https:\/\/arantv.az\/wp-content\/uploads\/2019\/12\/1577171062_dosss.jpg",549,308,false],"1536x1536":["https:\/\/arantv.az\/wp-content\/uploads\/2019\/12\/1577171062_dosss.jpg",549,308,false],"2048x2048":["https:\/\/arantv.az\/wp-content\/uploads\/2019\/12\/1577171062_dosss.jpg",549,308,false],"post-thumbnail":["https:\/\/arantv.az\/wp-content\/uploads\/2019\/12\/1577171062_dosss-240x172.jpg",240,172,true],"advps-thumb-one":["https:\/\/arantv.az\/wp-content\/uploads\/2019\/12\/1577171062_dosss.jpg",549,308,false]},"rttpg_author":{"display_name":"V\u00fcsal Rafiqo\u011flu","author_link":"https:\/\/arantv.az\/?author=2"},"rttpg_comment":0,"rttpg_category":"<a href=\"https:\/\/arantv.az\/?cat=4\" rel=\"category\">Siyas\u0259t<\/a>","rttpg_excerpt":"Belarus Respublikas\u0131n\u0131n Prezidenti Aleksandr Luka\u015fenko prezident \u0130lham \u018fliyevi do\u011fum g\u00fcn\u00fc m\u00fcnasib\u0259ti il\u0259 t\u0259brik edib. ARANTV.AZ\u00a0 x\u0259b\u0259r verir ki, t\u0259brikd\u0259 deyilir: &#8220;Az\u0259rbaycan Respublikas\u0131n\u0131n Prezidenti Zati-alil\u0259ri c\u0259nab \u0130lham \u018fliyev\u0259 H\u00f6rm\u0259tli \u0130lham Heyd\u0259r o\u011flu. Do\u011fum g\u00fcn\u00fcn\u00fcz m\u00fcnasib\u0259til\u0259 \u0259n s\u0259mimi t\u0259brikl\u0259ri q\u0259bul edin. Az\u0259rbaycan Respublikas\u0131n\u0131n davaml\u0131 sosial-iqtisadi inki\u015faf\u0131, h\u0259yata ke\u00e7iril\u0259n kompleks islahatlar v\u0259 \u00f6lk\u0259nin d\u00fcnya arenas\u0131nda m\u00fcsb\u0259t imicinin m\u00f6hk\u0259ml\u0259nm\u0259si&hellip;","_links":{"self":[{"href":"https:\/\/arantv.az\/index.php?rest_route=\/wp\/v2\/posts\/110968"}],"collection":[{"href":"https:\/\/arantv.az\/index.php?rest_route=\/wp\/v2\/posts"}],"about":[{"href":"https:\/\/arantv.az\/index.php?rest_route=\/wp\/v2\/types\/post"}],"author":[{"embeddable":true,"href":"https:\/\/arantv.az\/index.php?rest_route=\/wp\/v2\/users\/2"}],"replies":[{"embeddable":true,"href":"https:\/\/arantv.az\/index.php?rest_route=%2Fwp%2Fv2%2Fcomments&post=110968"}],"version-history":[{"count":0,"href":"https:\/\/arantv.az\/index.php?rest_route=\/wp\/v2\/posts\/110968\/revisions"}],"wp:featuredmedia":[{"embeddable":true,"href":"https:\/\/arantv.az\/index.php?rest_route=\/wp\/v2\/media\/110969"}],"wp:attachment":[{"href":"https:\/\/arantv.az\/index.php?rest_route=%2Fwp%2Fv2%2Fmedia&parent=110968"}],"wp:term":[{"taxonomy":"category","embeddable":true,"href":"https:\/\/arantv.az\/index.php?rest_route=%2Fwp%2Fv2%2Fcategories&post=110968"},{"taxonomy":"post_tag","embeddable":true,"href":"https:\/\/arantv.az\/index.php?rest_route=%2Fwp%2Fv2%2Ftags&post=110968"}],"curies":[{"name":"wp","href":"https:\/\/api.w.org\/{rel}","templated":true}]}}