{"id":110972,"date":"2019-12-24T10:14:34","date_gmt":"2019-12-24T07:14:34","guid":{"rendered":"http:\/\/arantv.az\/?p=110972"},"modified":"2019-12-24T10:14:34","modified_gmt":"2019-12-24T07:14:34","slug":"asan-radionun-dord-illiyidir-foto","status":"publish","type":"post","link":"https:\/\/arantv.az\/?p=110972","title":{"rendered":"\u201cASAN Radio\u201dnun d\u00f6rd illiyidir &#8211; FOTO"},"content":{"rendered":"<p>24 dekabr \u00f6lk\u0259mizin \u0259n g\u0259nc, d\u00f6vl\u0259t xidm\u0259tl\u0259ri sah\u0259sind\u0259 ixtisasla\u015fan ilk v\u0259 yegan\u0259 radiosu \u2013 \u201cASAN Radio\u201dnun d\u00f6rd\u00a0illiyidir.<\/p>\n<p>\u201cASAN Radio\u201d Prezident \u0130lham \u018fliyevin tap\u015f\u0131r\u0131\u011f\u0131 il\u0259 yarad\u0131l\u0131b.<\/p>\n<p>\u201cASAN Radio\u201d d\u00f6vl\u0259t, h\u0259m\u00e7inin, beyn\u0259lxalq t\u0259\u015fkilatlar v\u0259 apar\u0131c\u0131 \u015firk\u0259tl\u0259rl\u0259 faydal\u0131 \u0259m\u0259kda\u015fl\u0131q edir.\u00a0 \u018fhalinin maarifl\u0259ndirilm\u0259si v\u0259 v\u0259t\u0259nda\u015f suallar\u0131n\u0131n birba\u015fa cavabland\u0131r\u0131lmas\u0131 \u00e7\u0259r\u00e7iv\u0259sind\u0259, h\u0259m\u00e7inin musiqili v\u0259 m\u00fcsabiq\u0259 formatl\u0131 faydal\u0131 verili\u015fl\u0259r t\u0259qdim edir.<\/p>\n<p>Cari\u00a0 verili\u015fl\u0259rimizl\u0259 yana\u015f\u0131, \u201cASAN Cavab\u201d, \u201cR\u0259q\u0259msal Az\u0259rbaycan\u201d, \u201cM\u0259n\u0259vi d\u0259y\u0259rl\u0259r\u201d, \u201cDOST m\u0259sl\u0259h\u0259ti\u201d, \u201cSahibkar vaxt\u0131\u201d, \u201cProDemos\u201d kimi proqramlar yay\u0131mlan\u0131r. \u201cBir sual, bir cavab\u201d, \u201cAz\u0259rbaycan tarixi\u201d, \u201cAna dili\u201d, \u201cBizimki\u201d,\u00a0 \u201cMilli kinomuz\u201d v\u0259 s. burax\u0131l\u0131\u015flar 100 FM-d\u0259 t\u0259qdim olunur.<\/p>\n<p>AB\u015e-\u0131n Az\u0259rbaycandak\u0131 s\u0259firliyi il\u0259 \u201cHello America!\u201d proqram\u0131, A\u0130-n\u0131n Bak\u0131 n\u00fcmay\u0259nd\u0259liyinin d\u0259st\u0259yi, ADA Universitetinin b\u0259l\u0259d\u00e7iliyi il\u0259 \u201cAvropadASAN\u201d verili\u015fi yay\u0131mlan\u0131r. Britaniya \u015euras\u0131 il\u0259 \u201cObla Air\u201d v\u0259 \u201cSelector\u201d layih\u0259l\u0259ri t\u0259qdim olunur. \u201cTRT Ankara\u201d il\u0259 \u201cRadio k\u00f6rp\u00fc\u201d qurulur.<\/p>\n<p>\u201cASAN Radio\u201dnun \u0259m\u0259kda\u015flar\u0131 bu il \u0259rzind\u0259 AB\u015e v\u0259 Avropan\u0131n apar\u0131c\u0131 radiostansiyalar\u0131nda t\u0259cr\u00fcb\u0259l\u0259rini art\u0131r\u0131blar.<\/p>\n<p>\u201cASAN K\u00f6n\u00fcll\u00fcl\u0259ri\u201d, ADA, Bak\u0131 D\u00f6vl\u0259t, Az\u0259rbaycan Dill\u0259r, Slavyan Universitetl\u0259rinin jurnalistika fak\u00fclt\u0259sinin t\u0259l\u0259b\u0259l\u0259ri \u201cASAN Radio\u201dda t\u0259cr\u00fcb\u0259 ke\u00e7irl\u0259r.<\/p>\n<p>\u201cASAN Radio\u201d dinl\u0259yicisin\u0259 yaln\u0131z z\u00f6vql\u00fc musiqi t\u0259qdim edir, beyn\u0259lxalq miqyasl\u0131 yar\u0131\u015f, t\u0259dbir v\u0259 s\u0259rgil\u0259rin ekskl\u00fcziv media t\u0259r\u0259fda\u015f\u0131d\u0131r.<\/p>\n<p>\u201cFaydal\u0131 M\u0259lumat\u201d dal\u011fas\u0131 \u015f\u00fcar\u0131 il\u0259 \u00f6lk\u0259nin 80%-\u0259 q\u0259d\u0259rin\u0259 yay\u0131mlan\u0131r. \u201cASAN Radio\u201d Bak\u0131 v\u0259 Ab\u015feron yar\u0131madas\u0131, Sumqay\u0131t, X\u0131z\u0131, \u015eabran, Siy\u0259z\u0259n, Tovuz, Qazax, A\u011fstafada 100 FM-d\u0259, C\u0259nub v\u0259 Aran b\u00f6lg\u0259sind\u0259 &#8211; Lerik, L\u0259nk\u0259ran, Masall\u0131, C\u0259lilabad, Neft\u00e7ala, Salyan, \u015eirvan, Hac\u0131qabul, Bil\u0259suvar, Saatl\u0131, Sabirabad, \u0130mi\u015fli rayonlar\u0131nda 92.7 FM-d\u0259, G\u0259nc\u0259, Yevlax, Ming\u0259\u00e7evir, Ucar, Naftalan, Goranboy, Q\u0259b\u0259l\u0259, Quba, Xa\u00e7maz, Qusar, Xudat, Nabran\u00a0 v\u0259 dig\u0259r iri \u015f\u0259h\u0259r v\u0259 rayonlarda\u00a0 96.5 FM-d\u0259 yay\u0131mlan\u0131r. Asanradio.az sayt\u0131 v\u0259 mobil t\u0259tbiql\u0259rd\u0259n d\u0259 dal\u011fam\u0131z\u0131 dinl\u0259m\u0259k olar.\u00a0 \u201cASAN Radio\u201d\u00a0 \u2013 Faydal\u0131 M\u0259lumat dal\u011fas\u0131!<\/p>\n<p>&nbsp;<\/p>\n<div class=\"gallery\">\n<div class=\"gallery-i\"><img src=\"https:\/\/assets.oxu.az\/uploads\/W1siZiIsIjIwMTkvMTIvMjQvMTEvMDUvMTUvMmQ3M2IzYjAtZDFkNi00Y2IyLWE3NmQtYWRhOGI4Nzk4NDE5LzAxLklNR18wMjEzLkpQRyJdLFsicCIsImVuY29kZSIsImpwZyIsIi1xdWFsaXR5IDgwIl0sWyJwIiwidGh1bWIiLCI1OTB4NTkwXHUwMDNlIl1d?sha=63e923cecf473c0b\" alt=\"\" \/><\/p>\n<div class=\"gallery-i-caption\"><\/div>\n<\/div>\n<div class=\"gallery-i\"><img src=\"https:\/\/assets.oxu.az\/uploads\/W1siZiIsIjIwMTkvMTIvMjQvMTEvMDUvMzIvNjExMTRmNDktOTk1Yy00YTA0LWExYjItNDc2Mzc1N2MyYTc4LzcyOTYxMjQzXzEwMTU3MDY3NTQ4NjgzMjE4XzY3ODYzOTA0MjE4MjUxMjY0MF9vLmpwZyJdLFsicCIsImVuY29kZSIsImpwZyIsIi1xdWFsaXR5IDgwIl0sWyJwIiwidGh1bWIiLCI1OTB4NTkwXHUwMDNlIl1d?sha=1d0396e56c5afba4\" alt=\"\" \/><\/p>\n<div class=\"gallery-i-caption\"><\/div>\n<\/div>\n<div class=\"gallery-i\"><img src=\"https:\/\/assets.oxu.az\/uploads\/W1siZiIsIjIwMTkvMTIvMjQvMTEvMDUvMzIvYWUzYzVmZTYtZTdlYS00MmZlLWEyMjctMDkyODU5ZTE4Yjg5LzcyODQwMTIxXzEwMjExNjE2MDM3MTE1MDE1XzU1ODAxMzU1NTUyMjk4MTA2ODhfby5qcGciXSxbInAiLCJlbmNvZGUiLCJqcGciLCItcXVhbGl0eSA4MCJdLFsicCIsInRodW1iIiwiNTkweDU5MFx1MDAzZSJdXQ?sha=6e0d28aa90eff0ac\" alt=\"\" \/><\/p>\n<div class=\"gallery-i-caption\"><\/div>\n<\/div>\n<div class=\"gallery-i\"><img src=\"https:\/\/assets.oxu.az\/uploads\/W1siZiIsIjIwMTkvMTIvMjQvMTEvMDUvMzIvNGMxYTg2ZGQtN2RiNi00YjhjLWE3ZGYtOWYwMmQ3MGUwYmEyLzcyNzE3MTEyXzEwMTU3MDY1MDYyMjUzMjE4XzM4Njk3NTAwOTMyODg1NzA4ODBfby5qcGciXSxbInAiLCJlbmNvZGUiLCJqcGciLCItcXVhbGl0eSA4MCJdLFsicCIsInRodW1iIiwiNTkweDU5MFx1MDAzZSJdXQ?sha=c918d62e1834e4f9\" alt=\"\" \/><\/p>\n<div class=\"gallery-i-caption\"><\/div>\n<\/div>\n<div class=\"gallery-i\"><img src=\"https:\/\/assets.oxu.az\/uploads\/W1siZiIsIjIwMTkvMTIvMjQvMTEvMDUvMzIvMWUwMjdiMTAtYjU3MS00NDRmLThjMGMtM2ZlODZjZTRjNDM5LzI5NjgxNDU1Xzk3MDc3OTkzMzA5MTc5NF8zMzQzNzY5MTlfby5qcGciXSxbInAiLCJlbmNvZGUiLCJqcGciLCItcXVhbGl0eSA4MCJdLFsicCIsInRodW1iIiwiNTkweDU5MFx1MDAzZSJdXQ?sha=01cca1ea4be02dd9\" alt=\"\" \/><\/p>\n<div class=\"gallery-i-caption\"><\/div>\n<\/div>\n<div class=\"gallery-i\"><img src=\"https:\/\/assets.oxu.az\/uploads\/W1siZiIsIjIwMTkvMTIvMjQvMTEvMDUvMzMvZDQ4MWEwMTYtMThkMy00YWU0LTg5OGYtMDY2NmYwYzhiYjAzLzIuanBnIl0sWyJwIiwiZW5jb2RlIiwianBnIiwiLXF1YWxpdHkgODAiXSxbInAiLCJ0aHVtYiIsIjU5MHg1OTBcdTAwM2UiXV0?sha=b1fa1cc84bb98d38\" alt=\"\" \/><\/p>\n<div class=\"gallery-i-caption\"><\/div>\n<\/div>\n<div class=\"gallery-i\"><img src=\"https:\/\/assets.oxu.az\/uploads\/W1siZiIsIjIwMTkvMTIvMjQvMTEvMDUvMzMvNTJkMTI1YjQtMTBhOC00N2Q1LWFmMDAtMjA1ZTY4NzhlNGM0LzA0LjI0MTI5NzU4XzI5NDk2ODUxNzY2NTI0NV82NjAwNDk2NTk0NzAyNjg1NTU2X24uanBnIl0sWyJwIiwiZW5jb2RlIiwianBnIiwiLXF1YWxpdHkgODAiXSxbInAiLCJ0aHVtYiIsIjU5MHg1OTBcdTAwM2UiXV0?sha=fa2562d153ac2ae4\" alt=\"\" \/><\/div>\n<\/div>\n","protected":false},"excerpt":{"rendered":"<p>24 dekabr \u00f6lk\u0259mizin \u0259n g\u0259nc, d\u00f6vl\u0259t xidm\u0259tl\u0259ri sah\u0259sind\u0259 ixtisasla\u015fan ilk v\u0259 yegan\u0259 radiosu \u2013 \u201cASAN Radio\u201dnun d\u00f6rd\u00a0illiyidir. \u201cASAN Radio\u201d Prezident \u0130lham \u018fliyevin tap\u015f\u0131r\u0131\u011f\u0131 il\u0259 yarad\u0131l\u0131b. \u201cASAN Radio\u201d d\u00f6vl\u0259t, h\u0259m\u00e7inin, beyn\u0259lxalq t\u0259\u015fkilatlar v\u0259 apar\u0131c\u0131 \u015firk\u0259tl\u0259rl\u0259 faydal\u0131 \u0259m\u0259kda\u015fl\u0131q edir.\u00a0 \u018fhalinin maarifl\u0259ndirilm\u0259si v\u0259 v\u0259t\u0259nda\u015f suallar\u0131n\u0131n birba\u015fa cavabland\u0131r\u0131lmas\u0131 \u00e7\u0259r\u00e7iv\u0259sind\u0259, h\u0259m\u00e7inin musiqili v\u0259 m\u00fcsabiq\u0259 formatl\u0131 faydal\u0131 verili\u015fl\u0259r t\u0259qdim edir. Cari\u00a0 verili\u015fl\u0259rimizl\u0259 yana\u015f\u0131, \u201cASAN Cavab\u201d, \u201cR\u0259q\u0259msal Az\u0259rbaycan\u201d, \u201cM\u0259n\u0259vi d\u0259y\u0259rl\u0259r\u201d, \u201cDOST m\u0259sl\u0259h\u0259ti\u201d, \u201cSahibkar vaxt\u0131\u201d, \u201cProDemos\u201d kimi proqramlar yay\u0131mlan\u0131r. \u201cBir sual, bir cavab\u201d, \u201cAz\u0259rbaycan tarixi\u201d, \u201cAna dili\u201d, \u201cBizimki\u201d,\u00a0 \u201cMilli kinomuz\u201d v\u0259 s. burax\u0131l\u0131\u015flar 100 FM-d\u0259 t\u0259qdim olunur. AB\u015e-\u0131n&hellip;<\/p>\n","protected":false},"author":2,"featured_media":110973,"comment_status":"closed","ping_status":"closed","sticky":false,"template":"","format":"standard","meta":{"om_disable_all_campaigns":false,"_monsterinsights_skip_tracking":false,"_monsterinsights_sitenote_active":false,"_monsterinsights_sitenote_note":"","_monsterinsights_sitenote_category":0},"categories":[1],"tags":[],"aioseo_notices":[],"gutentor_comment":0,"rttpg_featured_image_url":{"full":["https:\/\/arantv.az\/wp-content\/uploads\/2019\/12\/asanfm_1-rengli-v4.jpg",609,465,false],"landscape":["https:\/\/arantv.az\/wp-content\/uploads\/2019\/12\/asanfm_1-rengli-v4.jpg",609,465,false],"portraits":["https:\/\/arantv.az\/wp-content\/uploads\/2019\/12\/asanfm_1-rengli-v4.jpg",609,465,false],"thumbnail":["https:\/\/arantv.az\/wp-content\/uploads\/2019\/12\/asanfm_1-rengli-v4-150x150.jpg",150,150,true],"medium":["https:\/\/arantv.az\/wp-content\/uploads\/2019\/12\/asanfm_1-rengli-v4-300x229.jpg",300,229,true],"large":["https:\/\/arantv.az\/wp-content\/uploads\/2019\/12\/asanfm_1-rengli-v4.jpg",609,465,false],"1536x1536":["https:\/\/arantv.az\/wp-content\/uploads\/2019\/12\/asanfm_1-rengli-v4.jpg",609,465,false],"2048x2048":["https:\/\/arantv.az\/wp-content\/uploads\/2019\/12\/asanfm_1-rengli-v4.jpg",609,465,false],"post-thumbnail":["https:\/\/arantv.az\/wp-content\/uploads\/2019\/12\/asanfm_1-rengli-v4-240x172.jpg",240,172,true],"advps-thumb-one":["https:\/\/arantv.az\/wp-content\/uploads\/2019\/12\/asanfm_1-rengli-v4.jpg",609,465,false]},"rttpg_author":{"display_name":"V\u00fcsal Rafiqo\u011flu","author_link":"https:\/\/arantv.az\/?author=2"},"rttpg_comment":0,"rttpg_category":"<a href=\"https:\/\/arantv.az\/?cat=1\" rel=\"category\">C\u0259miyy\u0259t<\/a>","rttpg_excerpt":"24 dekabr \u00f6lk\u0259mizin \u0259n g\u0259nc, d\u00f6vl\u0259t xidm\u0259tl\u0259ri sah\u0259sind\u0259 ixtisasla\u015fan ilk v\u0259 yegan\u0259 radiosu \u2013 \u201cASAN Radio\u201dnun d\u00f6rd\u00a0illiyidir. \u201cASAN Radio\u201d Prezident \u0130lham \u018fliyevin tap\u015f\u0131r\u0131\u011f\u0131 il\u0259 yarad\u0131l\u0131b. \u201cASAN Radio\u201d d\u00f6vl\u0259t, h\u0259m\u00e7inin, beyn\u0259lxalq t\u0259\u015fkilatlar v\u0259 apar\u0131c\u0131 \u015firk\u0259tl\u0259rl\u0259 faydal\u0131 \u0259m\u0259kda\u015fl\u0131q edir.\u00a0 \u018fhalinin maarifl\u0259ndirilm\u0259si v\u0259 v\u0259t\u0259nda\u015f suallar\u0131n\u0131n birba\u015fa cavabland\u0131r\u0131lmas\u0131 \u00e7\u0259r\u00e7iv\u0259sind\u0259, h\u0259m\u00e7inin musiqili v\u0259 m\u00fcsabiq\u0259 formatl\u0131 faydal\u0131 verili\u015fl\u0259r t\u0259qdim edir. Cari\u00a0&hellip;","_links":{"self":[{"href":"https:\/\/arantv.az\/index.php?rest_route=\/wp\/v2\/posts\/110972"}],"collection":[{"href":"https:\/\/arantv.az\/index.php?rest_route=\/wp\/v2\/posts"}],"about":[{"href":"https:\/\/arantv.az\/index.php?rest_route=\/wp\/v2\/types\/post"}],"author":[{"embeddable":true,"href":"https:\/\/arantv.az\/index.php?rest_route=\/wp\/v2\/users\/2"}],"replies":[{"embeddable":true,"href":"https:\/\/arantv.az\/index.php?rest_route=%2Fwp%2Fv2%2Fcomments&post=110972"}],"version-history":[{"count":0,"href":"https:\/\/arantv.az\/index.php?rest_route=\/wp\/v2\/posts\/110972\/revisions"}],"wp:featuredmedia":[{"embeddable":true,"href":"https:\/\/arantv.az\/index.php?rest_route=\/wp\/v2\/media\/110973"}],"wp:attachment":[{"href":"https:\/\/arantv.az\/index.php?rest_route=%2Fwp%2Fv2%2Fmedia&parent=110972"}],"wp:term":[{"taxonomy":"category","embeddable":true,"href":"https:\/\/arantv.az\/index.php?rest_route=%2Fwp%2Fv2%2Fcategories&post=110972"},{"taxonomy":"post_tag","embeddable":true,"href":"https:\/\/arantv.az\/index.php?rest_route=%2Fwp%2Fv2%2Ftags&post=110972"}],"curies":[{"name":"wp","href":"https:\/\/api.w.org\/{rel}","templated":true}]}}