{"id":110976,"date":"2019-12-24T10:15:47","date_gmt":"2019-12-24T07:15:47","guid":{"rendered":"http:\/\/arantv.az\/?p=110976"},"modified":"2019-12-24T10:15:47","modified_gmt":"2019-12-24T07:15:47","slug":"ilham-%c9%99liyev-avropa-ittifaqini-t%c9%99nqid-etdi-turkiy%c9%99-m%c9%99tbuatinda-muzakir%c9%99y%c9%99-cixarildi","status":"publish","type":"post","link":"https:\/\/arantv.az\/?p=110976","title":{"rendered":"\u0130lham \u018fliyev Avropa \u0130ttifaq\u0131n\u0131 t\u0259nqid etdi \u2013 T\u00fcrkiy\u0259 m\u0259tbuat\u0131nda m\u00fczakir\u0259y\u0259 \u00e7\u0131xar\u0131ld\u0131"},"content":{"rendered":"<p>Az\u0259rbaycan Prezidenti \u0130lham \u018fliyevin ilin yekunlar\u0131 il\u0259 ba\u011fl\u0131 yerli telekanallara verdiyi m\u00fcsahib\u0259 T\u00fcrkiy\u0259 m\u0259tbuat\u0131nda da i\u015f\u0131qland\u0131r\u0131l\u0131b.<\/p>\n<p><b>ARANTV.AZ<\/b>-\u0131n x\u0259b\u0259rin\u0259 g\u00f6r\u0259, Prezidentin Avropa \u0130ttifaq\u0131n\u0131n r\u0259smi Ankara il\u0259 ba\u011fl\u0131 siyas\u0259tini t\u0259nqid etm\u0259si T\u00fcrkiy\u0259 m\u0259tbuat\u0131nda m\u00fczakir\u0259 predmetin\u0259 \u00e7evrilib.<\/p>\n<p>D\u00f6vl\u0259t ba\u015f\u00e7\u0131s\u0131 \u0130lham \u018fliyev m\u00fcsahib\u0259d\u0259 deyib ki, T\u00fcrkiy\u0259 Avropa \u0130ttifaq\u0131 il\u0259 assosiasiya sazi\u015fi imzalasa da, sonrak\u0131 add\u0131mlar n\u0259tic\u0259 verm\u0259yib.<\/p>\n<p>\u201cG\u00f6r\u00fcn n\u0259 vaxtdan T\u00fcrkiy\u0259 Avropa \u0130ttifaq\u0131 il\u0259 assosiasiya sazi\u015fi imzalay\u0131b? B\u0259lk\u0259 d\u0259, onillikl\u0259r bundan \u0259vv\u0259l. Amma ondan sonrak\u0131 add\u0131mlar n\u0259tic\u0259 veribmi? \u018flb\u0259tt\u0259 ki, yox v\u0259 bu da b\u00f6y\u00fck \u0259dal\u0259tsizlikdir.<\/p>\n<p>2000-ci ild\u0259n ba\u015flayaraq Avropa \u0130ttifaq\u0131na ke\u00e7mi\u015f sosialist bloka aid bir \u00e7ox \u00f6lk\u0259l\u0259r daxil oldu. \u0130ndi onlar T\u00fcrkiy\u0259d\u0259n daham\u0131 inki\u015faf etmi\u015f \u00f6lk\u0259l\u0259rdir? Yox. Daham\u0131 Avropa \u0130ttifaq\u0131na \u00fczv olmaq \u00fc\u00e7\u00fcn haz\u0131rl\u0131ql\u0131d\u0131rlar? Yox. N\u0259 \u00fc\u00e7\u00fcn onlar\u0131 q\u0259bul edibl\u0259r, T\u00fcrkiy\u0259ni q\u0259bul etm\u0259yibl\u0259r? Sual ayd\u0131nd\u0131r, ritorikdir.<\/p>\n<p>Bir amil\u0259 g\u00f6r\u0259, o da ondan ibar\u0259tdir ki, T\u00fcrkiy\u0259 m\u00fcs\u0259lman \u00f6lk\u0259sidir. Art\u0131q bunu a\u00e7\u0131q deyirl\u0259r. \u018fvv\u0259ll\u0259r bu \u0259sas tezisi p\u0259rd\u0259l\u0259m\u0259k \u00fc\u00e7\u00fcn b\u0259zi ba\u015fqa fikirl\u0259r, m\u00fcxt\u0259lif b\u0259han\u0259l\u0259r g\u0259tirilirdi ki, bu \u00f6lk\u0259 haz\u0131r deyil v\u0259 yaxud da hans\u0131sa prosesl\u0259r ba\u015f verib. Ancaq indi bunu gizl\u0259tmirl\u0259r v\u0259 m\u00fcs\u0259lman \u00f6lk\u0259si oldu\u011fu \u00fc\u00e7\u00fcn T\u00fcrkiy\u0259ni Avropa \u0130ttifaq\u0131na q\u0259bul etmirl\u0259r\u201d, &#8211; dey\u0259 Prezident \u0259lav\u0259 edib.<\/p>\n<p>T\u00fcrkiy\u0259nin \u201cYeni \u015eafak\u201d n\u0259\u015fri Prezident \u0130lham \u018fliyevin Avropa \u0130ttifaq\u0131n\u0131n T\u00fcrkiy\u0259 siyas\u0259tinin \u0259dal\u0259tsiz olmas\u0131 il\u0259 ba\u011fl\u0131 dediyini ba\u015fl\u0131\u011fa \u00e7\u0131xar\u0131b.<\/p>\n<p>\u201cCNN T\u00fcrk\u201d, \u201cHurriyet\u201d d\u0259 eyni m\u0259zmunla ba\u015fl\u0131q verib.<\/p>\n<p>\u201cHaberler.com\u201d is\u0259 \u0130lham \u018fliyevin T\u00fcrkiy\u0259nin m\u00fcs\u0259lman \u00f6lk\u0259si oldu\u011fu \u00fc\u00e7\u00fcn Avropa \u0130ttifaq\u0131na q\u0259bul edilm\u0259m\u0259sini dem\u0259sini s\u0259rl\u00f6vh\u0259d\u0259 verib.Oxu.Az<\/p>\n","protected":false},"excerpt":{"rendered":"<p>Az\u0259rbaycan Prezidenti \u0130lham \u018fliyevin ilin yekunlar\u0131 il\u0259 ba\u011fl\u0131 yerli telekanallara verdiyi m\u00fcsahib\u0259 T\u00fcrkiy\u0259 m\u0259tbuat\u0131nda da i\u015f\u0131qland\u0131r\u0131l\u0131b. ARANTV.AZ-\u0131n x\u0259b\u0259rin\u0259 g\u00f6r\u0259, Prezidentin Avropa \u0130ttifaq\u0131n\u0131n r\u0259smi Ankara il\u0259 ba\u011fl\u0131 siyas\u0259tini t\u0259nqid etm\u0259si T\u00fcrkiy\u0259 m\u0259tbuat\u0131nda m\u00fczakir\u0259 predmetin\u0259 \u00e7evrilib. D\u00f6vl\u0259t ba\u015f\u00e7\u0131s\u0131 \u0130lham \u018fliyev m\u00fcsahib\u0259d\u0259 deyib ki, T\u00fcrkiy\u0259 Avropa \u0130ttifaq\u0131 il\u0259 assosiasiya sazi\u015fi imzalasa da, sonrak\u0131 add\u0131mlar n\u0259tic\u0259 verm\u0259yib. \u201cG\u00f6r\u00fcn n\u0259 vaxtdan T\u00fcrkiy\u0259 Avropa \u0130ttifaq\u0131 il\u0259 assosiasiya sazi\u015fi imzalay\u0131b? B\u0259lk\u0259 d\u0259, onillikl\u0259r bundan \u0259vv\u0259l. Amma ondan sonrak\u0131 add\u0131mlar n\u0259tic\u0259 veribmi? \u018flb\u0259tt\u0259 ki, yox v\u0259 bu da b\u00f6y\u00fck \u0259dal\u0259tsizlikdir. 2000-ci ild\u0259n ba\u015flayaraq Avropa \u0130ttifaq\u0131na ke\u00e7mi\u015f sosialist bloka&hellip;<\/p>\n","protected":false},"author":2,"featured_media":110977,"comment_status":"closed","ping_status":"closed","sticky":false,"template":"","format":"standard","meta":{"om_disable_all_campaigns":false,"_monsterinsights_skip_tracking":false,"_monsterinsights_sitenote_active":false,"_monsterinsights_sitenote_note":"","_monsterinsights_sitenote_category":0},"categories":[4],"tags":[],"aioseo_notices":[],"gutentor_comment":0,"rttpg_featured_image_url":{"full":["https:\/\/arantv.az\/wp-content\/uploads\/2019\/12\/15771149833850510992_1000x669.jpg",615,465,false],"landscape":["https:\/\/arantv.az\/wp-content\/uploads\/2019\/12\/15771149833850510992_1000x669.jpg",615,465,false],"portraits":["https:\/\/arantv.az\/wp-content\/uploads\/2019\/12\/15771149833850510992_1000x669.jpg",615,465,false],"thumbnail":["https:\/\/arantv.az\/wp-content\/uploads\/2019\/12\/15771149833850510992_1000x669-150x150.jpg",150,150,true],"medium":["https:\/\/arantv.az\/wp-content\/uploads\/2019\/12\/15771149833850510992_1000x669-300x227.jpg",300,227,true],"large":["https:\/\/arantv.az\/wp-content\/uploads\/2019\/12\/15771149833850510992_1000x669.jpg",615,465,false],"1536x1536":["https:\/\/arantv.az\/wp-content\/uploads\/2019\/12\/15771149833850510992_1000x669.jpg",615,465,false],"2048x2048":["https:\/\/arantv.az\/wp-content\/uploads\/2019\/12\/15771149833850510992_1000x669.jpg",615,465,false],"post-thumbnail":["https:\/\/arantv.az\/wp-content\/uploads\/2019\/12\/15771149833850510992_1000x669-240x172.jpg",240,172,true],"advps-thumb-one":["https:\/\/arantv.az\/wp-content\/uploads\/2019\/12\/15771149833850510992_1000x669.jpg",615,465,false]},"rttpg_author":{"display_name":"V\u00fcsal Rafiqo\u011flu","author_link":"https:\/\/arantv.az\/?author=2"},"rttpg_comment":0,"rttpg_category":"<a href=\"https:\/\/arantv.az\/?cat=4\" rel=\"category\">Siyas\u0259t<\/a>","rttpg_excerpt":"Az\u0259rbaycan Prezidenti \u0130lham \u018fliyevin ilin yekunlar\u0131 il\u0259 ba\u011fl\u0131 yerli telekanallara verdiyi m\u00fcsahib\u0259 T\u00fcrkiy\u0259 m\u0259tbuat\u0131nda da i\u015f\u0131qland\u0131r\u0131l\u0131b. ARANTV.AZ-\u0131n x\u0259b\u0259rin\u0259 g\u00f6r\u0259, Prezidentin Avropa \u0130ttifaq\u0131n\u0131n r\u0259smi Ankara il\u0259 ba\u011fl\u0131 siyas\u0259tini t\u0259nqid etm\u0259si T\u00fcrkiy\u0259 m\u0259tbuat\u0131nda m\u00fczakir\u0259 predmetin\u0259 \u00e7evrilib. D\u00f6vl\u0259t ba\u015f\u00e7\u0131s\u0131 \u0130lham \u018fliyev m\u00fcsahib\u0259d\u0259 deyib ki, T\u00fcrkiy\u0259 Avropa \u0130ttifaq\u0131 il\u0259 assosiasiya sazi\u015fi imzalasa da, sonrak\u0131 add\u0131mlar n\u0259tic\u0259 verm\u0259yib. \u201cG\u00f6r\u00fcn n\u0259&hellip;","_links":{"self":[{"href":"https:\/\/arantv.az\/index.php?rest_route=\/wp\/v2\/posts\/110976"}],"collection":[{"href":"https:\/\/arantv.az\/index.php?rest_route=\/wp\/v2\/posts"}],"about":[{"href":"https:\/\/arantv.az\/index.php?rest_route=\/wp\/v2\/types\/post"}],"author":[{"embeddable":true,"href":"https:\/\/arantv.az\/index.php?rest_route=\/wp\/v2\/users\/2"}],"replies":[{"embeddable":true,"href":"https:\/\/arantv.az\/index.php?rest_route=%2Fwp%2Fv2%2Fcomments&post=110976"}],"version-history":[{"count":0,"href":"https:\/\/arantv.az\/index.php?rest_route=\/wp\/v2\/posts\/110976\/revisions"}],"wp:featuredmedia":[{"embeddable":true,"href":"https:\/\/arantv.az\/index.php?rest_route=\/wp\/v2\/media\/110977"}],"wp:attachment":[{"href":"https:\/\/arantv.az\/index.php?rest_route=%2Fwp%2Fv2%2Fmedia&parent=110976"}],"wp:term":[{"taxonomy":"category","embeddable":true,"href":"https:\/\/arantv.az\/index.php?rest_route=%2Fwp%2Fv2%2Fcategories&post=110976"},{"taxonomy":"post_tag","embeddable":true,"href":"https:\/\/arantv.az\/index.php?rest_route=%2Fwp%2Fv2%2Ftags&post=110976"}],"curies":[{"name":"wp","href":"https:\/\/api.w.org\/{rel}","templated":true}]}}