{"id":110984,"date":"2019-12-24T10:41:33","date_gmt":"2019-12-24T07:41:33","guid":{"rendered":"http:\/\/arantv.az\/?p=110984"},"modified":"2019-12-24T10:41:33","modified_gmt":"2019-12-24T07:41:33","slug":"o-olk%c9%99l%c9%99r-yaxsi-inkisaf-edir-ki-orada-t%c9%99hsil-yuks%c9%99k-s%c9%99viyy%c9%99d%c9%99dir","status":"publish","type":"post","link":"https:\/\/arantv.az\/?p=110984","title":{"rendered":"O \u00f6lk\u0259l\u0259r yax\u015f\u0131 inki\u015faf edir ki, orada t\u0259hsil y\u00fcks\u0259k s\u0259viyy\u0259d\u0259dir"},"content":{"rendered":"<p>T\u0259hsili mill\u0259tin g\u0259l\u0259c\u0259yi kimi d\u0259y\u0259rl\u0259ndir\u0259n ulu \u00f6nd\u0259r Heyd\u0259r \u018fliyev bildirirdi ki, t\u0259hsil h\u0259yat\u0131m\u0131z\u0131n \u0259n g\u0259r\u0259kli, m\u00fch\u00fcm sah\u0259sidir. \u00dcmummilli Liderin bu fikirl\u0259rinin davam\u0131 olaraq d\u00f6vl\u0259timizin ba\u015f\u00e7\u0131s\u0131 \u0130lham \u018fliyev bildirir ki, o \u00f6lk\u0259l\u0259r yax\u015f\u0131 inki\u015faf edir ki, orada t\u0259hsil y\u00fcks\u0259k s\u0259viyy\u0259d\u0259dir.<\/p>\n<p>\u00d6lk\u0259mizd\u0259 milli v\u0259 \u00fcmumb\u0259\u015f\u0259ri d\u0259y\u0259rl\u0259r\u0259, d\u00fcnya t\u0259hsil standartlar\u0131na cavab ver\u0259n t\u0259hsil sisteminin formala\u015fd\u0131r\u0131lmas\u0131 istiqam\u0259tind\u0259 g\u00f6r\u00fclm\u00fc\u015f i\u015fl\u0259r \u00f6z m\u00fcsb\u0259t n\u0259tic\u0259l\u0259rini verm\u0259kd\u0259dir. Haz\u0131rda t\u0259tbiq edil\u0259n t\u0259dris proqramlar\u0131 m\u00fcasir t\u0259l\u0259bl\u0259r\u0259 cavab verm\u0259kl\u0259 yana\u015f\u0131, t\u0259hsilalanlar\u0131n bilik v\u0259 bacar\u0131qlar\u0131n\u0131, t\u0259f\u0259kk\u00fcr v\u0259 d\u00fc\u015f\u00fcnc\u0259 t\u0259rzini laz\u0131mi s\u0259viyy\u0259d\u0259 inki\u015faf etdirm\u0259y\u0259 imkan verir.<\/p>\n<p>Prezident \u0130lham \u018fliyevin t\u0259hsilin inki\u015faf\u0131na g\u00f6st\u0259rdiyi diqq\u0259t v\u0259 qay\u011f\u0131 onu t\u0259sdiql\u0259yir ki, bu m\u00fch\u00fcm amil son d\u00f6vrl\u0259rd\u0259 d\u00f6vl\u0259t siyas\u0259tinin m\u00fch\u00fcm prinsipl\u0259ri s\u0131ras\u0131na daxil edilmi\u015fdir. Bu proses t\u0259kc\u0259 paytaxt il\u0259 m\u0259hdudla\u015fm\u0131r, b\u00f6lg\u0259l\u0259ri d\u0259 \u0259hat\u0259 edir. T\u0259sad\u00fcfi deyil ki, son ill\u0259rd\u0259 Az\u0259rbaycanda \u0259sl t\u0259hsil bumu ya\u015fan\u0131r. \u00d6lk\u0259mizd\u0259 he\u00e7 bir d\u00f6vrd\u0259 olmayan q\u0259d\u0259r m\u0259kt\u0259bl\u0259r tikilmi\u015f, bir \u00e7ox m\u0259kt\u0259bl\u0259r \u00fc\u00e7\u00fcn yeni korpuslar in\u015fa olunmu\u015fdur. M\u0259kt\u0259bl\u0259rin maddi-texniki bazas\u0131n\u0131n g\u00fccl\u0259ndirilm\u0259si istiqam\u0259tind\u0259 d\u0259 m\u00fch\u00fcm i\u015fl\u0259r g\u00f6r\u00fclm\u00fc\u015fd\u00fcr. B\u00fct\u00fcn orta t\u0259hsil ocaqlar\u0131nda internet\u0259 qo\u015fulmu\u015f kompyuter sinifl\u0259ri yarad\u0131lm\u0131\u015fd\u0131r.<\/p>\n<p>D\u00f6vl\u0259timizin ba\u015f\u00e7\u0131s\u0131 \u0130lham \u018fliyev \u00e7\u0131x\u0131\u015flar\u0131nda bu \u00e7a\u011f\u0131r\u0131\u015f\u0131 edir ki, g\u0259ncl\u0259rimiz bilikli, pe\u015f\u0259kar v\u0259 v\u0259t\u0259np\u0259rv\u0259r olmal\u0131d\u0131rlar. Bu amill\u0259rin sintezi \u00f6lk\u0259mizin g\u0259l\u0259c\u0259k u\u011furlu inki\u015faf\u0131n\u0131 \u015f\u0259rtl\u0259ndir\u0259c\u0259k. \u0130lk t\u0259m\u0259lin, bazan\u0131n m\u0259kt\u0259bl\u0259rd\u0259 formala\u015fd\u0131\u011f\u0131n\u0131 n\u0259z\u0259r\u0259 alsaq, bu sah\u0259d\u0259 at\u0131lan add\u0131mlar\u0131n davaml\u0131l\u0131\u011f\u0131 g\u00f6z qaba\u011f\u0131ndad\u0131r. M\u0259kt\u0259b tikintisinin geni\u015f v\u00fcs\u0259t almas\u0131, t\u0259miri, maddi-texniki bazas\u0131n\u0131n m\u00f6hk\u0259ml\u0259ndirilm\u0259si, \u0259n \u0259sas\u0131 kompyuterl\u0259 t\u0259minat\u0131 t\u0259hsilin keyfiyy\u0259tin\u0259 \u00f6z m\u00fcsb\u0259t t\u0259sirini g\u00f6st\u0259rir. Son 16 ild\u0259 3 min 200-d\u0259n \u00e7ox m\u0259kt\u0259b \u0259sasl\u0131 t\u0259mir edilib v\u0259 ya yenid\u0259n tikilib. Heyd\u0259r \u018fliyev Fondunun \u201cYenil\u0259\u015f\u0259n Az\u0259rbaycana yeni m\u0259kt\u0259b\u201d layih\u0259si \u00e7\u0259r\u00e7iv\u0259sind\u0259 minl\u0259rl\u0259 m\u0259kt\u0259b tikintisi v\u0259 \u0259sasl\u0131 t\u0259miri h\u0259yata ke\u00e7irilib. \u201cH\u0259r \u015fagird\u0259 bir kompyuter\u201d g\u00fcn\u00fcm\u00fcz\u00fcn \u0259sas t\u0259l\u0259bl\u0259ri s\u0131ras\u0131ndad\u0131r. Art\u0131q \u015fagirdl\u0259r m\u0259kt\u0259bl\u0259rd\u0259 yeni texnologiyan\u0131n yenilikl\u0259rini d\u0259rind\u0259n m\u0259nims\u0259yir, ill\u0259r ke\u00e7dikc\u0259 ixtisas se\u00e7iml\u0259rind\u0259 bu v\u0259 ya dig\u0259r m\u0259qamlara \u00fcst\u00fcnl\u00fck ver\u0259r\u0259k \u00f6z g\u0259l\u0259c\u0259kl\u0259rini d\u00f6vr\u00fcn t\u0259l\u0259bl\u0259ri s\u0259viyy\u0259sind\u0259 qurma\u011fa \u00e7al\u0131\u015f\u0131rlar.<\/p>\n<p>D\u00f6vl\u0259timizin ba\u015f\u00e7\u0131s\u0131 \u0130lham \u018fliyevin 16 noyabr 2018-ci il tarixli \u201c2019-2023-c\u00fc ill\u0259r \u00fc\u00e7\u00fcn Az\u0259rbaycan Respublikas\u0131nda ali t\u0259hsil sisteminin r\u0259qab\u0259tliliyinin art\u0131r\u0131lmas\u0131 \u00fczr\u0259 D\u00f6vl\u0259t Proqram\u0131\u201dn\u0131n, h\u0259m\u00e7inin 23 noyabr 2018-ci il tarixli \u201cAz\u0259rbaycan Respublikas\u0131nda d\u00f6vl\u0259t qullu\u011funun inki\u015faf\u0131na dair 2019-2025-ci ill\u0259r \u00fc\u00e7\u00fcn Strategiya\u201dn\u0131n t\u0259sdiql\u0259nm\u0259si haqq\u0131nda s\u0259r\u0259ncamlar\u0131 u\u011furlu iqtisadi t\u0259r\u0259qqinin kadr haz\u0131rl\u0131\u011f\u0131n\u0131n beyn\u0259lxalq standartlar s\u0259viyy\u0259sin\u0259 uy\u011funla\u015fd\u0131r\u0131lmas\u0131ndan as\u0131l\u0131 oldu\u011funu bir daha t\u0259sdiql\u0259yir. \u00d6lk\u0259 Prezidenti \u0130lham \u018fliyevin t\u0259\u015f\u0259bb\u00fcs\u00fc v\u0259 bilavasit\u0259 t\u0259\u015fkilat\u00e7\u0131l\u0131\u011f\u0131 il\u0259 q\u0259bul edilmi\u015f g\u0259ncl\u0259rin xarici \u00f6lk\u0259l\u0259rd\u0259 t\u0259hsili il\u0259 ba\u011fl\u0131 D\u00f6vl\u0259t Proqram\u0131n\u0131n u\u011furlu icras\u0131 m\u00fcdd\u0259tind\u0259 5 min t\u0259l\u0259b\u0259nin xarici \u00f6lk\u0259l\u0259rd\u0259 t\u0259hsili t\u0259min edilmi\u015fdir. Onlar t\u0259hsill\u0259rini ba\u015fa vuraraq, V\u0259t\u0259n\u0259 qay\u0131tmaqla \u0259ld\u0259 etdikl\u0259ri t\u0259cr\u00fcb\u0259l\u0259r \u0259sas\u0131nda \u00f6lk\u0259mizin t\u0259r\u0259qqisin\u0259 \u00f6z t\u00f6hf\u0259l\u0259rini verirl\u0259r.<\/p>\n<p>Ba\u015fa \u00e7atmaqda olan 2019-cu ild\u0259 Prezident \u0130lham \u018fliyev imzalad\u0131\u011f\u0131 F\u0259rman v\u0259 s\u0259r\u0259ncamlarla t\u0259l\u0259b\u0259l\u0259r\u0259 n\u00f6vb\u0259ti h\u0259diyy\u0259sini etmi\u015f oldu. D\u00f6vl\u0259timizin ba\u015f\u00e7\u0131s\u0131 \u0130lham \u018fliyevin son \u201cAli t\u0259hsil m\u00fc\u0259ssis\u0259l\u0259rind\u0259 t\u0259qa\u00fcd sisteminin t\u0259kmill\u0259\u015fdirilm\u0259si il\u0259 ba\u011fl\u0131 \u0259lav\u0259 t\u0259dbirl\u0259r bar\u0259d\u0259, \u201cDoktorantura, ali t\u0259hsil, orta ixtisas v\u0259 pe\u015f\u0259 t\u0259hsili m\u00fc\u0259ssis\u0259l\u0259rind\u0259, h\u0259m\u00e7inin Az\u0259rbaycan Milli Elml\u0259r Akademiyas\u0131n\u0131n magistratura s\u0259viyy\u0259sind\u0259 t\u0259hsil alan t\u0259l\u0259b\u0259l\u0259r\u0259 t\u0259qa\u00fcdl\u0259rin verilm\u0259si haqq\u0131nda\u201d s\u0259r\u0259ncamlar\u0131, \u201cAz\u0259rbaycan Respublikas\u0131n\u0131n ali m\u0259kt\u0259b t\u0259l\u0259b\u0259l\u0259ri \u00fc\u00e7\u00fcn Prezident t\u0259qa\u00fcd\u00fcn\u00fcn t\u0259sis edilm\u0259si haqq\u0131nda\u201d F\u0259rman\u0131 da t\u0259hsilin inki\u015faf\u0131na y\u00f6n\u0259l\u0259n add\u0131mlar\u0131n davaml\u0131l\u0131\u011f\u0131n\u0131n g\u00f6st\u0259ricisidir. Bu s\u0259n\u0259dl\u0259r \u00fcmumilikd\u0259 110 min t\u0259l\u0259b\u0259ni \u0259hat\u0259 edir. \u00d6d\u0259ni\u015fli t\u0259hsil alan t\u0259l\u0259b\u0259l\u0259rin d\u0259 t\u0259qa\u00fcd almaq imkan\u0131 \u0259ld\u0259 etm\u0259si t\u0259hsilin inki\u015faf\u0131na \u00f6z m\u00fcsb\u0259t t\u0259sirini g\u00f6st\u0259r\u0259c\u0259k. T\u0259hsil sah\u0259sind\u0259 \u0259n y\u00fcks\u0259k n\u0259tic\u0259l\u0259r \u0259ld\u0259 etmi\u015f t\u0259l\u0259b\u0259l\u0259r\u0259 d\u00f6vl\u0259t qay\u011f\u0131s\u0131n\u0131 g\u00fccl\u0259ndirm\u0259k m\u0259qs\u0259dil\u0259 imzalanan F\u0259rmana \u0259sas\u0259n Prezident t\u0259qa\u00fcd\u00fcn\u00fcn h\u0259cmi 185 manatdan 210 manata art\u0131r\u0131ld\u0131. 2019-cu ilin b\u00fcdc\u0259 m\u00fczakir\u0259l\u0259ri zaman\u0131 d\u00f6vl\u0259t sifari\u015fli yerl\u0259rin art\u0131r\u0131lmas\u0131 bar\u0259d\u0259 qarar\u0131n q\u0259bulu da t\u0259hsilin inki\u015faf\u0131na xidm\u0259t ed\u0259n add\u0131mlardand\u0131r. N\u00f6vb\u0259ti t\u0259dris ilind\u0259n t\u0259qa\u00fcd yerl\u0259rinin 12324-d\u0259n 20500-\u0259 \u00e7atd\u0131r\u0131lmas\u0131 n\u0259z\u0259rd\u0259 tutulub. Bu da \u00f6z n\u00f6vb\u0259sind\u0259 d\u00f6vl\u0259t sifari\u015fli yerl\u0259rin 42 faiz\u0259 \u00e7atd\u0131r\u0131lmas\u0131 dem\u0259kdir. Magistratura yerl\u0259rinin 25 faiz art\u0131r\u0131lmas\u0131 bar\u0259d\u0259 q\u0259bul olunan q\u0259rar da xo\u015f x\u0259b\u0259rl\u0259r s\u0131ras\u0131ndand\u0131r.<\/p>\n<p>D\u00f6vl\u0259t b\u00fcdc\u0259sind\u0259n ay\u0131rmalarda m\u00fcdafi\u0259 x\u0259rcl\u0259rind\u0259n sonra ikinci yerd\u0259 t\u0259hsil x\u0259rcl\u0259rinin olmas\u0131 bu sah\u0259nin inki\u015faf\u0131n\u0131n n\u0259 q\u0259d\u0259r \u00f6n\u0259mli oldu\u011funu t\u0259sdiql\u0259yir. H\u0259r bir d\u00f6vl\u0259tin m\u00fcst\u0259qilliyinin, suverenliyinin, t\u0259hl\u00fck\u0259sizliyinin t\u0259minat\u0131nda m\u00fcdafi\u0259 q\u00fcdr\u0259ti n\u0259 kimi b\u00f6y\u00fck rol oynay\u0131rsa, inki\u015faf\u0131nda, t\u0259r\u0259qqisind\u0259 d\u0259 t\u0259hsilin rolu el\u0259 d\u0259y\u0259rl\u0259ndirilir.<\/p>\n<p>Prezident kimi f\u0259aliyy\u0259t\u0259 ba\u015flad\u0131\u011f\u0131 g\u00fcnd\u0259n c\u0259nab \u0130lham \u018fliyev \u201cNeft kapital\u0131n\u0131 insan kapital\u0131na \u00e7evir\u0259k\u201d tezisini ir\u0259li s\u00fcr\u0259r\u0259k, bu istiqam\u0259td\u0259 davaml\u0131 add\u0131mlar atd\u0131. T\u0259hsilin, elmin v\u0259 iqtisadiyyat\u0131n v\u0259hd\u0259tliyinin prioritetliyi at\u0131lan add\u0131mlardan da ayd\u0131n g\u00f6r\u00fcn\u00fcr. Bir fakt\u0131 n\u0259z\u0259r\u0259 alsaq ki, iqtisadiyyatla elm z\u0259ncirvari \u015f\u0259kild\u0259 bir-biri il\u0259 s\u0131x ba\u011fl\u0131d\u0131r, bu halda d\u00f6vl\u0259tin t\u0259hsilin v\u0259 elmin inki\u015faf\u0131na g\u00f6st\u0259rdiyi diqq\u0259tin mahiyy\u0259ti daha qabar\u0131q \u015f\u0259kild\u0259 \u00f6z\u00fcn\u00fc b\u00fcruz\u0259 ver\u0259r. \u0130qtisadiyyat\u0131 inki\u015faf etdir\u0259n yeni texnologiyalard\u0131r.<\/p>\n<p>Yaqut A\u011fa\u015fahq\u0131z\u0131, \u201c\u0130ki sahil\u201d<\/p>\n","protected":false},"excerpt":{"rendered":"<p>T\u0259hsili mill\u0259tin g\u0259l\u0259c\u0259yi kimi d\u0259y\u0259rl\u0259ndir\u0259n ulu \u00f6nd\u0259r Heyd\u0259r \u018fliyev bildirirdi ki, t\u0259hsil h\u0259yat\u0131m\u0131z\u0131n \u0259n g\u0259r\u0259kli, m\u00fch\u00fcm sah\u0259sidir. \u00dcmummilli Liderin bu fikirl\u0259rinin davam\u0131 olaraq d\u00f6vl\u0259timizin ba\u015f\u00e7\u0131s\u0131 \u0130lham \u018fliyev bildirir ki, o \u00f6lk\u0259l\u0259r yax\u015f\u0131 inki\u015faf edir ki, orada t\u0259hsil y\u00fcks\u0259k s\u0259viyy\u0259d\u0259dir. \u00d6lk\u0259mizd\u0259 milli v\u0259 \u00fcmumb\u0259\u015f\u0259ri d\u0259y\u0259rl\u0259r\u0259, d\u00fcnya t\u0259hsil standartlar\u0131na cavab ver\u0259n t\u0259hsil sisteminin formala\u015fd\u0131r\u0131lmas\u0131 istiqam\u0259tind\u0259 g\u00f6r\u00fclm\u00fc\u015f i\u015fl\u0259r \u00f6z m\u00fcsb\u0259t n\u0259tic\u0259l\u0259rini verm\u0259kd\u0259dir. Haz\u0131rda t\u0259tbiq edil\u0259n t\u0259dris proqramlar\u0131 m\u00fcasir t\u0259l\u0259bl\u0259r\u0259 cavab verm\u0259kl\u0259 yana\u015f\u0131, t\u0259hsilalanlar\u0131n bilik v\u0259 bacar\u0131qlar\u0131n\u0131, t\u0259f\u0259kk\u00fcr v\u0259 d\u00fc\u015f\u00fcnc\u0259 t\u0259rzini laz\u0131mi s\u0259viyy\u0259d\u0259 inki\u015faf etdirm\u0259y\u0259 imkan verir. Prezident \u0130lham \u018fliyevin t\u0259hsilin inki\u015faf\u0131na g\u00f6st\u0259rdiyi diqq\u0259t&hellip;<\/p>\n","protected":false},"author":2,"featured_media":110985,"comment_status":"closed","ping_status":"closed","sticky":false,"template":"","format":"standard","meta":{"om_disable_all_campaigns":false,"_monsterinsights_skip_tracking":false,"_monsterinsights_sitenote_active":false,"_monsterinsights_sitenote_note":"","_monsterinsights_sitenote_category":0},"categories":[4],"tags":[],"aioseo_notices":[],"gutentor_comment":0,"rttpg_featured_image_url":{"full":["https:\/\/arantv.az\/wp-content\/uploads\/2019\/12\/a8166da0157717112999142997310123830.jpg",975,540,false],"landscape":["https:\/\/arantv.az\/wp-content\/uploads\/2019\/12\/a8166da0157717112999142997310123830.jpg",975,540,false],"portraits":["https:\/\/arantv.az\/wp-content\/uploads\/2019\/12\/a8166da0157717112999142997310123830.jpg",975,540,false],"thumbnail":["https:\/\/arantv.az\/wp-content\/uploads\/2019\/12\/a8166da0157717112999142997310123830-150x150.jpg",150,150,true],"medium":["https:\/\/arantv.az\/wp-content\/uploads\/2019\/12\/a8166da0157717112999142997310123830-300x166.jpg",300,166,true],"large":["https:\/\/arantv.az\/wp-content\/uploads\/2019\/12\/a8166da0157717112999142997310123830.jpg",640,354,false],"1536x1536":["https:\/\/arantv.az\/wp-content\/uploads\/2019\/12\/a8166da0157717112999142997310123830.jpg",975,540,false],"2048x2048":["https:\/\/arantv.az\/wp-content\/uploads\/2019\/12\/a8166da0157717112999142997310123830.jpg",975,540,false],"post-thumbnail":["https:\/\/arantv.az\/wp-content\/uploads\/2019\/12\/a8166da0157717112999142997310123830-240x172.jpg",240,172,true],"advps-thumb-one":["https:\/\/arantv.az\/wp-content\/uploads\/2019\/12\/a8166da0157717112999142997310123830.jpg",975,540,false]},"rttpg_author":{"display_name":"V\u00fcsal Rafiqo\u011flu","author_link":"https:\/\/arantv.az\/?author=2"},"rttpg_comment":0,"rttpg_category":"<a href=\"https:\/\/arantv.az\/?cat=4\" rel=\"category\">Siyas\u0259t<\/a>","rttpg_excerpt":"T\u0259hsili mill\u0259tin g\u0259l\u0259c\u0259yi kimi d\u0259y\u0259rl\u0259ndir\u0259n ulu \u00f6nd\u0259r Heyd\u0259r \u018fliyev bildirirdi ki, t\u0259hsil h\u0259yat\u0131m\u0131z\u0131n \u0259n g\u0259r\u0259kli, m\u00fch\u00fcm sah\u0259sidir. \u00dcmummilli Liderin bu fikirl\u0259rinin davam\u0131 olaraq d\u00f6vl\u0259timizin ba\u015f\u00e7\u0131s\u0131 \u0130lham \u018fliyev bildirir ki, o \u00f6lk\u0259l\u0259r yax\u015f\u0131 inki\u015faf edir ki, orada t\u0259hsil y\u00fcks\u0259k s\u0259viyy\u0259d\u0259dir. \u00d6lk\u0259mizd\u0259 milli v\u0259 \u00fcmumb\u0259\u015f\u0259ri d\u0259y\u0259rl\u0259r\u0259, d\u00fcnya t\u0259hsil standartlar\u0131na cavab ver\u0259n t\u0259hsil sisteminin formala\u015fd\u0131r\u0131lmas\u0131 istiqam\u0259tind\u0259 g\u00f6r\u00fclm\u00fc\u015f i\u015fl\u0259r&hellip;","_links":{"self":[{"href":"https:\/\/arantv.az\/index.php?rest_route=\/wp\/v2\/posts\/110984"}],"collection":[{"href":"https:\/\/arantv.az\/index.php?rest_route=\/wp\/v2\/posts"}],"about":[{"href":"https:\/\/arantv.az\/index.php?rest_route=\/wp\/v2\/types\/post"}],"author":[{"embeddable":true,"href":"https:\/\/arantv.az\/index.php?rest_route=\/wp\/v2\/users\/2"}],"replies":[{"embeddable":true,"href":"https:\/\/arantv.az\/index.php?rest_route=%2Fwp%2Fv2%2Fcomments&post=110984"}],"version-history":[{"count":0,"href":"https:\/\/arantv.az\/index.php?rest_route=\/wp\/v2\/posts\/110984\/revisions"}],"wp:featuredmedia":[{"embeddable":true,"href":"https:\/\/arantv.az\/index.php?rest_route=\/wp\/v2\/media\/110985"}],"wp:attachment":[{"href":"https:\/\/arantv.az\/index.php?rest_route=%2Fwp%2Fv2%2Fmedia&parent=110984"}],"wp:term":[{"taxonomy":"category","embeddable":true,"href":"https:\/\/arantv.az\/index.php?rest_route=%2Fwp%2Fv2%2Fcategories&post=110984"},{"taxonomy":"post_tag","embeddable":true,"href":"https:\/\/arantv.az\/index.php?rest_route=%2Fwp%2Fv2%2Ftags&post=110984"}],"curies":[{"name":"wp","href":"https:\/\/api.w.org\/{rel}","templated":true}]}}