{"id":111000,"date":"2019-12-24T10:49:16","date_gmt":"2019-12-24T07:49:16","guid":{"rendered":"http:\/\/arantv.az\/?p=111000"},"modified":"2019-12-24T10:49:16","modified_gmt":"2019-12-24T07:49:16","slug":"dilimizin-safliginin-qorunmasi-dovl%c9%99t-siyas%c9%99tinin-%c9%99sasidir","status":"publish","type":"post","link":"https:\/\/arantv.az\/?p=111000","title":{"rendered":"Dilimizin safl\u0131\u011f\u0131n\u0131n qorunmas\u0131 d\u00f6vl\u0259t siyas\u0259tinin \u0259sas\u0131d\u0131r"},"content":{"rendered":"<p><strong>\u00d6lk\u0259 Prezidenti \u0130lham \u018fliyevin son 16 ild\u0259 imzalad\u0131\u011f\u0131 s\u0259n\u0259dl\u0259r bir daha bu reall\u0131\u011f\u0131 t\u0259sdiq edir<\/strong><\/p>\n<p>Tarix s\u00fcbut edir ki, dil a\u011fl\u0131n, \u015f\u0259xsin, mill\u0259tin g\u00fczg\u00fcs\u00fc olmaqla, tan\u0131nm\u0131\u015f dahil\u0259r\u0259, yazarlara ya\u015fam haqq\u0131 ver\u0259n m\u0259n\u0259vi pasportdur. Az\u0259rbaycan dilini xalq\u0131m\u0131z\u0131n m\u0259n\u0259vi s\u0259rv\u0259ti, d\u00fcnya az\u0259rbaycanl\u0131lar\u0131n\u0131n h\u0259mr\u0259yliyinin sars\u0131lmaz t\u0259m\u0259li, m\u00fcst\u0259qilliyimizin ba\u015fl\u0131ca r\u0259mzl\u0259ri il\u0259 eyni s\u0259viyy\u0259d\u0259 qiym\u0259tl\u0259ndir\u0259n, \u201cAz\u0259rbaycan xalq\u0131n\u0131n dili onun milli varl\u0131\u011f\u0131n\u0131 m\u00fc\u0259yy\u0259n ed\u0259n ba\u015fl\u0131ca amill\u0259rd\u0259ndir\u201d s\u00f6yl\u0259y\u0259n ulu \u00f6nd\u0259r Heyd\u0259r \u018fliyev bildirirdi ki,\u00a0 xalq\u0131m\u0131z\u0131n milliliyini,\u00a0 m\u0259n\u0259vi d\u0259y\u0259rl\u0259rini, m\u0259d\u0259niyy\u0259tini ya\u015fadan onun dilidir. \u00dcmummilli Lider onu da bildirirdi ki, \u00f6z ana dilini bilm\u0259y\u0259n adamlar \u015fik\u0259st adamlard\u0131r: \u201cAna dilini bilm\u0259m\u0259k, ana dilini qiym\u0259tl\u0259ndirm\u0259m\u0259k \u015f\u00fcbh\u0259siz ki, xalq qar\u015f\u0131s\u0131nda b\u00f6y\u00fck q\u0259bah\u0259tdir\u201d. Ulu \u00d6nd\u0259r dilimizin safl\u0131\u011f\u0131n\u0131n qorunmas\u0131nda x\u00fcsusi xidm\u0259tll\u0259ri olan yaz\u0131\u00e7\u0131-dramaturq M. F. Axundzad\u0259 v\u0259 yaz\u0131\u00e7\u0131, d\u00f6vl\u0259t v\u0259 siyasi xadim N.N\u0259rimanovu Az\u0259rbaycan dilinin \u0259v\u0259zsiz t\u0259dqiqat\u00e7\u0131lar\u0131 adland\u0131r\u0131rd\u0131. \u201cM\u0259n h\u0259mi\u015f\u0259 f\u0259xr etmi\u015f\u0259m, bu g\u00fcn d\u0259 f\u0259xr edir\u0259m ki, m\u0259n az\u0259rbaycanl\u0131yam!\u201d s\u00f6zl\u0259ri il\u0259 milli varl\u0131\u011f\u0131m\u0131z\u0131n ifad\u0259si olan Az\u0259rbaycan dilin\u0259 m\u0259h\u0259bb\u0259tini ifad\u0259 ed\u0259n Ulu \u00d6nd\u0259r respublikaya r\u0259hb\u0259rliyinin b\u00fct\u00fcn d\u00f6vrl\u0259rind\u0259 Az\u0259rbaycan dilin\u0259 \u00e7ox qay\u011f\u0131 il\u0259 yana\u015fm\u0131\u015f, onun safl\u0131\u011f\u0131, yad t\u0259sirl\u0259rd\u0259n qorunmas\u0131 \u00fc\u00e7\u00fcn s\u0259yl\u0259rini \u0259sirg\u0259m\u0259mi\u015fdir.<\/p>\n<p>\u00dcmummilli lider Heyd\u0259r \u018fliyevin dil siyas\u0259tini, dilimiz\u0259 diqq\u0259t v\u0259 qay\u011f\u0131s\u0131n\u0131 eyni m\u0259suliyy\u0259tl\u0259 davam etdir\u0259n Prezident \u0130lham \u018fliyev \u201cAz\u0259rbaycan dilind\u0259 lat\u0131n qrafikas\u0131 il\u0259 k\u00fctl\u0259vi n\u0259\u015frl\u0259rin h\u0259yata ke\u00e7irilm\u0259si haqq\u0131nda\u201d S\u0259r\u0259ncam\u0131 imzalamaqla bu istiqam\u0259td\u0259 n\u0259z\u0259rd\u0259 tutulan v\u0259 h\u0259lli vacib prioritetl\u0259ri m\u00fc\u0259yy\u0259nl\u0259\u015fdirdi. S\u0259r\u0259ncama uy\u011fun olaraq Az\u0259rbaycan \u0259d\u0259biyyat\u0131, m\u0259d\u0259niyy\u0259ti v\u0259 elminin \u0259n g\u00f6z\u0259l n\u00fcmun\u0259l\u0259rinin t\u0259bli\u011fini geni\u015fl\u0259ndirm\u0259k v\u0259 g\u0259l\u0259c\u0259k n\u0259sill\u0259r\u0259 \u00e7atd\u0131rmaq m\u0259qs\u0259dil\u0259 Az\u0259rbaycan dilind\u0259 \u0259vv\u0259ll\u0259r kiril qrafikas\u0131nda \u00e7ap olunmu\u015f \u0259s\u0259rl\u0259rin lat\u0131n qrafikas\u0131 il\u0259 yenid\u0259n n\u0259\u015fri k\u00fctl\u0259vi \u015f\u0259kild\u0259 h\u0259yata ke\u00e7irildi.\u00a0 Yenid\u0259n \u00e7ap\u0131 n\u0259z\u0259rd\u0259 tutulan kitablar\u0131n m\u0259tnl\u0259rinin elektronda\u015f\u0131y\u0131c\u0131lar\u0131 v\u0259 internet vasit\u0259sil\u0259 yay\u0131lmas\u0131, lat\u0131n qrafikas\u0131nda \u201cAz\u0259rbaycan \u0259d\u0259biyyat\u0131n\u0131n virtual kitabxanas\u0131\u201d yarad\u0131lmas\u0131 qar\u015f\u0131ya m\u0259qs\u0259d kimi qoyuldu. Bu istiqam\u0259td\u0259 g\u00f6r\u00fcl\u0259n i\u015fl\u0259rin n\u0259tic\u0259sidir ki, \u201cElektron h\u00f6kum\u0259t\u201d, \u201cElektron d\u0259rslik\u201d, \u201cElektron kitabxana\u201d terminl\u0259ri yarand\u0131 v\u0259 bu sah\u0259d\u0259 \u00f6n\u0259mli u\u011furlar \u0259ld\u0259 olundu. \u201cAz\u0259rbaycan Milli\u00a0 Ensiklopediyan\u0131n n\u0259\u015fri haqq\u0131nda\u201d S\u0259r\u0259ncam imzaland\u0131.<\/p>\n<p>\u201cAz\u0259rbaycan dilinin qloballa\u015fma \u015f\u0259raitind\u0259 zaman\u0131n t\u0259l\u0259bl\u0259rin\u0259 uy\u011fun istifad\u0259sin\u0259 v\u0259 \u00f6lk\u0259d\u0259 dil\u00e7iliyin inki\u015faf\u0131na dair D\u00f6vl\u0259t Proqram\u0131\u201dn\u0131n q\u0259bulunda da m\u0259qs\u0259d Az\u0259rbaycan dilinin istifad\u0259sin\u0259 d\u00f6vl\u0259t qay\u011f\u0131s\u0131n\u0131n art\u0131r\u0131lmas\u0131, dil\u00e7ilik ara\u015fd\u0131r\u0131lmalar\u0131n\u0131 \u0259sasl\u0131 sur\u0259td\u0259 yax\u015f\u0131la\u015fd\u0131rmaqla fundamental v\u0259 t\u0259tbiqi t\u0259dqiqatlar\u0131n inki\u015faf\u0131na y\u00f6n\u0259ldilmi\u015f yarad\u0131c\u0131q s\u0259yl\u0259rinin birl\u0259\u015fdirilm\u0259sini, c\u0259miyy\u0259tin aktual probleml\u0259ri il\u0259 \u0259laq\u0259l\u0259ndirilm\u0259sini t\u0259min etm\u0259kdir.\u00a0 Eyni zamanda, Az\u0259rbaycan dilinin qloballa\u015fma \u015f\u0259raitind\u0259 zaman\u0131n t\u0259l\u0259bl\u0259rin\u0259 uy\u011fun istifad\u0259si v\u0259 az\u0259rbaycan\u00e7\u0131l\u0131q m\u0259fkur\u0259si \u0259sas\u0131nda h\u0259rt\u0259r\u0259fli inki\u015faf\u0131 bax\u0131m\u0131ndan g\u0259nc n\u0259slin ana dilin\u0259 sevgi v\u0259 h\u00f6rm\u0259t ruhunda t\u0259rbiy\u0259 olunmas\u0131, \u0259d\u0259bi dil normalar\u0131na ciddi sur\u0259td\u0259 \u0259m\u0259l edilm\u0259si kimi dig\u0259r m\u0259s\u0259l\u0259l\u0259rd\u0259 g\u00fcn\u00fcn t\u0259l\u0259bi olaraq qalmaqdad\u0131r.<\/p>\n<p>Qeyd olunanlar Prezident \u0130lham \u018fliyevin ana dilinin inki\u015faf\u0131na qay\u011f\u0131s\u0131n\u0131n az bir hiss\u0259sidir. Prezident \u0130lham \u018fliyevin imzalad\u0131\u011f\u0131\u00a0 \u201cAz\u0259rbaycan dilinin safl\u0131\u011f\u0131n\u0131n qorunmas\u0131 v\u0259 d\u00f6vl\u0259t dilind\u0259n istifad\u0259nin daha da t\u0259kmill\u0259\u015fdirilm\u0259si il\u0259 ba\u011fl\u0131 t\u0259dbirl\u0259r haqq\u0131nda\u201d F\u0259rmanda da ana dilimizin qorunmas\u0131 \u00fc\u00e7\u00fcn h\u0259yata ke\u00e7iril\u0259c\u0259k islahatlar, h\u0259d\u0259fl\u0259r \u0259ksini tap\u0131r. \u00d6lk\u0259mizd\u0259 d\u00f6vl\u0259t dilinin t\u0259tbiqin\u0259 n\u0259zar\u0259t ed\u0259n, k\u00fctl\u0259vi informasiya vasit\u0259l\u0259rind\u0259, internet resurslar\u0131nda v\u0259 reklam da\u015f\u0131y\u0131c\u0131lar\u0131nda \u0259d\u0259bi dil normalar\u0131n\u0131n qorunmas\u0131n\u0131 t\u0259min ed\u0259n, d\u00f6vl\u0259t b\u00fcdc\u0259sind\u0259n maliyy\u0259l\u0259\u015f\u0259n \u201cAz\u0259rbaycan Respublikas\u0131n\u0131n D\u00f6vl\u0259t Dil Komissiyas\u0131 yan\u0131nda Monitorinq M\u0259rk\u0259zi\u201d publik h\u00fcquqi \u015f\u0259xsin yarad\u0131lmas\u0131, Az\u0259rbaycan Milli Elml\u0259r Akademiyas\u0131 il\u0259 birlikd\u0259 \u201cAz\u0259rbaycan dilinin safl\u0131\u011f\u0131n\u0131n qorunmas\u0131 v\u0259 d\u00f6vl\u0259t dilind\u0259n istifad\u0259nin daha da yax\u015f\u0131la\u015fd\u0131r\u0131lmas\u0131 il\u0259 ba\u011fl\u0131 T\u0259dbirl\u0259r Plan\u0131\u201dn\u0131n haz\u0131rlanmas\u0131 ba\u015fl\u0131ca v\u0259zif\u0259 kimi qar\u015f\u0131ya qoyuldu. N\u0259z\u0259rd\u0259 tutulan h\u0259r t\u0259dbir, islahat \u00f6z\u00fcn\u0259m\u0259xsus inki\u015faf qanunlar\u0131 il\u0259 cilalanm\u0131\u015f kamil qrammatik qurulu\u015fu, z\u0259ngin s\u00f6z fondu, geni\u015f ifad\u0259 imkanlar\u0131, m\u00fck\u0259mm\u0259l \u0259lifbas\u0131, y\u00fcks\u0259k s\u0259viyy\u0259li yaz\u0131 format\u0131 il\u0259 f\u0259rql\u0259n\u0259n Az\u0259rbaycan dilinin qorunmas\u0131na xidm\u0259t ed\u0259c\u0259k.<\/p>\n<p><strong>M\u0259nsum\u0259 Babayeva,\u00a0<\/strong><em>\u201c\u0130ki sahil\u201d<\/em><\/p>\n","protected":false},"excerpt":{"rendered":"<p>\u00d6lk\u0259 Prezidenti \u0130lham \u018fliyevin son 16 ild\u0259 imzalad\u0131\u011f\u0131 s\u0259n\u0259dl\u0259r bir daha bu reall\u0131\u011f\u0131 t\u0259sdiq edir Tarix s\u00fcbut edir ki, dil a\u011fl\u0131n, \u015f\u0259xsin, mill\u0259tin g\u00fczg\u00fcs\u00fc olmaqla, tan\u0131nm\u0131\u015f dahil\u0259r\u0259, yazarlara ya\u015fam haqq\u0131 ver\u0259n m\u0259n\u0259vi pasportdur. Az\u0259rbaycan dilini xalq\u0131m\u0131z\u0131n m\u0259n\u0259vi s\u0259rv\u0259ti, d\u00fcnya az\u0259rbaycanl\u0131lar\u0131n\u0131n h\u0259mr\u0259yliyinin sars\u0131lmaz t\u0259m\u0259li, m\u00fcst\u0259qilliyimizin ba\u015fl\u0131ca r\u0259mzl\u0259ri il\u0259 eyni s\u0259viyy\u0259d\u0259 qiym\u0259tl\u0259ndir\u0259n, \u201cAz\u0259rbaycan xalq\u0131n\u0131n dili onun milli varl\u0131\u011f\u0131n\u0131 m\u00fc\u0259yy\u0259n ed\u0259n ba\u015fl\u0131ca amill\u0259rd\u0259ndir\u201d s\u00f6yl\u0259y\u0259n ulu \u00f6nd\u0259r Heyd\u0259r \u018fliyev bildirirdi ki,\u00a0 xalq\u0131m\u0131z\u0131n milliliyini,\u00a0 m\u0259n\u0259vi d\u0259y\u0259rl\u0259rini, m\u0259d\u0259niyy\u0259tini ya\u015fadan onun dilidir. \u00dcmummilli Lider onu da bildirirdi ki, \u00f6z ana dilini bilm\u0259y\u0259n adamlar \u015fik\u0259st adamlard\u0131r: \u201cAna dilini&hellip;<\/p>\n","protected":false},"author":2,"featured_media":111001,"comment_status":"closed","ping_status":"closed","sticky":false,"template":"","format":"standard","meta":{"om_disable_all_campaigns":false,"_monsterinsights_skip_tracking":false,"_monsterinsights_sitenote_active":false,"_monsterinsights_sitenote_note":"","_monsterinsights_sitenote_category":0},"categories":[4],"tags":[],"aioseo_notices":[],"gutentor_comment":0,"rttpg_featured_image_url":{"full":["https:\/\/arantv.az\/wp-content\/uploads\/2019\/12\/e6a4f65e157716827595554288911032020.jpg",975,540,false],"landscape":["https:\/\/arantv.az\/wp-content\/uploads\/2019\/12\/e6a4f65e157716827595554288911032020.jpg",975,540,false],"portraits":["https:\/\/arantv.az\/wp-content\/uploads\/2019\/12\/e6a4f65e157716827595554288911032020.jpg",975,540,false],"thumbnail":["https:\/\/arantv.az\/wp-content\/uploads\/2019\/12\/e6a4f65e157716827595554288911032020-150x150.jpg",150,150,true],"medium":["https:\/\/arantv.az\/wp-content\/uploads\/2019\/12\/e6a4f65e157716827595554288911032020-300x166.jpg",300,166,true],"large":["https:\/\/arantv.az\/wp-content\/uploads\/2019\/12\/e6a4f65e157716827595554288911032020.jpg",640,354,false],"1536x1536":["https:\/\/arantv.az\/wp-content\/uploads\/2019\/12\/e6a4f65e157716827595554288911032020.jpg",975,540,false],"2048x2048":["https:\/\/arantv.az\/wp-content\/uploads\/2019\/12\/e6a4f65e157716827595554288911032020.jpg",975,540,false],"post-thumbnail":["https:\/\/arantv.az\/wp-content\/uploads\/2019\/12\/e6a4f65e157716827595554288911032020-240x172.jpg",240,172,true],"advps-thumb-one":["https:\/\/arantv.az\/wp-content\/uploads\/2019\/12\/e6a4f65e157716827595554288911032020.jpg",975,540,false]},"rttpg_author":{"display_name":"V\u00fcsal Rafiqo\u011flu","author_link":"https:\/\/arantv.az\/?author=2"},"rttpg_comment":0,"rttpg_category":"<a href=\"https:\/\/arantv.az\/?cat=4\" rel=\"category\">Siyas\u0259t<\/a>","rttpg_excerpt":"\u00d6lk\u0259 Prezidenti \u0130lham \u018fliyevin son 16 ild\u0259 imzalad\u0131\u011f\u0131 s\u0259n\u0259dl\u0259r bir daha bu reall\u0131\u011f\u0131 t\u0259sdiq edir Tarix s\u00fcbut edir ki, dil a\u011fl\u0131n, \u015f\u0259xsin, mill\u0259tin g\u00fczg\u00fcs\u00fc olmaqla, tan\u0131nm\u0131\u015f dahil\u0259r\u0259, yazarlara ya\u015fam haqq\u0131 ver\u0259n m\u0259n\u0259vi pasportdur. Az\u0259rbaycan dilini xalq\u0131m\u0131z\u0131n m\u0259n\u0259vi s\u0259rv\u0259ti, d\u00fcnya az\u0259rbaycanl\u0131lar\u0131n\u0131n h\u0259mr\u0259yliyinin sars\u0131lmaz t\u0259m\u0259li, m\u00fcst\u0259qilliyimizin ba\u015fl\u0131ca r\u0259mzl\u0259ri il\u0259 eyni s\u0259viyy\u0259d\u0259 qiym\u0259tl\u0259ndir\u0259n, \u201cAz\u0259rbaycan xalq\u0131n\u0131n dili onun milli&hellip;","_links":{"self":[{"href":"https:\/\/arantv.az\/index.php?rest_route=\/wp\/v2\/posts\/111000"}],"collection":[{"href":"https:\/\/arantv.az\/index.php?rest_route=\/wp\/v2\/posts"}],"about":[{"href":"https:\/\/arantv.az\/index.php?rest_route=\/wp\/v2\/types\/post"}],"author":[{"embeddable":true,"href":"https:\/\/arantv.az\/index.php?rest_route=\/wp\/v2\/users\/2"}],"replies":[{"embeddable":true,"href":"https:\/\/arantv.az\/index.php?rest_route=%2Fwp%2Fv2%2Fcomments&post=111000"}],"version-history":[{"count":0,"href":"https:\/\/arantv.az\/index.php?rest_route=\/wp\/v2\/posts\/111000\/revisions"}],"wp:featuredmedia":[{"embeddable":true,"href":"https:\/\/arantv.az\/index.php?rest_route=\/wp\/v2\/media\/111001"}],"wp:attachment":[{"href":"https:\/\/arantv.az\/index.php?rest_route=%2Fwp%2Fv2%2Fmedia&parent=111000"}],"wp:term":[{"taxonomy":"category","embeddable":true,"href":"https:\/\/arantv.az\/index.php?rest_route=%2Fwp%2Fv2%2Fcategories&post=111000"},{"taxonomy":"post_tag","embeddable":true,"href":"https:\/\/arantv.az\/index.php?rest_route=%2Fwp%2Fv2%2Ftags&post=111000"}],"curies":[{"name":"wp","href":"https:\/\/api.w.org\/{rel}","templated":true}]}}