{"id":111012,"date":"2019-12-24T11:13:58","date_gmt":"2019-12-24T08:13:58","guid":{"rendered":"http:\/\/arantv.az\/?p=111012"},"modified":"2019-12-24T11:13:58","modified_gmt":"2019-12-24T08:13:58","slug":"prezident-rusiyali-naziri-q%c9%99bul-etdi-foto","status":"publish","type":"post","link":"https:\/\/arantv.az\/?p=111012","title":{"rendered":"Prezident rusiyal\u0131 naziri q\u0259bul etdi &#8211; FOTO"},"content":{"rendered":"<p>Az\u0259rbaycan Respublikas\u0131n\u0131n Prezidenti \u0130lham \u018fliyev dekabr\u0131n 24-d\u0259 Rusiya Federasiyas\u0131n\u0131n \u0130qtisadi \u0130nki\u015faf naziri, Rusiya-Az\u0259rbaycan H\u00f6kum\u0259tl\u0259raras\u0131 \u0130qtisadi Komissiyas\u0131n\u0131n h\u0259ms\u0259dri Maksim Ore\u015fkinin ba\u015f\u00e7\u0131l\u0131q etdiyi n\u00fcmay\u0259nd\u0259 hey\u0259tini q\u0259bul edib.<\/p>\n<p>Bununla ba\u011fl\u0131\u00a0<a href=\"https:\/\/azertag.az\/xeber\/Azerbaycan_Prezidenti_Ilham_Aliyev_Rusiyanin_Iqtisadi_Inkisaf_nazirinin_baschiliq_etdiyi_numayende_heyetini_qebul_edib_YENILANACAK-1374007\" target=\"_blank\" rel=\"noopener\">AZ\u018fRTAC<\/a>\u00a0m\u0259lumat yay\u0131b.<\/p>\n<div class=\"gallery\">\n<div class=\"gallery-i\"><img src=\"https:\/\/assets.oxu.az\/uploads\/W1siZiIsIjIwMTkvMTIvMjQvMTEvMzMvNTIvODczNjAyZmEtYmE2Ny00MDhiLTkzNTYtNzdhNTBjYTgxMDFkLzE1NzcxNzI3MDY0OTU4NDU2OTE0XzEwMDB4NjY5LmpwZyJdLFsicCIsImVuY29kZSIsImpwZyIsIi1xdWFsaXR5IDgwIl0sWyJwIiwidGh1bWIiLCI1OTB4NTkwXHUwMDNlIl1d?sha=f263ea385f855147\" alt=\"\" \/><\/p>\n<div class=\"gallery-i-caption\"><\/div>\n<\/div>\n<div class=\"gallery-i\"><img src=\"https:\/\/assets.oxu.az\/uploads\/W1siZiIsIjIwMTkvMTIvMjQvMTEvMzMvNTUvYjNkOWM1OTktYTA3OS00N2VlLWJjN2EtOTU1NTQ0YmFkNTgzLzE1NzcxNzI3MDYyODYyNTIyMzgyXzEwMDB4NjY5LmpwZyJdLFsicCIsImVuY29kZSIsImpwZyIsIi1xdWFsaXR5IDgwIl0sWyJwIiwidGh1bWIiLCI1OTB4NTkwXHUwMDNlIl1d?sha=ee0324e65447fa59\" alt=\"\" \/><\/div>\n<\/div>\n","protected":false},"excerpt":{"rendered":"<p>Az\u0259rbaycan Respublikas\u0131n\u0131n Prezidenti \u0130lham \u018fliyev dekabr\u0131n 24-d\u0259 Rusiya Federasiyas\u0131n\u0131n \u0130qtisadi \u0130nki\u015faf naziri, Rusiya-Az\u0259rbaycan H\u00f6kum\u0259tl\u0259raras\u0131 \u0130qtisadi Komissiyas\u0131n\u0131n h\u0259ms\u0259dri Maksim Ore\u015fkinin ba\u015f\u00e7\u0131l\u0131q etdiyi n\u00fcmay\u0259nd\u0259 hey\u0259tini q\u0259bul edib. Bununla ba\u011fl\u0131\u00a0AZ\u018fRTAC\u00a0m\u0259lumat yay\u0131b.<\/p>\n","protected":false},"author":2,"featured_media":111013,"comment_status":"closed","ping_status":"closed","sticky":false,"template":"","format":"standard","meta":{"om_disable_all_campaigns":false,"_monsterinsights_skip_tracking":false,"_monsterinsights_sitenote_active":false,"_monsterinsights_sitenote_note":"","_monsterinsights_sitenote_category":0},"categories":[4],"tags":[],"aioseo_notices":[],"gutentor_comment":0,"rttpg_featured_image_url":{"full":["https:\/\/arantv.az\/wp-content\/uploads\/2019\/12\/15771727063698018253_1000x669.jpg",620,376,false],"landscape":["https:\/\/arantv.az\/wp-content\/uploads\/2019\/12\/15771727063698018253_1000x669.jpg",620,376,false],"portraits":["https:\/\/arantv.az\/wp-content\/uploads\/2019\/12\/15771727063698018253_1000x669.jpg",620,376,false],"thumbnail":["https:\/\/arantv.az\/wp-content\/uploads\/2019\/12\/15771727063698018253_1000x669-150x150.jpg",150,150,true],"medium":["https:\/\/arantv.az\/wp-content\/uploads\/2019\/12\/15771727063698018253_1000x669-300x182.jpg",300,182,true],"large":["https:\/\/arantv.az\/wp-content\/uploads\/2019\/12\/15771727063698018253_1000x669.jpg",620,376,false],"1536x1536":["https:\/\/arantv.az\/wp-content\/uploads\/2019\/12\/15771727063698018253_1000x669.jpg",620,376,false],"2048x2048":["https:\/\/arantv.az\/wp-content\/uploads\/2019\/12\/15771727063698018253_1000x669.jpg",620,376,false],"post-thumbnail":["https:\/\/arantv.az\/wp-content\/uploads\/2019\/12\/15771727063698018253_1000x669-240x172.jpg",240,172,true],"advps-thumb-one":["https:\/\/arantv.az\/wp-content\/uploads\/2019\/12\/15771727063698018253_1000x669.jpg",620,376,false]},"rttpg_author":{"display_name":"V\u00fcsal Rafiqo\u011flu","author_link":"https:\/\/arantv.az\/?author=2"},"rttpg_comment":0,"rttpg_category":"<a href=\"https:\/\/arantv.az\/?cat=4\" rel=\"category\">Siyas\u0259t<\/a>","rttpg_excerpt":"Az\u0259rbaycan Respublikas\u0131n\u0131n Prezidenti \u0130lham \u018fliyev dekabr\u0131n 24-d\u0259 Rusiya Federasiyas\u0131n\u0131n \u0130qtisadi \u0130nki\u015faf naziri, Rusiya-Az\u0259rbaycan H\u00f6kum\u0259tl\u0259raras\u0131 \u0130qtisadi Komissiyas\u0131n\u0131n h\u0259ms\u0259dri Maksim Ore\u015fkinin ba\u015f\u00e7\u0131l\u0131q etdiyi n\u00fcmay\u0259nd\u0259 hey\u0259tini q\u0259bul edib. Bununla ba\u011fl\u0131\u00a0AZ\u018fRTAC\u00a0m\u0259lumat yay\u0131b.","_links":{"self":[{"href":"https:\/\/arantv.az\/index.php?rest_route=\/wp\/v2\/posts\/111012"}],"collection":[{"href":"https:\/\/arantv.az\/index.php?rest_route=\/wp\/v2\/posts"}],"about":[{"href":"https:\/\/arantv.az\/index.php?rest_route=\/wp\/v2\/types\/post"}],"author":[{"embeddable":true,"href":"https:\/\/arantv.az\/index.php?rest_route=\/wp\/v2\/users\/2"}],"replies":[{"embeddable":true,"href":"https:\/\/arantv.az\/index.php?rest_route=%2Fwp%2Fv2%2Fcomments&post=111012"}],"version-history":[{"count":0,"href":"https:\/\/arantv.az\/index.php?rest_route=\/wp\/v2\/posts\/111012\/revisions"}],"wp:featuredmedia":[{"embeddable":true,"href":"https:\/\/arantv.az\/index.php?rest_route=\/wp\/v2\/media\/111013"}],"wp:attachment":[{"href":"https:\/\/arantv.az\/index.php?rest_route=%2Fwp%2Fv2%2Fmedia&parent=111012"}],"wp:term":[{"taxonomy":"category","embeddable":true,"href":"https:\/\/arantv.az\/index.php?rest_route=%2Fwp%2Fv2%2Fcategories&post=111012"},{"taxonomy":"post_tag","embeddable":true,"href":"https:\/\/arantv.az\/index.php?rest_route=%2Fwp%2Fv2%2Ftags&post=111012"}],"curies":[{"name":"wp","href":"https:\/\/api.w.org\/{rel}","templated":true}]}}