{"id":111020,"date":"2019-12-24T11:16:00","date_gmt":"2019-12-24T08:16:00","guid":{"rendered":"http:\/\/arantv.az\/?p=111020"},"modified":"2019-12-24T11:16:00","modified_gmt":"2019-12-24T08:16:00","slug":"prezidentin-yardimla-bagli-s%c9%99r%c9%99ncami-nec%c9%99-ail%c9%99ni-%c9%99hat%c9%99-ed%c9%99c%c9%99k-nazirlik-aciqladi","status":"publish","type":"post","link":"https:\/\/arantv.az\/?p=111020","title":{"rendered":"Prezidentin yard\u0131mla ba\u011fl\u0131 s\u0259r\u0259ncam\u0131 ne\u00e7\u0259 ail\u0259ni \u0259hat\u0259 ed\u0259c\u0259k? &#8211; NAZ\u0130RL\u0130K A\u00c7IQLADI"},"content":{"rendered":"<p>D\u00fcnya Az\u0259rbaycanl\u0131lar\u0131n\u0131n H\u0259mr\u0259yliyi G\u00fcn\u00fc v\u0259 Yeni il bayram\u0131 m\u00fcnasib\u0259til\u0259 2019-cu il 30 dekabr tarixin\u0259 \u00fcnvanl\u0131 d\u00f6vl\u0259t sosial yard\u0131m\u0131 alan ail\u0259l\u0259rin h\u0259r birin\u0259 100 (bir y\u00fcz) manat m\u0259bl\u0259\u011find\u0259 bird\u0259f\u0259lik yard\u0131m \u00f6d\u0259nilm\u0259si tap\u015f\u0131r\u0131l\u0131r.<\/p>\n<p>Bu bar\u0259d\u0259\u00a0Oxu.Az-a \u018fm\u0259k v\u0259 \u018fhalinin Sosial M\u00fcdafi\u0259si Nazirliyind\u0259n m\u0259lumat verilib.<\/p>\n<p>Az\u0259rbaycan Respublikas\u0131n\u0131n Prezidenti \u0130lham \u018fliyevin \u201cAzt\u0259minatl\u0131 ail\u0259l\u0259r\u0259 bird\u0259f\u0259lik yard\u0131m g\u00f6st\u0259rilm\u0259si haqq\u0131nda\u201d 23 dekabr 2019-cu il tarixli s\u0259r\u0259ncam\u0131 d\u00f6vl\u0259t ba\u015f\u00e7\u0131s\u0131n\u0131n azt\u0259minatl\u0131 ail\u0259l\u0259rin maddi t\u0259minatlar\u0131n\u0131n yax\u015f\u0131la\u015fd\u0131r\u0131lmas\u0131na x\u00fcsusi qay\u011f\u0131s\u0131n\u0131n daha bir t\u0259zah\u00fcr\u00fcd\u00fcr.<\/p>\n<p>S\u0259r\u0259ncamda D\u00fcnya Az\u0259rbaycanl\u0131lar\u0131n\u0131n H\u0259mr\u0259yliyi G\u00fcn\u00fc v\u0259 Yeni il bayram\u0131 m\u00fcnasib\u0259til\u0259 2019-cu il 30 dekabr tarixin\u0259 \u00fcnvanl\u0131 d\u00f6vl\u0259t sosial yard\u0131m\u0131 alan ail\u0259l\u0259rin h\u0259r birin\u0259 100 (bir y\u00fcz) manat m\u0259bl\u0259\u011find\u0259 bird\u0259f\u0259lik yard\u0131m \u00f6d\u0259nilm\u0259si tap\u015f\u0131r\u0131l\u0131r.<\/p>\n<p>Bird\u0259f\u0259lik yard\u0131m\u0131n maliyy\u0259l\u0259\u015fdirilm\u0259si m\u0259qs\u0259dil\u0259 Az\u0259rbaycan Respublikas\u0131n\u0131n 2019-cu il d\u00f6vl\u0259t b\u00fcdc\u0259sind\u0259 \u00fcnvanl\u0131 d\u00f6vl\u0259t sosial yard\u0131m\u0131 \u00fc\u00e7\u00fcn n\u0259z\u0259rd\u0259 tutulmu\u015f v\u0259saitd\u0259n 7,6 milyon (yeddi milyon alt\u0131 y\u00fcz min) manat ayr\u0131lmas\u0131 n\u0259z\u0259rd\u0259 tutulur.<\/p>\n<p>S\u0259r\u0259ncam\u0131n 2019-cu il 30 dekabr tarixin\u0259 73 min\u0259d\u0259k ail\u0259ni (290 min\u0259 yax\u0131n ail\u0259 \u00fczv\u00fc) \u0259hat\u0259 ed\u0259c\u0259yi g\u00f6zl\u0259nilir.<\/p>\n<p>\u018fm\u0259k v\u0259 \u018fhalinin Sosial M\u00fcdafi\u0259si Nazirliyi t\u0259r\u0259find\u0259n bird\u0259f\u0259lik yard\u0131m \u00fcnvanl\u0131 d\u00f6vl\u0259t sosial yard\u0131m\u0131 alan ail\u0259l\u0259rin hesablar\u0131na k\u00f6\u00e7\u00fcr\u00fcl\u0259c\u0259k. Onlar bird\u0259f\u0259lik yard\u0131m\u0131 (100 manat) \u00fcnvanl\u0131 d\u00f6vl\u0259t sosial yard\u0131m\u0131n\u0131 ald\u0131qlar\u0131 plastik \u00f6d\u0259ni\u015f kartlar\u0131 vasit\u0259sil\u0259 alacaqlar. Azt\u0259minatl\u0131 ail\u0259l\u0259r\u0259 g\u00f6st\u0259ril\u0259n bird\u0259f\u0259lik yard\u0131m\u00a0 onlar\u0131n bayram \u0259r\u0259f\u0259sind\u0259 maddi t\u0259minatlar\u0131na bir d\u0259st\u0259k olacaq.<\/p>\n<p>Bu prezident \u0130lham \u018fliyevin \u201cAzt\u0259minatl\u0131 ail\u0259l\u0259r\u0259 bird\u0259f\u0259lik yard\u0131m g\u00f6st\u0259rilm\u0259si haqq\u0131nda\u201d S\u0259r\u0259ncam\u0131 d\u00f6vl\u0259t ba\u015f\u00e7\u0131s\u0131n\u0131n h\u0259min ail\u0259l\u0259r\u0259 x\u00fcsusi qay\u011f\u0131s\u0131n\u0131n daha bir t\u0259zah\u00fcr\u00fcd\u00fcr.<\/p>\n","protected":false},"excerpt":{"rendered":"<p>D\u00fcnya Az\u0259rbaycanl\u0131lar\u0131n\u0131n H\u0259mr\u0259yliyi G\u00fcn\u00fc v\u0259 Yeni il bayram\u0131 m\u00fcnasib\u0259til\u0259 2019-cu il 30 dekabr tarixin\u0259 \u00fcnvanl\u0131 d\u00f6vl\u0259t sosial yard\u0131m\u0131 alan ail\u0259l\u0259rin h\u0259r birin\u0259 100 (bir y\u00fcz) manat m\u0259bl\u0259\u011find\u0259 bird\u0259f\u0259lik yard\u0131m \u00f6d\u0259nilm\u0259si tap\u015f\u0131r\u0131l\u0131r. Bu bar\u0259d\u0259\u00a0Oxu.Az-a \u018fm\u0259k v\u0259 \u018fhalinin Sosial M\u00fcdafi\u0259si Nazirliyind\u0259n m\u0259lumat verilib. Az\u0259rbaycan Respublikas\u0131n\u0131n Prezidenti \u0130lham \u018fliyevin \u201cAzt\u0259minatl\u0131 ail\u0259l\u0259r\u0259 bird\u0259f\u0259lik yard\u0131m g\u00f6st\u0259rilm\u0259si haqq\u0131nda\u201d 23 dekabr 2019-cu il tarixli s\u0259r\u0259ncam\u0131 d\u00f6vl\u0259t ba\u015f\u00e7\u0131s\u0131n\u0131n azt\u0259minatl\u0131 ail\u0259l\u0259rin maddi t\u0259minatlar\u0131n\u0131n yax\u015f\u0131la\u015fd\u0131r\u0131lmas\u0131na x\u00fcsusi qay\u011f\u0131s\u0131n\u0131n daha bir t\u0259zah\u00fcr\u00fcd\u00fcr. S\u0259r\u0259ncamda D\u00fcnya Az\u0259rbaycanl\u0131lar\u0131n\u0131n H\u0259mr\u0259yliyi G\u00fcn\u00fc v\u0259 Yeni il bayram\u0131 m\u00fcnasib\u0259til\u0259 2019-cu il 30 dekabr tarixin\u0259 \u00fcnvanl\u0131 d\u00f6vl\u0259t sosial yard\u0131m\u0131 alan&hellip;<\/p>\n","protected":false},"author":2,"featured_media":111021,"comment_status":"closed","ping_status":"closed","sticky":false,"template":"","format":"standard","meta":{"om_disable_all_campaigns":false,"_monsterinsights_skip_tracking":false,"_monsterinsights_sitenote_active":false,"_monsterinsights_sitenote_note":"","_monsterinsights_sitenote_category":0},"categories":[19],"tags":[],"aioseo_notices":[],"gutentor_comment":0,"rttpg_featured_image_url":{"full":["https:\/\/arantv.az\/wp-content\/uploads\/2019\/12\/prezident-\u00d0\u00ba\u00d0\u00be\u00d0\u00bf\u00d0\u00b8\u00d1_.jpg",620,434,false],"landscape":["https:\/\/arantv.az\/wp-content\/uploads\/2019\/12\/prezident-\u00d0\u00ba\u00d0\u00be\u00d0\u00bf\u00d0\u00b8\u00d1_.jpg",620,434,false],"portraits":["https:\/\/arantv.az\/wp-content\/uploads\/2019\/12\/prezident-\u00d0\u00ba\u00d0\u00be\u00d0\u00bf\u00d0\u00b8\u00d1_.jpg",620,434,false],"thumbnail":["https:\/\/arantv.az\/wp-content\/uploads\/2019\/12\/prezident-\u00d0\u00ba\u00d0\u00be\u00d0\u00bf\u00d0\u00b8\u00d1_-150x150.jpg",150,150,true],"medium":["https:\/\/arantv.az\/wp-content\/uploads\/2019\/12\/prezident-\u00d0\u00ba\u00d0\u00be\u00d0\u00bf\u00d0\u00b8\u00d1_-300x210.jpg",300,210,true],"large":["https:\/\/arantv.az\/wp-content\/uploads\/2019\/12\/prezident-\u00d0\u00ba\u00d0\u00be\u00d0\u00bf\u00d0\u00b8\u00d1_.jpg",620,434,false],"1536x1536":["https:\/\/arantv.az\/wp-content\/uploads\/2019\/12\/prezident-\u00d0\u00ba\u00d0\u00be\u00d0\u00bf\u00d0\u00b8\u00d1_.jpg",620,434,false],"2048x2048":["https:\/\/arantv.az\/wp-content\/uploads\/2019\/12\/prezident-\u00d0\u00ba\u00d0\u00be\u00d0\u00bf\u00d0\u00b8\u00d1_.jpg",620,434,false],"post-thumbnail":["https:\/\/arantv.az\/wp-content\/uploads\/2019\/12\/prezident-\u00d0\u00ba\u00d0\u00be\u00d0\u00bf\u00d0\u00b8\u00d1_-240x172.jpg",240,172,true],"advps-thumb-one":["https:\/\/arantv.az\/wp-content\/uploads\/2019\/12\/prezident-\u00d0\u00ba\u00d0\u00be\u00d0\u00bf\u00d0\u00b8\u00d1_.jpg",620,434,false]},"rttpg_author":{"display_name":"V\u00fcsal Rafiqo\u011flu","author_link":"https:\/\/arantv.az\/?author=2"},"rttpg_comment":0,"rttpg_category":"<a href=\"https:\/\/arantv.az\/?cat=19\" rel=\"category\">G\u00fcnd\u0259m<\/a>","rttpg_excerpt":"D\u00fcnya Az\u0259rbaycanl\u0131lar\u0131n\u0131n H\u0259mr\u0259yliyi G\u00fcn\u00fc v\u0259 Yeni il bayram\u0131 m\u00fcnasib\u0259til\u0259 2019-cu il 30 dekabr tarixin\u0259 \u00fcnvanl\u0131 d\u00f6vl\u0259t sosial yard\u0131m\u0131 alan ail\u0259l\u0259rin h\u0259r birin\u0259 100 (bir y\u00fcz) manat m\u0259bl\u0259\u011find\u0259 bird\u0259f\u0259lik yard\u0131m \u00f6d\u0259nilm\u0259si tap\u015f\u0131r\u0131l\u0131r. Bu bar\u0259d\u0259\u00a0Oxu.Az-a \u018fm\u0259k v\u0259 \u018fhalinin Sosial M\u00fcdafi\u0259si Nazirliyind\u0259n m\u0259lumat verilib. Az\u0259rbaycan Respublikas\u0131n\u0131n Prezidenti \u0130lham \u018fliyevin \u201cAzt\u0259minatl\u0131 ail\u0259l\u0259r\u0259 bird\u0259f\u0259lik yard\u0131m g\u00f6st\u0259rilm\u0259si haqq\u0131nda\u201d 23 dekabr 2019-cu&hellip;","_links":{"self":[{"href":"https:\/\/arantv.az\/index.php?rest_route=\/wp\/v2\/posts\/111020"}],"collection":[{"href":"https:\/\/arantv.az\/index.php?rest_route=\/wp\/v2\/posts"}],"about":[{"href":"https:\/\/arantv.az\/index.php?rest_route=\/wp\/v2\/types\/post"}],"author":[{"embeddable":true,"href":"https:\/\/arantv.az\/index.php?rest_route=\/wp\/v2\/users\/2"}],"replies":[{"embeddable":true,"href":"https:\/\/arantv.az\/index.php?rest_route=%2Fwp%2Fv2%2Fcomments&post=111020"}],"version-history":[{"count":0,"href":"https:\/\/arantv.az\/index.php?rest_route=\/wp\/v2\/posts\/111020\/revisions"}],"wp:featuredmedia":[{"embeddable":true,"href":"https:\/\/arantv.az\/index.php?rest_route=\/wp\/v2\/media\/111021"}],"wp:attachment":[{"href":"https:\/\/arantv.az\/index.php?rest_route=%2Fwp%2Fv2%2Fmedia&parent=111020"}],"wp:term":[{"taxonomy":"category","embeddable":true,"href":"https:\/\/arantv.az\/index.php?rest_route=%2Fwp%2Fv2%2Fcategories&post=111020"},{"taxonomy":"post_tag","embeddable":true,"href":"https:\/\/arantv.az\/index.php?rest_route=%2Fwp%2Fv2%2Ftags&post=111020"}],"curies":[{"name":"wp","href":"https:\/\/api.w.org\/{rel}","templated":true}]}}