{"id":111032,"date":"2019-12-24T11:22:35","date_gmt":"2019-12-24T08:22:35","guid":{"rendered":"http:\/\/arantv.az\/?p=111032"},"modified":"2019-12-24T11:22:35","modified_gmt":"2019-12-24T08:22:35","slug":"prezident-ilham-%c9%99liyevin-praqmatik-siyas%c9%99ti-az%c9%99rbaycan-tarixind%c9%99-z%c9%99f%c9%99r-dolu-s%c9%99hif%c9%99l%c9%99r-acdi","status":"publish","type":"post","link":"https:\/\/arantv.az\/?p=111032","title":{"rendered":"&#8220;Prezident \u0130lham \u018fliyevin praqmatik siyas\u0259ti Az\u0259rbaycan tarixind\u0259 z\u0259f\u0259r dolu s\u0259hif\u0259l\u0259r a\u00e7d\u0131&#8221;"},"content":{"rendered":"<blockquote><p><strong>\u00d6t\u0259n ill\u0259r\u0259 n\u0259z\u0259r salsaq, son ill\u0259rd\u0259 \u00f6lk\u0259nin daxili, xarici siyas\u0259tind\u0259 \u0259ld\u0259 olunan u\u011furlar n\u0259tic\u0259sind\u0259 Az\u0259rbaycan\u0131n d\u00fcnyada siyasi, iqtisadi, sosial, m\u0259d\u0259ni v\u0259 dig\u0259r sah\u0259l\u0259rd\u0259 b\u00f6y\u00fck nailiyy\u0259tl\u0259r qazanan \u00f6lk\u0259 kimi s\u00fcr\u0259tli inki\u015faf, t\u0259r\u0259qqi n\u00fcmun\u0259si g\u00f6st\u0259rdiyinin \u015fahidi olar\u0131q. M\u00fcst\u0259qil Az\u0259rbaycan\u0131n ucqar k\u0259ndind\u0259n tutmu\u015f &#8211; paytaxt\u0131nad\u0259k g\u00fcn\u00fc-g\u00fcnd\u0259n inki\u015faf etdiyini, t\u0259r\u0259qqisini g\u00f6rm\u0259k \u00fc\u00e7\u00fcn, sad\u0259c\u0259, \u0259traf\u0131m\u0131za n\u0259z\u0259r salmaq, \u00f6t\u0259n ill\u0259rl\u0259 m\u00fcqayis\u0259 etm\u0259k kifay\u0259tdir.<\/strong><\/p><\/blockquote>\n<p><strong>ARANTV.AZ<\/strong>\u00a0 x\u0259b\u0259r verir ki, bunu\u00a0<a href=\"https:\/\/az.trend.az\/\" target=\"_blank\" rel=\"noopener\">Trend<\/a>-\u0259 Milli M\u0259clisin deputat\u0131, G\u0259nc\u0259 D\u00f6vl\u0259t Universitetinin Elm v\u0259 innovasiyalar \u00fczr\u0259 prorektoru P\u0259rvin K\u0259rimzad\u0259 deyib.<\/p>\n<p>Mill\u0259t v\u0259kili bildirib ki, d\u00fcnya \u015f\u00f6hr\u0259tli siyasi xadim, ulu \u00f6nd\u0259r Heyd\u0259r \u018fliyevin bizl\u0259r\u0259 miras qoydu\u011fu m\u00fcst\u0259qil Az\u0259rbaycan\u0131n q\u0259l\u0259b\u0259l\u0259r, nailiyy\u0259tl\u0259rl\u0259 dolu tarixinin yeni s\u0259hif\u0259l\u0259ri bu g\u00fcn \u00f6lk\u0259 Prezidenti \u0130lham \u018fliyevin milli maraqlara s\u00f6yk\u0259n\u0259n balansla\u015fd\u0131r\u0131lm\u0131\u015f praqmatik siyas\u0259ti say\u0259sind\u0259 yaz\u0131l\u0131r: &#8220;H\u0259l\u0259 ke\u00e7\u0259n \u0259srin 90-c\u0131 ill\u0259rind\u0259, \u00f6lk\u0259mizin a\u011f\u0131r iqtisadi b\u00f6hran ya\u015fad\u0131\u011f\u0131, \u00f6lk\u0259ni dir\u00e7\u0259ltm\u0259k \u00fc\u00e7\u00fcn \u00fcmidin yaln\u0131z d\u0259nizin dibind\u0259ki neft\u0259 qald\u0131\u011f\u0131 vaxtlar ulu \u00f6nd\u0259r Heyd\u0259r \u018fliyevin \u0259sas\u0131n\u0131 qoydu\u011fu neft strategiyas\u0131n\u0131n realla\u015fmas\u0131nda o vaxt D\u00f6vl\u0259t Neft \u015eirk\u0259tinin xarici \u0259laq\u0259l\u0259r \u00fczr\u0259 vitse-prezidenti v\u0259zif\u0259sind\u0259 i\u015fl\u0259y\u0259n \u0130lham \u018fliyevin d\u0259 tarixi xidm\u0259tl\u0259ri olub.<\/p>\n<p>Ulu \u00f6nd\u0259r \u00e7ox b\u00f6y\u00fck uzaqg\u00f6r\u0259nlikl\u0259 xarici \u015firk\u0259tl\u0259ri X\u0259z\u0259r neftinin \u00e7\u0131xar\u0131lmas\u0131na c\u0259lb etm\u0259y\u0259 \u00e7al\u0131\u015f\u0131rd\u0131. \u0130lham \u018fliyevin xarici dill\u0259ri, beyn\u0259lxalq h\u00fcquq m\u0259s\u0259l\u0259l\u0259rini g\u00f6z\u0259l bilm\u0259si, \u0259cn\u0259bi investorlar\u0131 Az\u0259rbaycana s\u0259rmay\u0259 yat\u0131rma\u011f\u0131n h\u0259d\u0259r getm\u0259y\u0259c\u0259yin\u0259 inand\u0131rmas\u0131 bu g\u00fcn \u00f6lk\u0259nin inki\u015faf\u0131n\u0131n t\u0259min edilm\u0259sind\u0259 m\u00fch\u00fcm rol oynayan &#8220;\u018fsrin m\u00fcqavil\u0259si&#8221;nin imzalanmas\u0131na yard\u0131m etdi. H\u0259min neft kontrakt\u0131 Az\u0259rbaycan\u0131 inki\u015faf yoluna \u00e7\u0131xard\u0131 v\u0259 neft s\u0259nayesinin, b\u00fct\u00f6vl\u00fckd\u0259 \u00f6lk\u0259nin sonrak\u0131 taleyind\u0259 h\u0259lledici rol oynad\u0131.<\/p>\n<p>On alt\u0131 il \u0259vv\u0259l is\u0259 xalq\u0131m\u0131z n\u00f6vb\u0259ti d\u0259f\u0259 m\u00fcdrik v\u0259 d\u00fczg\u00fcn se\u00e7im ed\u0259r\u0259k, g\u0259l\u0259c\u0259k taleyini ulu \u00f6nd\u0259r Heyd\u0259r \u018fliyevin siyasi varisi \u0130lham \u018fliyev\u0259 etibar etdi. Bu se\u00e7im \u00fcmummilli lider Heyd\u0259r \u018fliyev siyasi kursunun u\u011furu il\u0259 yana\u015f\u0131, onun varisin\u0259 inam v\u0259 etimaddan g\u00fcc al\u0131rd\u0131.<\/p>\n<p>Xalq se\u00e7imind\u0259 yan\u0131lmad\u0131. M\u00fcst\u0259qil Az\u0259rbaycan\u0131n qurucusu, xalq\u0131m\u0131z\u0131n \u00fcmummilli lideri Heyd\u0259r \u018fliyevin siyasi x\u0259ttini u\u011furla v\u0259 layiqinc\u0259 davam etdir\u0259n \u0130lham \u018fliyev uzaqg\u00f6r\u0259n siyas\u0259ti, d\u00fc\u015f\u00fcn\u00fclm\u00fc\u015f islahatlar\u0131, m\u00fcdrik q\u0259rarlar\u0131 il\u0259 16 ild\u0259 Az\u0259rbaycan misilsiz inki\u015faf yolu ke\u00e7di, beyn\u0259lxalq miqyasda m\u00f6vqel\u0259rini daha da m\u00f6hk\u0259ml\u0259ndirdi. Az\u0259rbaycan\u0131n \u0259n yeni tarixin\u0259 yaz\u0131lan son 16 ild\u0259 m\u00fcst\u0259qil d\u00f6vl\u0259t quruculu\u011funun b\u00fct\u00fcn istiqam\u0259tl\u0259ri \u00fczr\u0259 ciddi nailiyy\u0259tl\u0259r \u0259ld\u0259 edildi, b\u00f6y\u00fck u\u011furlara imza at\u0131ld\u0131, \u00f6lk\u0259d\u0259 sabitlik tam b\u0259rq\u0259rar oldu&#8221;.<\/p>\n<p>Deputat vur\u011fulay\u0131b ki, \u00f6lk\u0259mizd\u0259 dayan\u0131ql\u0131 iqtisadi inki\u015faf\u0131n n\u0259tic\u0259l\u0259rinin, \u0259ld\u0259 olunan iqtisadi dividendl\u0259rin ilk n\u00f6vb\u0259d\u0259 \u0259halinin g\u00fcz\u0259ran\u0131n\u0131n y\u00fcks\u0259ldilm\u0259sin\u0259 y\u00f6n\u0259ldilm\u0259si, sosial m\u00fcdafi\u0259 sisteminin g\u00fccl\u0259ndirilm\u0259si istiqam\u0259tind\u0259 ard\u0131c\u0131l olaraq m\u00fch\u00fcm add\u0131mlar\u0131n at\u0131lmas\u0131nda real ifad\u0259sini tapd\u0131: &#8220;U\u011furla h\u0259yata ke\u00e7iril\u0259n sosial siyas\u0259tinin m\u0259rk\u0259zind\u0259 v\u0259t\u0259nda\u015f rifah\u0131n\u0131n t\u0259minat\u0131 prinsipi dayand\u0131\u011f\u0131 \u00fc\u00e7\u00fcn d\u00f6vl\u0259t Ba\u015f\u00e7\u0131s\u0131n\u0131n s\u0259r\u0259ncamlar\u0131, q\u0259rarlar\u0131 v\u0259t\u0259nda\u015f rifah\u0131 namin\u0259 at\u0131lan yeni m\u0259rh\u0259l\u0259 oldu. \u00d6lk\u0259mizin d\u00fcnyada artan siyasi n\u00fcfuzu il\u0259 yana\u015f\u0131 iqtisadi reytinqi d\u0259 ir\u0259lil\u0259di. Az\u0259rbaycan dayan\u0131ql\u0131 sosial-iqtisadi inki\u015faf\u0131 il\u0259 d\u00fcnyada ged\u0259n r\u0259qab\u0259tl\u0259r\u0259 tab g\u0259tir\u0259r\u0259k sosial d\u00f6vl\u0259t modelinin ixracat\u00e7\u0131s\u0131na \u00e7evrildi.<\/p>\n<p>\u0130lham \u018fliyev hakimiyy\u0259t\u0259 g\u0259ldiyi g\u00fcnd\u0259n onun siyas\u0259tinin m\u0259rk\u0259zind\u0259 Az\u0259rbaycan v\u0259t\u0259nda\u015f\u0131n\u0131n etibarl\u0131 sosial t\u0259minat\u0131 dayan\u0131b. D\u00f6vl\u0259t ba\u015f\u00e7\u0131s\u0131n\u0131n 16 il \u0259vv\u0259l s\u00f6yl\u0259diyi &#8220;Xalqa xidm\u0259t etm\u0259k m\u0259nim \u0259n b\u00f6y\u00fck v\u0259zif\u0259mdir, bu, m\u0259nim borcumdur&#8221;- s\u00f6zl\u0259ri bu g\u00fcn tam t\u0259sdiqini tap\u0131b. \u0130lham \u018fliyev \u00f6lk\u0259 r\u0259hb\u0259ri kimi f\u0259aliyy\u0259t\u0259 ba\u015flad\u0131\u011f\u0131 d\u00f6vrd\u0259n xalq\u0131n mara\u011f\u0131n\u0131 h\u0259r \u015feyd\u0259n \u00fcst\u00fcn tutan, xo\u015fniyy\u0259tli \u0259m\u0259ll\u0259ri, imzalad\u0131\u011f\u0131 f\u0259rman v\u0259 s\u0259r\u0259ncamlar\u0131, praqmatik q\u0259rarlar\u0131 il\u0259 h\u0259r bir Az\u0259rbaycan v\u0259t\u0259nda\u015f\u0131n\u0131n Prezidenti oldu\u011funu t\u0259sdiql\u0259yib.<\/p>\n<p>H\u0259r zaman xalq\u0131n yan\u0131nda olan d\u00f6vl\u0259timizin ba\u015f\u00e7\u0131s\u0131 xo\u015f v\u0259 sevincli g\u00fcnl\u0259rind\u0259 oldu\u011fu kimi, dar g\u00fcnd\u0259 d\u0259 v\u0259t\u0259nda\u015flar\u0131n k\u0259d\u0259rin\u0259 \u015f\u0259rik \u00e7\u0131x\u0131b, onlar\u0131n \u0259sl himay\u0259dar\u0131na \u00e7evrilib. \u00c7\u0259tin\u0259, dara d\u00fc\u015f\u0259n h\u0259r bir az\u0259rbaycanl\u0131 inan\u0131r ki, onun k\u00f6m\u0259yin\u0259, d\u0259st\u0259yin\u0259 ilk inand\u0131\u011f\u0131, etibar etdiyi Prezidenti &#8211; c\u0259nab \u0130lham \u018fliyev g\u0259l\u0259c\u0259k v\u0259 d\u0259st\u0259k olacaq.<br \/>\nXalqa m\u00fcraci\u0259t ed\u0259r\u0259k &#8220;M\u0259n\u0259 g\u00fcc ver\u0259n sizin m\u0259n\u0259 olan inam\u0131n\u0131zd\u0131r&#8221; s\u00f6yl\u0259m\u0259si, h\u0259mi\u015f\u0259 m\u0259murlar\u0131 xalq\u0131n yan\u0131nda olma\u011fa \u00e7a\u011f\u0131rmas\u0131, daim v\u0259t\u0259nda\u015flar\u0131n qay\u011f\u0131lar\u0131 il\u0259 maraqlanmas\u0131 Prezident \u0130lham \u018fliyevin xalq aras\u0131nda n\u00fcfuzunu daha da y\u00fcks\u0259ldib. Bu g\u00fcn d\u00f6vl\u0259t qay\u011f\u0131s\u0131n\u0131, diqq\u0259tini ya\u015fay\u0131\u015f\u0131nda, maddi-rifah hal\u0131n\u0131n art\u0131r\u0131lmas\u0131nda g\u00f6r\u0259n insanlar\u0131n \u00f6lk\u0259 Prezidentin\u0259 olan minn\u0259tdarl\u0131q duy\u011fular\u0131 \u00f6l\u00e7\u00fcy\u0259g\u0259lm\u0259zdir. Onlar \u0259m\u0259ll\u0259ri, V\u0259t\u0259n\u0259, d\u00f6vl\u0259t\u0259 sadiqlikl\u0259ri il\u0259 Prezident \u0130lham \u018fliyevin 2003-c\u00fc ild\u0259 s\u0259sl\u0259ndirdiyi &#8220;Biz ham\u0131m\u0131z birl\u0259\u015f\u0259r\u0259k v\u0259 bir n\u00f6qt\u0259y\u0259 vuraraq Az\u0259rbaycan\u0131 z\u0259ngin, q\u00fcdr\u0259tli d\u00f6vl\u0259t\u0259 \u00e7evir\u0259c\u0259yik&#8221; s\u00f6zl\u0259rini h\u0259yat devzin\u0259 \u00e7evirdil\u0259r. M\u00fcst\u0259qil Az\u0259rbaycan d\u00f6vl\u0259tinin Prezidenti \u0130lham \u018fliyevin humanist siyas\u0259tin\u0259 olan etibar, inam daim \u00f6lk\u0259 v\u0259t\u0259nda\u015flar\u0131na g\u00fcc v\u0259 q\u00fcvv\u0259t verdi. Xalq-iqtidar birliyinin daha da m\u00f6hk\u0259ml\u0259ndirilm\u0259si \u00f6lk\u0259 ba\u015f\u00e7\u0131s\u0131n\u0131n fikirl\u0259rini bu g\u00fcn reall\u0131\u011fa \u00e7evirdi.<\/p>\n<p>Son 16 ild\u0259 ulu \u00f6nd\u0259r Heyd\u0259r \u018fliyev m\u0259kt\u0259binin \u0259n istedadl\u0131 yetirm\u0259si \u0130lham \u018fliyevin d\u00fc\u015f\u00fcn\u00fclm\u00fc\u015f islahatlar\u0131 v\u0259 m\u00fcdrik q\u0259rarlar\u0131 say\u0259sind\u0259 \u0259ld\u0259 edil\u0259n u\u011furlar, nailiyy\u0259tl\u0259r xalq\u0131n\u0131n rifah\u0131n\u0131n t\u0259kc\u0259 bu g\u00fcn deyil, g\u0259l\u0259c\u0259kd\u0259 d\u0259 t\u0259min olunmas\u0131na z\u0259man\u0259t yaratd\u0131&#8221;.<\/p>\n","protected":false},"excerpt":{"rendered":"<p>\u00d6t\u0259n ill\u0259r\u0259 n\u0259z\u0259r salsaq, son ill\u0259rd\u0259 \u00f6lk\u0259nin daxili, xarici siyas\u0259tind\u0259 \u0259ld\u0259 olunan u\u011furlar n\u0259tic\u0259sind\u0259 Az\u0259rbaycan\u0131n d\u00fcnyada siyasi, iqtisadi, sosial, m\u0259d\u0259ni v\u0259 dig\u0259r sah\u0259l\u0259rd\u0259 b\u00f6y\u00fck nailiyy\u0259tl\u0259r qazanan \u00f6lk\u0259 kimi s\u00fcr\u0259tli inki\u015faf, t\u0259r\u0259qqi n\u00fcmun\u0259si g\u00f6st\u0259rdiyinin \u015fahidi olar\u0131q. M\u00fcst\u0259qil Az\u0259rbaycan\u0131n ucqar k\u0259ndind\u0259n tutmu\u015f &#8211; paytaxt\u0131nad\u0259k g\u00fcn\u00fc-g\u00fcnd\u0259n inki\u015faf etdiyini, t\u0259r\u0259qqisini g\u00f6rm\u0259k \u00fc\u00e7\u00fcn, sad\u0259c\u0259, \u0259traf\u0131m\u0131za n\u0259z\u0259r salmaq, \u00f6t\u0259n ill\u0259rl\u0259 m\u00fcqayis\u0259 etm\u0259k kifay\u0259tdir. ARANTV.AZ\u00a0 x\u0259b\u0259r verir ki, bunu\u00a0Trend-\u0259 Milli M\u0259clisin deputat\u0131, G\u0259nc\u0259 D\u00f6vl\u0259t Universitetinin Elm v\u0259 innovasiyalar \u00fczr\u0259 prorektoru P\u0259rvin K\u0259rimzad\u0259 deyib. Mill\u0259t v\u0259kili bildirib ki, d\u00fcnya \u015f\u00f6hr\u0259tli siyasi xadim, ulu \u00f6nd\u0259r Heyd\u0259r \u018fliyevin bizl\u0259r\u0259 miras&hellip;<\/p>\n","protected":false},"author":2,"featured_media":111033,"comment_status":"closed","ping_status":"closed","sticky":false,"template":"","format":"standard","meta":{"om_disable_all_campaigns":false,"_monsterinsights_skip_tracking":false,"_monsterinsights_sitenote_active":false,"_monsterinsights_sitenote_note":"","_monsterinsights_sitenote_category":0},"categories":[4],"tags":[],"aioseo_notices":[],"gutentor_comment":0,"rttpg_featured_image_url":{"full":["https:\/\/arantv.az\/wp-content\/uploads\/2019\/12\/812854.jpg",800,600,false],"landscape":["https:\/\/arantv.az\/wp-content\/uploads\/2019\/12\/812854.jpg",800,600,false],"portraits":["https:\/\/arantv.az\/wp-content\/uploads\/2019\/12\/812854.jpg",800,600,false],"thumbnail":["https:\/\/arantv.az\/wp-content\/uploads\/2019\/12\/812854-150x150.jpg",150,150,true],"medium":["https:\/\/arantv.az\/wp-content\/uploads\/2019\/12\/812854-300x225.jpg",300,225,true],"large":["https:\/\/arantv.az\/wp-content\/uploads\/2019\/12\/812854.jpg",640,480,false],"1536x1536":["https:\/\/arantv.az\/wp-content\/uploads\/2019\/12\/812854.jpg",800,600,false],"2048x2048":["https:\/\/arantv.az\/wp-content\/uploads\/2019\/12\/812854.jpg",800,600,false],"post-thumbnail":["https:\/\/arantv.az\/wp-content\/uploads\/2019\/12\/812854-240x172.jpg",240,172,true],"advps-thumb-one":["https:\/\/arantv.az\/wp-content\/uploads\/2019\/12\/812854.jpg",800,600,false]},"rttpg_author":{"display_name":"V\u00fcsal Rafiqo\u011flu","author_link":"https:\/\/arantv.az\/?author=2"},"rttpg_comment":0,"rttpg_category":"<a href=\"https:\/\/arantv.az\/?cat=4\" rel=\"category\">Siyas\u0259t<\/a>","rttpg_excerpt":"\u00d6t\u0259n ill\u0259r\u0259 n\u0259z\u0259r salsaq, son ill\u0259rd\u0259 \u00f6lk\u0259nin daxili, xarici siyas\u0259tind\u0259 \u0259ld\u0259 olunan u\u011furlar n\u0259tic\u0259sind\u0259 Az\u0259rbaycan\u0131n d\u00fcnyada siyasi, iqtisadi, sosial, m\u0259d\u0259ni v\u0259 dig\u0259r sah\u0259l\u0259rd\u0259 b\u00f6y\u00fck nailiyy\u0259tl\u0259r qazanan \u00f6lk\u0259 kimi s\u00fcr\u0259tli inki\u015faf, t\u0259r\u0259qqi n\u00fcmun\u0259si g\u00f6st\u0259rdiyinin \u015fahidi olar\u0131q. M\u00fcst\u0259qil Az\u0259rbaycan\u0131n ucqar k\u0259ndind\u0259n tutmu\u015f &#8211; paytaxt\u0131nad\u0259k g\u00fcn\u00fc-g\u00fcnd\u0259n inki\u015faf etdiyini, t\u0259r\u0259qqisini g\u00f6rm\u0259k \u00fc\u00e7\u00fcn, sad\u0259c\u0259, \u0259traf\u0131m\u0131za n\u0259z\u0259r salmaq, \u00f6t\u0259n ill\u0259rl\u0259 m\u00fcqayis\u0259&hellip;","_links":{"self":[{"href":"https:\/\/arantv.az\/index.php?rest_route=\/wp\/v2\/posts\/111032"}],"collection":[{"href":"https:\/\/arantv.az\/index.php?rest_route=\/wp\/v2\/posts"}],"about":[{"href":"https:\/\/arantv.az\/index.php?rest_route=\/wp\/v2\/types\/post"}],"author":[{"embeddable":true,"href":"https:\/\/arantv.az\/index.php?rest_route=\/wp\/v2\/users\/2"}],"replies":[{"embeddable":true,"href":"https:\/\/arantv.az\/index.php?rest_route=%2Fwp%2Fv2%2Fcomments&post=111032"}],"version-history":[{"count":0,"href":"https:\/\/arantv.az\/index.php?rest_route=\/wp\/v2\/posts\/111032\/revisions"}],"wp:featuredmedia":[{"embeddable":true,"href":"https:\/\/arantv.az\/index.php?rest_route=\/wp\/v2\/media\/111033"}],"wp:attachment":[{"href":"https:\/\/arantv.az\/index.php?rest_route=%2Fwp%2Fv2%2Fmedia&parent=111032"}],"wp:term":[{"taxonomy":"category","embeddable":true,"href":"https:\/\/arantv.az\/index.php?rest_route=%2Fwp%2Fv2%2Fcategories&post=111032"},{"taxonomy":"post_tag","embeddable":true,"href":"https:\/\/arantv.az\/index.php?rest_route=%2Fwp%2Fv2%2Ftags&post=111032"}],"curies":[{"name":"wp","href":"https:\/\/api.w.org\/{rel}","templated":true}]}}