{"id":111036,"date":"2019-12-24T11:26:30","date_gmt":"2019-12-24T08:26:30","guid":{"rendered":"http:\/\/arantv.az\/?p=111036"},"modified":"2019-12-24T11:26:30","modified_gmt":"2019-12-24T08:26:30","slug":"prezident-qarabag-muharib%c9%99si-%c9%99lill%c9%99rin%c9%99-m%c9%99nzil-v%c9%99-avtomobill%c9%99r-verdi","status":"publish","type":"post","link":"https:\/\/arantv.az\/?p=111036","title":{"rendered":"Prezident Qaraba\u011f m\u00fcharib\u0259si \u0259lill\u0259rin\u0259 m\u0259nzil v\u0259 avtomobill\u0259r verdi"},"content":{"rendered":"<p>Dekabr\u0131n 24-d\u0259 Bak\u0131n\u0131n Nizami rayonunda \u015f\u0259hid ail\u0259l\u0259ri v\u0259 Qaraba\u011f m\u00fcharib\u0259si \u0259lill\u0259ri \u00fc\u00e7\u00fcn in\u015fa olunmu\u015f ya\u015fay\u0131\u015f binas\u0131nda m\u0259nzill\u0259rin, h\u0259m\u00e7inin, Qaraba\u011f m\u00fcharib\u0259si \u0259lill\u0259rin\u0259 v\u0259 onlara b\u0259rab\u0259r tutulan \u015f\u0259xsl\u0259r\u0259 avtomobill\u0259rin t\u0259qdim olunmas\u0131 m\u0259rasimi ke\u00e7irilib.<\/p>\n<div id=\"AdviadNativeVideo0\" class=\"AdviadNativeVideo\"><\/div>\n<p><strong>ARANTV.AZ<\/strong> x\u0259b\u0259r verir ki, Az\u0259rbaycan Respublikas\u0131n\u0131n Prezidenti \u0130lham \u018fliyev m\u0259rasimd\u0259 i\u015ftirak edib.AZ\u018fRTAC<\/p>\n","protected":false},"excerpt":{"rendered":"<p>Dekabr\u0131n 24-d\u0259 Bak\u0131n\u0131n Nizami rayonunda \u015f\u0259hid ail\u0259l\u0259ri v\u0259 Qaraba\u011f m\u00fcharib\u0259si \u0259lill\u0259ri \u00fc\u00e7\u00fcn in\u015fa olunmu\u015f ya\u015fay\u0131\u015f binas\u0131nda m\u0259nzill\u0259rin, h\u0259m\u00e7inin, Qaraba\u011f m\u00fcharib\u0259si \u0259lill\u0259rin\u0259 v\u0259 onlara b\u0259rab\u0259r tutulan \u015f\u0259xsl\u0259r\u0259 avtomobill\u0259rin t\u0259qdim olunmas\u0131 m\u0259rasimi ke\u00e7irilib. ARANTV.AZ x\u0259b\u0259r verir ki, Az\u0259rbaycan Respublikas\u0131n\u0131n Prezidenti \u0130lham \u018fliyev m\u0259rasimd\u0259 i\u015ftirak edib.AZ\u018fRTAC<\/p>\n","protected":false},"author":2,"featured_media":111037,"comment_status":"closed","ping_status":"closed","sticky":false,"template":"","format":"standard","meta":{"om_disable_all_campaigns":false,"_monsterinsights_skip_tracking":false,"_monsterinsights_sitenote_active":false,"_monsterinsights_sitenote_note":"","_monsterinsights_sitenote_category":0},"categories":[4],"tags":[],"aioseo_notices":[],"gutentor_comment":0,"rttpg_featured_image_url":{"full":["https:\/\/arantv.az\/wp-content\/uploads\/2019\/12\/ilham-2.jpg",620,354,false],"landscape":["https:\/\/arantv.az\/wp-content\/uploads\/2019\/12\/ilham-2.jpg",620,354,false],"portraits":["https:\/\/arantv.az\/wp-content\/uploads\/2019\/12\/ilham-2.jpg",620,354,false],"thumbnail":["https:\/\/arantv.az\/wp-content\/uploads\/2019\/12\/ilham-2-150x150.jpg",150,150,true],"medium":["https:\/\/arantv.az\/wp-content\/uploads\/2019\/12\/ilham-2-300x171.jpg",300,171,true],"large":["https:\/\/arantv.az\/wp-content\/uploads\/2019\/12\/ilham-2.jpg",620,354,false],"1536x1536":["https:\/\/arantv.az\/wp-content\/uploads\/2019\/12\/ilham-2.jpg",620,354,false],"2048x2048":["https:\/\/arantv.az\/wp-content\/uploads\/2019\/12\/ilham-2.jpg",620,354,false],"post-thumbnail":["https:\/\/arantv.az\/wp-content\/uploads\/2019\/12\/ilham-2-240x172.jpg",240,172,true],"advps-thumb-one":["https:\/\/arantv.az\/wp-content\/uploads\/2019\/12\/ilham-2.jpg",620,354,false]},"rttpg_author":{"display_name":"V\u00fcsal Rafiqo\u011flu","author_link":"https:\/\/arantv.az\/?author=2"},"rttpg_comment":0,"rttpg_category":"<a href=\"https:\/\/arantv.az\/?cat=4\" rel=\"category\">Siyas\u0259t<\/a>","rttpg_excerpt":"Dekabr\u0131n 24-d\u0259 Bak\u0131n\u0131n Nizami rayonunda \u015f\u0259hid ail\u0259l\u0259ri v\u0259 Qaraba\u011f m\u00fcharib\u0259si \u0259lill\u0259ri \u00fc\u00e7\u00fcn in\u015fa olunmu\u015f ya\u015fay\u0131\u015f binas\u0131nda m\u0259nzill\u0259rin, h\u0259m\u00e7inin, Qaraba\u011f m\u00fcharib\u0259si \u0259lill\u0259rin\u0259 v\u0259 onlara b\u0259rab\u0259r tutulan \u015f\u0259xsl\u0259r\u0259 avtomobill\u0259rin t\u0259qdim olunmas\u0131 m\u0259rasimi ke\u00e7irilib. ARANTV.AZ x\u0259b\u0259r verir ki, Az\u0259rbaycan Respublikas\u0131n\u0131n Prezidenti \u0130lham \u018fliyev m\u0259rasimd\u0259 i\u015ftirak edib.AZ\u018fRTAC","_links":{"self":[{"href":"https:\/\/arantv.az\/index.php?rest_route=\/wp\/v2\/posts\/111036"}],"collection":[{"href":"https:\/\/arantv.az\/index.php?rest_route=\/wp\/v2\/posts"}],"about":[{"href":"https:\/\/arantv.az\/index.php?rest_route=\/wp\/v2\/types\/post"}],"author":[{"embeddable":true,"href":"https:\/\/arantv.az\/index.php?rest_route=\/wp\/v2\/users\/2"}],"replies":[{"embeddable":true,"href":"https:\/\/arantv.az\/index.php?rest_route=%2Fwp%2Fv2%2Fcomments&post=111036"}],"version-history":[{"count":0,"href":"https:\/\/arantv.az\/index.php?rest_route=\/wp\/v2\/posts\/111036\/revisions"}],"wp:featuredmedia":[{"embeddable":true,"href":"https:\/\/arantv.az\/index.php?rest_route=\/wp\/v2\/media\/111037"}],"wp:attachment":[{"href":"https:\/\/arantv.az\/index.php?rest_route=%2Fwp%2Fv2%2Fmedia&parent=111036"}],"wp:term":[{"taxonomy":"category","embeddable":true,"href":"https:\/\/arantv.az\/index.php?rest_route=%2Fwp%2Fv2%2Fcategories&post=111036"},{"taxonomy":"post_tag","embeddable":true,"href":"https:\/\/arantv.az\/index.php?rest_route=%2Fwp%2Fv2%2Ftags&post=111036"}],"curies":[{"name":"wp","href":"https:\/\/api.w.org\/{rel}","templated":true}]}}