{"id":111048,"date":"2019-12-24T11:36:34","date_gmt":"2019-12-24T08:36:34","guid":{"rendered":"http:\/\/arantv.az\/?p=111048"},"modified":"2019-12-24T11:36:34","modified_gmt":"2019-12-24T08:36:34","slug":"%c9%99li-%c9%99hm%c9%99dov-yap-a-%c9%99hali-arasinda-r%c9%99gb%c9%99t-artir","status":"publish","type":"post","link":"https:\/\/arantv.az\/?p=111048","title":{"rendered":"\u018fli \u018fhm\u0259dov: &#8220;YAP-a \u0259hali aras\u0131nda r\u0259\u011fb\u0259t art\u0131r&#8221;"},"content":{"rendered":"<blockquote><p><em><strong>\u00d6t\u0259n g\u00fcn Az\u0259rbaycanda n\u00f6vb\u0259ti b\u0259l\u0259diyy\u0259 se\u00e7kil\u0259ri ke\u00e7irilib v\u0259 Yeni Az\u0259rbaycan Partiyas\u0131 da bu se\u00e7kil\u0259rd\u0259 i\u015ftirak edib.<\/strong><\/em><\/p><\/blockquote>\n<p><strong>ARANTV.AZ<\/strong>\u00a0\u00a0<a href=\"https:\/\/az.trend.az\/\" target=\"_blank\" rel=\"noopener\">Trend<\/a>-\u0259 istinad\u0259n x\u0259b\u0259r verir ki, bunu Yeni Az\u0259rbaycan Partyas\u0131n\u0131n S\u0259dr m\u00fcavini-\u0130cra katibi Ba\u015f nazirin m\u00fcavini \u018fli \u018fhm\u0259dov deyib.<\/p>\n<p>\u018f.\u018fhm\u0259dov bildirib ki, M\u0259rk\u0259zi Se\u00e7ki Komissiyas\u0131 t\u0259r\u0259find\u0259n ilkin n\u0259tic\u0259l\u0259r elan olunub:<\/p>\n<p>&#8220;Lakin bizim se\u00e7ki m\u0259nt\u0259q\u0259l\u0259rind\u0259 olan m\u00fc\u015fahid\u0259\u00e7il\u0259rimizin apard\u0131\u011f\u0131 m\u00fc\u015fahid\u0259l\u0259r\u0259 \u0259sas\u0259n dey\u0259 bil\u0259r\u0259m ki, YAP-\u0131n b\u0259l\u0259diyy\u0259 se\u00e7kil\u0259rind\u0259 namiz\u0259dl\u0259ri se\u00e7icil\u0259rin \u00e7oxunun d\u0259st\u0259yini qazan\u0131b. \u0130nsanlar\u0131n rifah\u0131n\u0131n yax\u015f\u0131la\u015fmas\u0131 il\u0259 \u0259laq\u0259dar Prezidentin t\u0259\u015f\u0259bb\u00fcs\u00fc il\u0259 b\u00f6y\u00fck sosial layih\u0259l\u0259rin h\u0259yata ke\u00e7irilm\u0259si insanlar t\u0259r\u0259find\u0259n y\u00fcks\u0259k qiym\u0259tl\u0259ndirilir v\u0259 YAP-a \u0259hali aras\u0131nda r\u0259\u011fb\u0259t art\u0131r\u0131r. M\u0259n Yeni Az\u0259rbaycan Partiyas\u0131n\u0131 \u0259ld\u0259 etdiyi q\u0259l\u0259b\u0259y\u0259 g\u00f6r\u0259 t\u0259brik etm\u0259k ist\u0259yir\u0259m&#8221;.<\/p>\n","protected":false},"excerpt":{"rendered":"<p>\u00d6t\u0259n g\u00fcn Az\u0259rbaycanda n\u00f6vb\u0259ti b\u0259l\u0259diyy\u0259 se\u00e7kil\u0259ri ke\u00e7irilib v\u0259 Yeni Az\u0259rbaycan Partiyas\u0131 da bu se\u00e7kil\u0259rd\u0259 i\u015ftirak edib. ARANTV.AZ\u00a0\u00a0Trend-\u0259 istinad\u0259n x\u0259b\u0259r verir ki, bunu Yeni Az\u0259rbaycan Partyas\u0131n\u0131n S\u0259dr m\u00fcavini-\u0130cra katibi Ba\u015f nazirin m\u00fcavini \u018fli \u018fhm\u0259dov deyib. \u018f.\u018fhm\u0259dov bildirib ki, M\u0259rk\u0259zi Se\u00e7ki Komissiyas\u0131 t\u0259r\u0259find\u0259n ilkin n\u0259tic\u0259l\u0259r elan olunub: &#8220;Lakin bizim se\u00e7ki m\u0259nt\u0259q\u0259l\u0259rind\u0259 olan m\u00fc\u015fahid\u0259\u00e7il\u0259rimizin apard\u0131\u011f\u0131 m\u00fc\u015fahid\u0259l\u0259r\u0259 \u0259sas\u0259n dey\u0259 bil\u0259r\u0259m ki, YAP-\u0131n b\u0259l\u0259diyy\u0259 se\u00e7kil\u0259rind\u0259 namiz\u0259dl\u0259ri se\u00e7icil\u0259rin \u00e7oxunun d\u0259st\u0259yini qazan\u0131b. \u0130nsanlar\u0131n rifah\u0131n\u0131n yax\u015f\u0131la\u015fmas\u0131 il\u0259 \u0259laq\u0259dar Prezidentin t\u0259\u015f\u0259bb\u00fcs\u00fc il\u0259 b\u00f6y\u00fck sosial layih\u0259l\u0259rin h\u0259yata ke\u00e7irilm\u0259si insanlar t\u0259r\u0259find\u0259n y\u00fcks\u0259k qiym\u0259tl\u0259ndirilir v\u0259 YAP-a \u0259hali aras\u0131nda r\u0259\u011fb\u0259t art\u0131r\u0131r. M\u0259n Yeni&hellip;<\/p>\n","protected":false},"author":2,"featured_media":111049,"comment_status":"closed","ping_status":"closed","sticky":false,"template":"","format":"standard","meta":{"om_disable_all_campaigns":false,"_monsterinsights_skip_tracking":false,"_monsterinsights_sitenote_active":false,"_monsterinsights_sitenote_note":"","_monsterinsights_sitenote_category":0},"categories":[4],"tags":[],"aioseo_notices":[],"gutentor_comment":0,"rttpg_featured_image_url":{"full":["https:\/\/arantv.az\/wp-content\/uploads\/2019\/12\/809276-1.jpg",800,600,false],"landscape":["https:\/\/arantv.az\/wp-content\/uploads\/2019\/12\/809276-1.jpg",800,600,false],"portraits":["https:\/\/arantv.az\/wp-content\/uploads\/2019\/12\/809276-1.jpg",800,600,false],"thumbnail":["https:\/\/arantv.az\/wp-content\/uploads\/2019\/12\/809276-1-150x150.jpg",150,150,true],"medium":["https:\/\/arantv.az\/wp-content\/uploads\/2019\/12\/809276-1-300x225.jpg",300,225,true],"large":["https:\/\/arantv.az\/wp-content\/uploads\/2019\/12\/809276-1.jpg",640,480,false],"1536x1536":["https:\/\/arantv.az\/wp-content\/uploads\/2019\/12\/809276-1.jpg",800,600,false],"2048x2048":["https:\/\/arantv.az\/wp-content\/uploads\/2019\/12\/809276-1.jpg",800,600,false],"post-thumbnail":["https:\/\/arantv.az\/wp-content\/uploads\/2019\/12\/809276-1-240x172.jpg",240,172,true],"advps-thumb-one":["https:\/\/arantv.az\/wp-content\/uploads\/2019\/12\/809276-1.jpg",800,600,false]},"rttpg_author":{"display_name":"V\u00fcsal Rafiqo\u011flu","author_link":"https:\/\/arantv.az\/?author=2"},"rttpg_comment":0,"rttpg_category":"<a href=\"https:\/\/arantv.az\/?cat=4\" rel=\"category\">Siyas\u0259t<\/a>","rttpg_excerpt":"\u00d6t\u0259n g\u00fcn Az\u0259rbaycanda n\u00f6vb\u0259ti b\u0259l\u0259diyy\u0259 se\u00e7kil\u0259ri ke\u00e7irilib v\u0259 Yeni Az\u0259rbaycan Partiyas\u0131 da bu se\u00e7kil\u0259rd\u0259 i\u015ftirak edib. ARANTV.AZ\u00a0\u00a0Trend-\u0259 istinad\u0259n x\u0259b\u0259r verir ki, bunu Yeni Az\u0259rbaycan Partyas\u0131n\u0131n S\u0259dr m\u00fcavini-\u0130cra katibi Ba\u015f nazirin m\u00fcavini \u018fli \u018fhm\u0259dov deyib. \u018f.\u018fhm\u0259dov bildirib ki, M\u0259rk\u0259zi Se\u00e7ki Komissiyas\u0131 t\u0259r\u0259find\u0259n ilkin n\u0259tic\u0259l\u0259r elan olunub: &#8220;Lakin bizim se\u00e7ki m\u0259nt\u0259q\u0259l\u0259rind\u0259 olan m\u00fc\u015fahid\u0259\u00e7il\u0259rimizin apard\u0131\u011f\u0131 m\u00fc\u015fahid\u0259l\u0259r\u0259 \u0259sas\u0259n dey\u0259&hellip;","_links":{"self":[{"href":"https:\/\/arantv.az\/index.php?rest_route=\/wp\/v2\/posts\/111048"}],"collection":[{"href":"https:\/\/arantv.az\/index.php?rest_route=\/wp\/v2\/posts"}],"about":[{"href":"https:\/\/arantv.az\/index.php?rest_route=\/wp\/v2\/types\/post"}],"author":[{"embeddable":true,"href":"https:\/\/arantv.az\/index.php?rest_route=\/wp\/v2\/users\/2"}],"replies":[{"embeddable":true,"href":"https:\/\/arantv.az\/index.php?rest_route=%2Fwp%2Fv2%2Fcomments&post=111048"}],"version-history":[{"count":0,"href":"https:\/\/arantv.az\/index.php?rest_route=\/wp\/v2\/posts\/111048\/revisions"}],"wp:featuredmedia":[{"embeddable":true,"href":"https:\/\/arantv.az\/index.php?rest_route=\/wp\/v2\/media\/111049"}],"wp:attachment":[{"href":"https:\/\/arantv.az\/index.php?rest_route=%2Fwp%2Fv2%2Fmedia&parent=111048"}],"wp:term":[{"taxonomy":"category","embeddable":true,"href":"https:\/\/arantv.az\/index.php?rest_route=%2Fwp%2Fv2%2Fcategories&post=111048"},{"taxonomy":"post_tag","embeddable":true,"href":"https:\/\/arantv.az\/index.php?rest_route=%2Fwp%2Fv2%2Ftags&post=111048"}],"curies":[{"name":"wp","href":"https:\/\/api.w.org\/{rel}","templated":true}]}}