{"id":111052,"date":"2019-12-24T11:38:53","date_gmt":"2019-12-24T08:38:53","guid":{"rendered":"http:\/\/arantv.az\/?p=111052"},"modified":"2019-12-24T11:38:53","modified_gmt":"2019-12-24T08:38:53","slug":"qobustanda-f%c9%99hl%c9%99-d%c9%99m-qazindan-bogulub-oldu","status":"publish","type":"post","link":"https:\/\/arantv.az\/?p=111052","title":{"rendered":"Qobustanda f\u0259hl\u0259 d\u0259m qaz\u0131ndan bo\u011fulub \u00f6ld\u00fc"},"content":{"rendered":"<p>Qobustanda f\u0259hl\u0259 d\u0259m qaz\u0131ndan bo\u011fularaq \u00f6l\u00fcb.<\/p>\n<p><b>ARANTV.AZ\u00a0<\/b>x\u0259b\u0259r verir ki, hadis\u0259 rayonun M.\u018f.Sabir k\u00fc\u00e7\u0259si ev 2 \u00fcnvan\u0131nda qeyd\u0259 al\u0131n\u0131b.<\/p>\n<p>Rayon sakini, 1973-c\u00fc il t\u0259v\u0259ll\u00fcdl\u00fc B\u0259dirov Xaliq Xeyrulla o\u011flu ya\u015fad\u0131\u011f\u0131 evin hamam ota\u011f\u0131nda \u00e7im\u0259rk\u0259n d\u0259m qaz\u0131ndan bo\u011fulub.<\/p>\n<div id=\"AdviadNativeVideo0\" class=\"AdviadNativeVideo\"><\/div>\n<p>Qeyd ed\u0259k ki, X.B\u0259dirov Qobustan rayon Kommunal M\u00fc\u0259ssis\u0259l\u0259r Kombinat\u0131nda f\u0259hl\u0259 kimi \u00e7al\u0131\u015f\u0131b.<\/p>\n<p>Faktla ba\u011fl\u0131 ara\u015fd\u0131rma apar\u0131l\u0131r.Oxu.Az<\/p>\n","protected":false},"excerpt":{"rendered":"<p>Qobustanda f\u0259hl\u0259 d\u0259m qaz\u0131ndan bo\u011fularaq \u00f6l\u00fcb. ARANTV.AZ\u00a0x\u0259b\u0259r verir ki, hadis\u0259 rayonun M.\u018f.Sabir k\u00fc\u00e7\u0259si ev 2 \u00fcnvan\u0131nda qeyd\u0259 al\u0131n\u0131b. Rayon sakini, 1973-c\u00fc il t\u0259v\u0259ll\u00fcdl\u00fc B\u0259dirov Xaliq Xeyrulla o\u011flu ya\u015fad\u0131\u011f\u0131 evin hamam ota\u011f\u0131nda \u00e7im\u0259rk\u0259n d\u0259m qaz\u0131ndan bo\u011fulub. Qeyd ed\u0259k ki, X.B\u0259dirov Qobustan rayon Kommunal M\u00fc\u0259ssis\u0259l\u0259r Kombinat\u0131nda f\u0259hl\u0259 kimi \u00e7al\u0131\u015f\u0131b. Faktla ba\u011fl\u0131 ara\u015fd\u0131rma apar\u0131l\u0131r.Oxu.Az<\/p>\n","protected":false},"author":2,"featured_media":111053,"comment_status":"closed","ping_status":"closed","sticky":false,"template":"","format":"standard","meta":{"om_disable_all_campaigns":false,"_monsterinsights_skip_tracking":false,"_monsterinsights_sitenote_active":false,"_monsterinsights_sitenote_note":"","_monsterinsights_sitenote_category":0},"categories":[5],"tags":[],"aioseo_notices":[],"gutentor_comment":0,"rttpg_featured_image_url":{"full":["https:\/\/arantv.az\/wp-content\/uploads\/2019\/12\/olu.jpg",620,386,false],"landscape":["https:\/\/arantv.az\/wp-content\/uploads\/2019\/12\/olu.jpg",620,386,false],"portraits":["https:\/\/arantv.az\/wp-content\/uploads\/2019\/12\/olu.jpg",620,386,false],"thumbnail":["https:\/\/arantv.az\/wp-content\/uploads\/2019\/12\/olu-150x150.jpg",150,150,true],"medium":["https:\/\/arantv.az\/wp-content\/uploads\/2019\/12\/olu-300x187.jpg",300,187,true],"large":["https:\/\/arantv.az\/wp-content\/uploads\/2019\/12\/olu.jpg",620,386,false],"1536x1536":["https:\/\/arantv.az\/wp-content\/uploads\/2019\/12\/olu.jpg",620,386,false],"2048x2048":["https:\/\/arantv.az\/wp-content\/uploads\/2019\/12\/olu.jpg",620,386,false],"post-thumbnail":["https:\/\/arantv.az\/wp-content\/uploads\/2019\/12\/olu-240x172.jpg",240,172,true],"advps-thumb-one":["https:\/\/arantv.az\/wp-content\/uploads\/2019\/12\/olu.jpg",620,386,false]},"rttpg_author":{"display_name":"V\u00fcsal Rafiqo\u011flu","author_link":"https:\/\/arantv.az\/?author=2"},"rttpg_comment":0,"rttpg_category":"<a href=\"https:\/\/arantv.az\/?cat=5\" rel=\"category\">Hadis\u0259<\/a>","rttpg_excerpt":"Qobustanda f\u0259hl\u0259 d\u0259m qaz\u0131ndan bo\u011fularaq \u00f6l\u00fcb. ARANTV.AZ\u00a0x\u0259b\u0259r verir ki, hadis\u0259 rayonun M.\u018f.Sabir k\u00fc\u00e7\u0259si ev 2 \u00fcnvan\u0131nda qeyd\u0259 al\u0131n\u0131b. Rayon sakini, 1973-c\u00fc il t\u0259v\u0259ll\u00fcdl\u00fc B\u0259dirov Xaliq Xeyrulla o\u011flu ya\u015fad\u0131\u011f\u0131 evin hamam ota\u011f\u0131nda \u00e7im\u0259rk\u0259n d\u0259m qaz\u0131ndan bo\u011fulub. Qeyd ed\u0259k ki, X.B\u0259dirov Qobustan rayon Kommunal M\u00fc\u0259ssis\u0259l\u0259r Kombinat\u0131nda f\u0259hl\u0259 kimi \u00e7al\u0131\u015f\u0131b. Faktla ba\u011fl\u0131 ara\u015fd\u0131rma apar\u0131l\u0131r.Oxu.Az","_links":{"self":[{"href":"https:\/\/arantv.az\/index.php?rest_route=\/wp\/v2\/posts\/111052"}],"collection":[{"href":"https:\/\/arantv.az\/index.php?rest_route=\/wp\/v2\/posts"}],"about":[{"href":"https:\/\/arantv.az\/index.php?rest_route=\/wp\/v2\/types\/post"}],"author":[{"embeddable":true,"href":"https:\/\/arantv.az\/index.php?rest_route=\/wp\/v2\/users\/2"}],"replies":[{"embeddable":true,"href":"https:\/\/arantv.az\/index.php?rest_route=%2Fwp%2Fv2%2Fcomments&post=111052"}],"version-history":[{"count":0,"href":"https:\/\/arantv.az\/index.php?rest_route=\/wp\/v2\/posts\/111052\/revisions"}],"wp:featuredmedia":[{"embeddable":true,"href":"https:\/\/arantv.az\/index.php?rest_route=\/wp\/v2\/media\/111053"}],"wp:attachment":[{"href":"https:\/\/arantv.az\/index.php?rest_route=%2Fwp%2Fv2%2Fmedia&parent=111052"}],"wp:term":[{"taxonomy":"category","embeddable":true,"href":"https:\/\/arantv.az\/index.php?rest_route=%2Fwp%2Fv2%2Fcategories&post=111052"},{"taxonomy":"post_tag","embeddable":true,"href":"https:\/\/arantv.az\/index.php?rest_route=%2Fwp%2Fv2%2Ftags&post=111052"}],"curies":[{"name":"wp","href":"https:\/\/api.w.org\/{rel}","templated":true}]}}