{"id":111068,"date":"2019-12-24T11:48:42","date_gmt":"2019-12-24T08:48:42","guid":{"rendered":"http:\/\/arantv.az\/?p=111068"},"modified":"2019-12-24T11:48:42","modified_gmt":"2019-12-24T08:48:42","slug":"samaradan-bakiya-yeni-aviareys-acilir","status":"publish","type":"post","link":"https:\/\/arantv.az\/?p=111068","title":{"rendered":"Samaradan Bak\u0131ya yeni aviareys a\u00e7\u0131l\u0131r"},"content":{"rendered":"<p>Yanvar\u0131n 15-d\u0259n etibar\u0259n Rusiyan\u0131n Kurumo\u00e7 Beyn\u0259lxalq Hava Liman\u0131n\u0131n c\u0259dv\u0259lin\u0259 Samara-Bak\u0131 mar\u015frutu \u00fczr\u0259 u\u00e7u\u015f \u0259lav\u0259 olunacaq.<\/p>\n<p>Bu bar\u0259d\u0259 \u201cSamara Q\u0130S\u201d portal\u0131 hava liman\u0131n\u0131n m\u0259tbuat xidm\u0259tin\u0259 istinadla m\u0259lumat verib.<\/p>\n<p>\u201cUnikal memarl\u0131q, unudulmaz milli m\u0259tb\u0259x v\u0259 \u0259n\u0259n\u0259vi c\u0259nub qonaqp\u0259rv\u0259rliyi &#8211; Yeni il t\u0259till\u0259rind\u0259n d\u0259rhal sonra Samara sakinl\u0259ri c\u0259mi bir ne\u00e7\u0259 saat \u0259rzind\u0259\u00a0Az\u0259rbaycan\u0131n paytaxt\u0131nda olmaq imkan\u0131 qazanacaqlar\u201d,\u00a0 &#8211; dey\u0259 Kurumo\u00e7 n\u00fcmay\u0259nd\u0259l\u0259ri b\u0259yan edib.<\/p>\n<div id=\"AdviadNativeVideo0\" class=\"AdviadNativeVideo\"><\/div>\n<p>U\u00e7u\u015f\u00a0 \u201c\u0130rAero\u201d avia\u015firk\u0259ti\u00a0t\u0259r\u0259find\u0259n h\u0259ft\u0259d\u0259 bir d\u0259f\u0259, \u00e7\u0259r\u015f\u0259nb\u0259 g\u00fcnl\u0259ri yerin\u0259 yetiril\u0259c\u0259k.<\/p>\n<p>Samaradan u\u00e7u\u015f vaxt\u0131 01:20, Bak\u0131dan &#8211; 04:10-da (yerli vaxt) n\u0259z\u0259rd\u0259 tutulub.<\/p>\n<p>U\u00e7u\u015f \u201cSukhoi Superjet 100\u201d t\u0259yyar\u0259l\u0259ri il\u0259 m\u00fcmk\u00fcn olacaq.<\/p>\n<p>Bilet qiym\u0259ti baqajla\u00a0birlikd\u0259 8694 rubldan (237 AZN) ba\u015flay\u0131r. U\u00e7u\u015f m\u00fcdd\u0259ti &#8211; bir\u00a0saat \u0259lli d\u0259qiq\u0259 olacaq.<\/p>\n<p>Oktyabr ay\u0131nda Kurumo\u00e7 aeroportu d\u00fcnyan\u0131n y\u00fcz \u0259n d\u0259qiq hava liman\u0131 siyah\u0131s\u0131na daxil edilib. B\u00f6y\u00fck Britaniyadan olan \u201cOAG\u201d beyn\u0259lxalq analitik agentliyinin hesabat\u0131na g\u00f6r\u0259, Samara Hava Liman\u0131 \u00f6t\u0259n ay\u0131n yekunlar\u0131na g\u00f6r\u0259 reytinqd\u0259 21-ci yeri tutub.<\/p>\n","protected":false},"excerpt":{"rendered":"<p>Yanvar\u0131n 15-d\u0259n etibar\u0259n Rusiyan\u0131n Kurumo\u00e7 Beyn\u0259lxalq Hava Liman\u0131n\u0131n c\u0259dv\u0259lin\u0259 Samara-Bak\u0131 mar\u015frutu \u00fczr\u0259 u\u00e7u\u015f \u0259lav\u0259 olunacaq. Bu bar\u0259d\u0259 \u201cSamara Q\u0130S\u201d portal\u0131 hava liman\u0131n\u0131n m\u0259tbuat xidm\u0259tin\u0259 istinadla m\u0259lumat verib. \u201cUnikal memarl\u0131q, unudulmaz milli m\u0259tb\u0259x v\u0259 \u0259n\u0259n\u0259vi c\u0259nub qonaqp\u0259rv\u0259rliyi &#8211; Yeni il t\u0259till\u0259rind\u0259n d\u0259rhal sonra Samara sakinl\u0259ri c\u0259mi bir ne\u00e7\u0259 saat \u0259rzind\u0259\u00a0Az\u0259rbaycan\u0131n paytaxt\u0131nda olmaq imkan\u0131 qazanacaqlar\u201d,\u00a0 &#8211; dey\u0259 Kurumo\u00e7 n\u00fcmay\u0259nd\u0259l\u0259ri b\u0259yan edib. U\u00e7u\u015f\u00a0 \u201c\u0130rAero\u201d avia\u015firk\u0259ti\u00a0t\u0259r\u0259find\u0259n h\u0259ft\u0259d\u0259 bir d\u0259f\u0259, \u00e7\u0259r\u015f\u0259nb\u0259 g\u00fcnl\u0259ri yerin\u0259 yetiril\u0259c\u0259k. Samaradan u\u00e7u\u015f vaxt\u0131 01:20, Bak\u0131dan &#8211; 04:10-da (yerli vaxt) n\u0259z\u0259rd\u0259 tutulub. U\u00e7u\u015f \u201cSukhoi Superjet 100\u201d t\u0259yyar\u0259l\u0259ri il\u0259 m\u00fcmk\u00fcn olacaq. Bilet qiym\u0259ti&hellip;<\/p>\n","protected":false},"author":2,"featured_media":111069,"comment_status":"closed","ping_status":"closed","sticky":false,"template":"","format":"standard","meta":{"om_disable_all_campaigns":false,"_monsterinsights_skip_tracking":false,"_monsterinsights_sitenote_active":false,"_monsterinsights_sitenote_note":"","_monsterinsights_sitenote_category":0},"categories":[1],"tags":[],"aioseo_notices":[],"gutentor_comment":0,"rttpg_featured_image_url":{"full":["https:\/\/arantv.az\/wp-content\/uploads\/2019\/12\/irkutsk-polyarny-iraero-ra-89076-sukhoi-superjet-100-95lr.jpg",620,413,false],"landscape":["https:\/\/arantv.az\/wp-content\/uploads\/2019\/12\/irkutsk-polyarny-iraero-ra-89076-sukhoi-superjet-100-95lr.jpg",620,413,false],"portraits":["https:\/\/arantv.az\/wp-content\/uploads\/2019\/12\/irkutsk-polyarny-iraero-ra-89076-sukhoi-superjet-100-95lr.jpg",620,413,false],"thumbnail":["https:\/\/arantv.az\/wp-content\/uploads\/2019\/12\/irkutsk-polyarny-iraero-ra-89076-sukhoi-superjet-100-95lr-150x150.jpg",150,150,true],"medium":["https:\/\/arantv.az\/wp-content\/uploads\/2019\/12\/irkutsk-polyarny-iraero-ra-89076-sukhoi-superjet-100-95lr-300x200.jpg",300,200,true],"large":["https:\/\/arantv.az\/wp-content\/uploads\/2019\/12\/irkutsk-polyarny-iraero-ra-89076-sukhoi-superjet-100-95lr.jpg",620,413,false],"1536x1536":["https:\/\/arantv.az\/wp-content\/uploads\/2019\/12\/irkutsk-polyarny-iraero-ra-89076-sukhoi-superjet-100-95lr.jpg",620,413,false],"2048x2048":["https:\/\/arantv.az\/wp-content\/uploads\/2019\/12\/irkutsk-polyarny-iraero-ra-89076-sukhoi-superjet-100-95lr.jpg",620,413,false],"post-thumbnail":["https:\/\/arantv.az\/wp-content\/uploads\/2019\/12\/irkutsk-polyarny-iraero-ra-89076-sukhoi-superjet-100-95lr-240x172.jpg",240,172,true],"advps-thumb-one":["https:\/\/arantv.az\/wp-content\/uploads\/2019\/12\/irkutsk-polyarny-iraero-ra-89076-sukhoi-superjet-100-95lr.jpg",620,413,false]},"rttpg_author":{"display_name":"V\u00fcsal Rafiqo\u011flu","author_link":"https:\/\/arantv.az\/?author=2"},"rttpg_comment":0,"rttpg_category":"<a href=\"https:\/\/arantv.az\/?cat=1\" rel=\"category\">C\u0259miyy\u0259t<\/a>","rttpg_excerpt":"Yanvar\u0131n 15-d\u0259n etibar\u0259n Rusiyan\u0131n Kurumo\u00e7 Beyn\u0259lxalq Hava Liman\u0131n\u0131n c\u0259dv\u0259lin\u0259 Samara-Bak\u0131 mar\u015frutu \u00fczr\u0259 u\u00e7u\u015f \u0259lav\u0259 olunacaq. Bu bar\u0259d\u0259 \u201cSamara Q\u0130S\u201d portal\u0131 hava liman\u0131n\u0131n m\u0259tbuat xidm\u0259tin\u0259 istinadla m\u0259lumat verib. \u201cUnikal memarl\u0131q, unudulmaz milli m\u0259tb\u0259x v\u0259 \u0259n\u0259n\u0259vi c\u0259nub qonaqp\u0259rv\u0259rliyi &#8211; Yeni il t\u0259till\u0259rind\u0259n d\u0259rhal sonra Samara sakinl\u0259ri c\u0259mi bir ne\u00e7\u0259 saat \u0259rzind\u0259\u00a0Az\u0259rbaycan\u0131n paytaxt\u0131nda olmaq imkan\u0131 qazanacaqlar\u201d,\u00a0 &#8211; dey\u0259&hellip;","_links":{"self":[{"href":"https:\/\/arantv.az\/index.php?rest_route=\/wp\/v2\/posts\/111068"}],"collection":[{"href":"https:\/\/arantv.az\/index.php?rest_route=\/wp\/v2\/posts"}],"about":[{"href":"https:\/\/arantv.az\/index.php?rest_route=\/wp\/v2\/types\/post"}],"author":[{"embeddable":true,"href":"https:\/\/arantv.az\/index.php?rest_route=\/wp\/v2\/users\/2"}],"replies":[{"embeddable":true,"href":"https:\/\/arantv.az\/index.php?rest_route=%2Fwp%2Fv2%2Fcomments&post=111068"}],"version-history":[{"count":0,"href":"https:\/\/arantv.az\/index.php?rest_route=\/wp\/v2\/posts\/111068\/revisions"}],"wp:featuredmedia":[{"embeddable":true,"href":"https:\/\/arantv.az\/index.php?rest_route=\/wp\/v2\/media\/111069"}],"wp:attachment":[{"href":"https:\/\/arantv.az\/index.php?rest_route=%2Fwp%2Fv2%2Fmedia&parent=111068"}],"wp:term":[{"taxonomy":"category","embeddable":true,"href":"https:\/\/arantv.az\/index.php?rest_route=%2Fwp%2Fv2%2Fcategories&post=111068"},{"taxonomy":"post_tag","embeddable":true,"href":"https:\/\/arantv.az\/index.php?rest_route=%2Fwp%2Fv2%2Ftags&post=111068"}],"curies":[{"name":"wp","href":"https:\/\/api.w.org\/{rel}","templated":true}]}}