{"id":11108,"date":"2018-09-04T11:12:30","date_gmt":"2018-09-04T08:12:30","guid":{"rendered":"http:\/\/arantv.az\/?p=11108"},"modified":"2018-09-04T11:12:30","modified_gmt":"2018-09-04T08:12:30","slug":"get-ozun-yoxla-surucu-yol-polisin%c9%99-s%c9%99n%c9%99d-t%c9%99qdim-etm%c9%99lidirmi-video","status":"publish","type":"post","link":"https:\/\/arantv.az\/?p=11108","title":{"rendered":"Get, \u00f6z\u00fcn yoxla: S\u00fcr\u00fcc\u00fc yol polisin\u0259 s\u0259n\u0259d t\u0259qdim etm\u0259lidirmi? &#8211; V\u0130DEO"},"content":{"rendered":"<p>Son zamanlar yol polisi avtomobill\u0259ri h\u0259r hans\u0131 qayda pozuntusuna g\u00f6r\u0259 saxlad\u0131qda s\u00fcr\u00fcc\u00fcl\u0259r s\u0259n\u0259dl\u0259ri t\u0259qdim etm\u0259k ist\u0259mirl\u0259r.<\/p>\n<p>ARANTV.AZ\u00a0<strong>\u00a0<\/strong>\u201cX\u0259z\u0259r\u201d TV-y\u0259 istinad\u0259n x\u0259b\u0259r verir ki,\u00a0Bak\u0131 \u015e\u0259h\u0259r D\u00f6vl\u0259t Yol Polisi \u0130dar\u0259sinin b\u00f6lm\u0259 r\u0259isi\u00a0<strong>Vaqif \u018fs\u0259dovun<\/strong>\u00a0s\u00f6zl\u0259rin\u0259 g\u00f6r\u0259, son zamanlar bel\u0259 s\u00fcr\u00fcc\u00fcl\u0259rin say\u0131nda art\u0131m m\u00fc\u015fahid\u0259 edilir.<\/p>\n<p>Bel\u0259 ki, s\u00fcr\u00fcc\u00fc \u201cget, \u00f6z\u00fcn yoxla\u201d dem\u0259kl\u0259 polisin i\u015fini \u00e7\u0259tinl\u0259\u015fdirdiyini d\u00fc\u015f\u00fcn\u00fcr. Amma \u0259slind\u0259, bunu etm\u0259k qada\u011fand\u0131r.<\/p>\n<p>Vaqif \u018fs\u0259dov bildirib ki, yol polisi \u0259lind\u0259 olan avadanl\u0131qlarla s\u00fcr\u00fcc\u00fcn\u00fcn s\u0259n\u0259dl\u0259rinin olub-olmad\u0131\u011f\u0131na baxa bil\u0259r. Amma t\u0259l\u0259b edildiyi t\u0259qdird\u0259 s\u0259n\u0259dl\u0259rin q\u0259sd\u0259n t\u0259qdim edilm\u0259m\u0259si polis\u0259 tabesizlik kimi qiym\u0259tl\u0259ndiril\u0259 bil\u0259r ki, bunun da kifay\u0259t q\u0259d\u0259r a\u011f\u0131r c\u0259zas\u0131 var.<\/p>\n<p>Yol polisi r\u0259smisi qeyd edib ki, haz\u0131rda z\u0259rur\u0259t oldu\u011fu halda, x\u00fcsusi avadanl\u0131qlardan istifad\u0259 edil\u0259r\u0259k, s\u00fcr\u00fcc\u00fcn\u00fcn s\u0259n\u0259dl\u0259ri yoxlan\u0131l\u0131r. \u018fg\u0259r s\u00fcr\u00fcc\u00fcn\u00fcn kimliyini m\u00fc\u0259yy\u0259nl\u0259\u015fdirm\u0259k m\u00fcmk\u00fcn olmursa, o, polis b\u00f6lm\u0259sin\u0259 apar\u0131la bil\u0259r.<\/p>\n<div><iframe loading=\"lazy\" src=\"https:\/\/player.baku.tv\/embed\/3727\" width=\"560\" height=\"315\" frameborder=\"0\" allowfullscreen=\"allowfullscreen\" data-mce-fragment=\"1\"><\/iframe><\/div>\n<p>&nbsp;<\/p>\n","protected":false},"excerpt":{"rendered":"<p>Son zamanlar yol polisi avtomobill\u0259ri h\u0259r hans\u0131 qayda pozuntusuna g\u00f6r\u0259 saxlad\u0131qda s\u00fcr\u00fcc\u00fcl\u0259r s\u0259n\u0259dl\u0259ri t\u0259qdim etm\u0259k ist\u0259mirl\u0259r. ARANTV.AZ\u00a0\u00a0\u201cX\u0259z\u0259r\u201d TV-y\u0259 istinad\u0259n x\u0259b\u0259r verir ki,\u00a0Bak\u0131 \u015e\u0259h\u0259r D\u00f6vl\u0259t Yol Polisi \u0130dar\u0259sinin b\u00f6lm\u0259 r\u0259isi\u00a0Vaqif \u018fs\u0259dovun\u00a0s\u00f6zl\u0259rin\u0259 g\u00f6r\u0259, son zamanlar bel\u0259 s\u00fcr\u00fcc\u00fcl\u0259rin say\u0131nda art\u0131m m\u00fc\u015fahid\u0259 edilir. Bel\u0259 ki, s\u00fcr\u00fcc\u00fc \u201cget, \u00f6z\u00fcn yoxla\u201d dem\u0259kl\u0259 polisin i\u015fini \u00e7\u0259tinl\u0259\u015fdirdiyini d\u00fc\u015f\u00fcn\u00fcr. Amma \u0259slind\u0259, bunu etm\u0259k qada\u011fand\u0131r. Vaqif \u018fs\u0259dov bildirib ki, yol polisi \u0259lind\u0259 olan avadanl\u0131qlarla s\u00fcr\u00fcc\u00fcn\u00fcn s\u0259n\u0259dl\u0259rinin olub-olmad\u0131\u011f\u0131na baxa bil\u0259r. Amma t\u0259l\u0259b edildiyi t\u0259qdird\u0259 s\u0259n\u0259dl\u0259rin q\u0259sd\u0259n t\u0259qdim edilm\u0259m\u0259si polis\u0259 tabesizlik kimi qiym\u0259tl\u0259ndiril\u0259 bil\u0259r ki, bunun da kifay\u0259t q\u0259d\u0259r a\u011f\u0131r c\u0259zas\u0131 var.&hellip;<\/p>\n","protected":false},"author":2,"featured_media":11109,"comment_status":"closed","ping_status":"closed","sticky":false,"template":"","format":"standard","meta":{"om_disable_all_campaigns":false,"_monsterinsights_skip_tracking":false,"_monsterinsights_sitenote_active":false,"_monsterinsights_sitenote_note":"","_monsterinsights_sitenote_category":0},"categories":[1],"tags":[],"aioseo_notices":[],"gutentor_comment":0,"rttpg_featured_image_url":{"full":["https:\/\/arantv.az\/wp-content\/uploads\/2018\/09\/5b8d3c27d26f9_9dyp-yol908144_518498.jpg",600,400,false],"landscape":["https:\/\/arantv.az\/wp-content\/uploads\/2018\/09\/5b8d3c27d26f9_9dyp-yol908144_518498.jpg",600,400,false],"portraits":["https:\/\/arantv.az\/wp-content\/uploads\/2018\/09\/5b8d3c27d26f9_9dyp-yol908144_518498.jpg",600,400,false],"thumbnail":["https:\/\/arantv.az\/wp-content\/uploads\/2018\/09\/5b8d3c27d26f9_9dyp-yol908144_518498-150x150.jpg",150,150,true],"medium":["https:\/\/arantv.az\/wp-content\/uploads\/2018\/09\/5b8d3c27d26f9_9dyp-yol908144_518498-300x200.jpg",300,200,true],"large":["https:\/\/arantv.az\/wp-content\/uploads\/2018\/09\/5b8d3c27d26f9_9dyp-yol908144_518498.jpg",600,400,false],"1536x1536":["https:\/\/arantv.az\/wp-content\/uploads\/2018\/09\/5b8d3c27d26f9_9dyp-yol908144_518498.jpg",600,400,false],"2048x2048":["https:\/\/arantv.az\/wp-content\/uploads\/2018\/09\/5b8d3c27d26f9_9dyp-yol908144_518498.jpg",600,400,false],"post-thumbnail":["https:\/\/arantv.az\/wp-content\/uploads\/2018\/09\/5b8d3c27d26f9_9dyp-yol908144_518498-240x172.jpg",240,172,true],"advps-thumb-one":["https:\/\/arantv.az\/wp-content\/uploads\/2018\/09\/5b8d3c27d26f9_9dyp-yol908144_518498.jpg",600,400,false]},"rttpg_author":{"display_name":"V\u00fcsal Rafiqo\u011flu","author_link":"https:\/\/arantv.az\/?author=2"},"rttpg_comment":0,"rttpg_category":"<a href=\"https:\/\/arantv.az\/?cat=1\" rel=\"category\">C\u0259miyy\u0259t<\/a>","rttpg_excerpt":"Son zamanlar yol polisi avtomobill\u0259ri h\u0259r hans\u0131 qayda pozuntusuna g\u00f6r\u0259 saxlad\u0131qda s\u00fcr\u00fcc\u00fcl\u0259r s\u0259n\u0259dl\u0259ri t\u0259qdim etm\u0259k ist\u0259mirl\u0259r. ARANTV.AZ\u00a0\u00a0\u201cX\u0259z\u0259r\u201d TV-y\u0259 istinad\u0259n x\u0259b\u0259r verir ki,\u00a0Bak\u0131 \u015e\u0259h\u0259r D\u00f6vl\u0259t Yol Polisi \u0130dar\u0259sinin b\u00f6lm\u0259 r\u0259isi\u00a0Vaqif \u018fs\u0259dovun\u00a0s\u00f6zl\u0259rin\u0259 g\u00f6r\u0259, son zamanlar bel\u0259 s\u00fcr\u00fcc\u00fcl\u0259rin say\u0131nda art\u0131m m\u00fc\u015fahid\u0259 edilir. Bel\u0259 ki, s\u00fcr\u00fcc\u00fc \u201cget, \u00f6z\u00fcn yoxla\u201d dem\u0259kl\u0259 polisin i\u015fini \u00e7\u0259tinl\u0259\u015fdirdiyini d\u00fc\u015f\u00fcn\u00fcr. Amma \u0259slind\u0259, bunu etm\u0259k qada\u011fand\u0131r.&hellip;","_links":{"self":[{"href":"https:\/\/arantv.az\/index.php?rest_route=\/wp\/v2\/posts\/11108"}],"collection":[{"href":"https:\/\/arantv.az\/index.php?rest_route=\/wp\/v2\/posts"}],"about":[{"href":"https:\/\/arantv.az\/index.php?rest_route=\/wp\/v2\/types\/post"}],"author":[{"embeddable":true,"href":"https:\/\/arantv.az\/index.php?rest_route=\/wp\/v2\/users\/2"}],"replies":[{"embeddable":true,"href":"https:\/\/arantv.az\/index.php?rest_route=%2Fwp%2Fv2%2Fcomments&post=11108"}],"version-history":[{"count":0,"href":"https:\/\/arantv.az\/index.php?rest_route=\/wp\/v2\/posts\/11108\/revisions"}],"wp:featuredmedia":[{"embeddable":true,"href":"https:\/\/arantv.az\/index.php?rest_route=\/wp\/v2\/media\/11109"}],"wp:attachment":[{"href":"https:\/\/arantv.az\/index.php?rest_route=%2Fwp%2Fv2%2Fmedia&parent=11108"}],"wp:term":[{"taxonomy":"category","embeddable":true,"href":"https:\/\/arantv.az\/index.php?rest_route=%2Fwp%2Fv2%2Fcategories&post=11108"},{"taxonomy":"post_tag","embeddable":true,"href":"https:\/\/arantv.az\/index.php?rest_route=%2Fwp%2Fv2%2Ftags&post=11108"}],"curies":[{"name":"wp","href":"https:\/\/api.w.org\/{rel}","templated":true}]}}