{"id":111104,"date":"2019-12-24T13:13:48","date_gmt":"2019-12-24T10:13:48","guid":{"rendered":"http:\/\/arantv.az\/?p=111104"},"modified":"2019-12-24T13:13:48","modified_gmt":"2019-12-24T10:13:48","slug":"jeenbekov-ilham-%c9%99liyev%c9%99-z%c9%99ng-etdi","status":"publish","type":"post","link":"https:\/\/arantv.az\/?p=111104","title":{"rendered":"Jeenbekov \u0130lham \u018fliyev\u0259 z\u0259ng etdi"},"content":{"rendered":"<p>Dekabr\u0131n 24-d\u0259 Q\u0131r\u011f\u0131z\u0131stan Prezidenti Sooronbay Jeenbekov Az\u0259rbaycan Respublikas\u0131n\u0131n Prezidenti \u0130lham \u018fliyev\u0259 telefonla z\u0259ng edib.<\/p>\n<p><strong>ARANTV.AZ<\/strong> x\u0259b\u0259r verir ki, bununla ba\u011fl\u0131 Az\u0259rbaycan Prezidentinin M\u0259tbuat Xidm\u0259ti m\u0259lumat yay\u0131b.<\/p>\n<p>Q\u0131r\u011f\u0131z\u0131stan Prezidenti d\u00f6vl\u0259timizin ba\u015f\u00e7\u0131s\u0131n\u0131 ad g\u00fcn\u00fc m\u00fcnasib\u0259til\u0259 t\u0259brik edib, ona xalq\u0131m\u0131z\u0131n rifah\u0131 namin\u0259 f\u0259aliyy\u0259tind\u0259 u\u011furlar v\u0259 m\u00f6hk\u0259m cansa\u011fl\u0131\u011f\u0131 arzulay\u0131b.<\/p>\n<p>Prezident \u0130lham \u018fliyev g\u00f6st\u0259ril\u0259n diqq\u0259t\u0259 v\u0259 t\u0259brik\u0259 g\u00f6r\u0259 minn\u0259tdarl\u0131\u011f\u0131n\u0131 bildirib.<\/p>\n<p>D\u00f6vl\u0259t ba\u015f\u00e7\u0131lar\u0131 Az\u0259rbaycanla Q\u0131r\u011f\u0131z\u0131stan aras\u0131nda dostluq \u0259laq\u0259l\u0259rinin inki\u015faf\u0131ndan m\u0259mnunluqlar\u0131n\u0131 ifad\u0259 edib, \u0259m\u0259kda\u015fl\u0131\u011f\u0131m\u0131z\u0131n daha da geni\u015fl\u0259ndirilm\u0259si \u00fc\u00e7\u00fcn yax\u015f\u0131 imkanlar\u0131n oldu\u011funu vur\u011fulay\u0131blar.AZ\u018fRTAC<\/p>\n","protected":false},"excerpt":{"rendered":"<p>Dekabr\u0131n 24-d\u0259 Q\u0131r\u011f\u0131z\u0131stan Prezidenti Sooronbay Jeenbekov Az\u0259rbaycan Respublikas\u0131n\u0131n Prezidenti \u0130lham \u018fliyev\u0259 telefonla z\u0259ng edib. ARANTV.AZ x\u0259b\u0259r verir ki, bununla ba\u011fl\u0131 Az\u0259rbaycan Prezidentinin M\u0259tbuat Xidm\u0259ti m\u0259lumat yay\u0131b. Q\u0131r\u011f\u0131z\u0131stan Prezidenti d\u00f6vl\u0259timizin ba\u015f\u00e7\u0131s\u0131n\u0131 ad g\u00fcn\u00fc m\u00fcnasib\u0259til\u0259 t\u0259brik edib, ona xalq\u0131m\u0131z\u0131n rifah\u0131 namin\u0259 f\u0259aliyy\u0259tind\u0259 u\u011furlar v\u0259 m\u00f6hk\u0259m cansa\u011fl\u0131\u011f\u0131 arzulay\u0131b. Prezident \u0130lham \u018fliyev g\u00f6st\u0259ril\u0259n diqq\u0259t\u0259 v\u0259 t\u0259brik\u0259 g\u00f6r\u0259 minn\u0259tdarl\u0131\u011f\u0131n\u0131 bildirib. D\u00f6vl\u0259t ba\u015f\u00e7\u0131lar\u0131 Az\u0259rbaycanla Q\u0131r\u011f\u0131z\u0131stan aras\u0131nda dostluq \u0259laq\u0259l\u0259rinin inki\u015faf\u0131ndan m\u0259mnunluqlar\u0131n\u0131 ifad\u0259 edib, \u0259m\u0259kda\u015fl\u0131\u011f\u0131m\u0131z\u0131n daha da geni\u015fl\u0259ndirilm\u0259si \u00fc\u00e7\u00fcn yax\u015f\u0131 imkanlar\u0131n oldu\u011funu vur\u011fulay\u0131blar.AZ\u018fRTAC<\/p>\n","protected":false},"author":2,"featured_media":111105,"comment_status":"closed","ping_status":"closed","sticky":false,"template":"","format":"standard","meta":{"om_disable_all_campaigns":false,"_monsterinsights_skip_tracking":false,"_monsterinsights_sitenote_active":false,"_monsterinsights_sitenote_note":"","_monsterinsights_sitenote_category":0},"categories":[4],"tags":[],"aioseo_notices":[],"gutentor_comment":0,"rttpg_featured_image_url":{"full":["https:\/\/arantv.az\/wp-content\/uploads\/2019\/12\/15771812481619440669_1000x669.jpg",620,410,false],"landscape":["https:\/\/arantv.az\/wp-content\/uploads\/2019\/12\/15771812481619440669_1000x669.jpg",620,410,false],"portraits":["https:\/\/arantv.az\/wp-content\/uploads\/2019\/12\/15771812481619440669_1000x669.jpg",620,410,false],"thumbnail":["https:\/\/arantv.az\/wp-content\/uploads\/2019\/12\/15771812481619440669_1000x669-150x150.jpg",150,150,true],"medium":["https:\/\/arantv.az\/wp-content\/uploads\/2019\/12\/15771812481619440669_1000x669-300x198.jpg",300,198,true],"large":["https:\/\/arantv.az\/wp-content\/uploads\/2019\/12\/15771812481619440669_1000x669.jpg",620,410,false],"1536x1536":["https:\/\/arantv.az\/wp-content\/uploads\/2019\/12\/15771812481619440669_1000x669.jpg",620,410,false],"2048x2048":["https:\/\/arantv.az\/wp-content\/uploads\/2019\/12\/15771812481619440669_1000x669.jpg",620,410,false],"post-thumbnail":["https:\/\/arantv.az\/wp-content\/uploads\/2019\/12\/15771812481619440669_1000x669-240x172.jpg",240,172,true],"advps-thumb-one":["https:\/\/arantv.az\/wp-content\/uploads\/2019\/12\/15771812481619440669_1000x669.jpg",620,410,false]},"rttpg_author":{"display_name":"V\u00fcsal Rafiqo\u011flu","author_link":"https:\/\/arantv.az\/?author=2"},"rttpg_comment":0,"rttpg_category":"<a href=\"https:\/\/arantv.az\/?cat=4\" rel=\"category\">Siyas\u0259t<\/a>","rttpg_excerpt":"Dekabr\u0131n 24-d\u0259 Q\u0131r\u011f\u0131z\u0131stan Prezidenti Sooronbay Jeenbekov Az\u0259rbaycan Respublikas\u0131n\u0131n Prezidenti \u0130lham \u018fliyev\u0259 telefonla z\u0259ng edib. ARANTV.AZ x\u0259b\u0259r verir ki, bununla ba\u011fl\u0131 Az\u0259rbaycan Prezidentinin M\u0259tbuat Xidm\u0259ti m\u0259lumat yay\u0131b. Q\u0131r\u011f\u0131z\u0131stan Prezidenti d\u00f6vl\u0259timizin ba\u015f\u00e7\u0131s\u0131n\u0131 ad g\u00fcn\u00fc m\u00fcnasib\u0259til\u0259 t\u0259brik edib, ona xalq\u0131m\u0131z\u0131n rifah\u0131 namin\u0259 f\u0259aliyy\u0259tind\u0259 u\u011furlar v\u0259 m\u00f6hk\u0259m cansa\u011fl\u0131\u011f\u0131 arzulay\u0131b. Prezident \u0130lham \u018fliyev g\u00f6st\u0259ril\u0259n diqq\u0259t\u0259 v\u0259 t\u0259brik\u0259 g\u00f6r\u0259 minn\u0259tdarl\u0131\u011f\u0131n\u0131 bildirib.&hellip;","_links":{"self":[{"href":"https:\/\/arantv.az\/index.php?rest_route=\/wp\/v2\/posts\/111104"}],"collection":[{"href":"https:\/\/arantv.az\/index.php?rest_route=\/wp\/v2\/posts"}],"about":[{"href":"https:\/\/arantv.az\/index.php?rest_route=\/wp\/v2\/types\/post"}],"author":[{"embeddable":true,"href":"https:\/\/arantv.az\/index.php?rest_route=\/wp\/v2\/users\/2"}],"replies":[{"embeddable":true,"href":"https:\/\/arantv.az\/index.php?rest_route=%2Fwp%2Fv2%2Fcomments&post=111104"}],"version-history":[{"count":0,"href":"https:\/\/arantv.az\/index.php?rest_route=\/wp\/v2\/posts\/111104\/revisions"}],"wp:featuredmedia":[{"embeddable":true,"href":"https:\/\/arantv.az\/index.php?rest_route=\/wp\/v2\/media\/111105"}],"wp:attachment":[{"href":"https:\/\/arantv.az\/index.php?rest_route=%2Fwp%2Fv2%2Fmedia&parent=111104"}],"wp:term":[{"taxonomy":"category","embeddable":true,"href":"https:\/\/arantv.az\/index.php?rest_route=%2Fwp%2Fv2%2Fcategories&post=111104"},{"taxonomy":"post_tag","embeddable":true,"href":"https:\/\/arantv.az\/index.php?rest_route=%2Fwp%2Fv2%2Ftags&post=111104"}],"curies":[{"name":"wp","href":"https:\/\/api.w.org\/{rel}","templated":true}]}}