{"id":111124,"date":"2019-12-24T13:25:03","date_gmt":"2019-12-24T10:25:03","guid":{"rendered":"http:\/\/arantv.az\/?p=111124"},"modified":"2019-12-24T13:25:03","modified_gmt":"2019-12-24T10:25:03","slug":"ilham-%c9%99liyev-%c9%99rdoganla-telefonla-danisdi","status":"publish","type":"post","link":"https:\/\/arantv.az\/?p=111124","title":{"rendered":"\u0130lham \u018fliyev \u018frdo\u011fanla telefonla dan\u0131\u015fd\u0131"},"content":{"rendered":"<p>T\u00fcrkiy\u0259 Respublikas\u0131n\u0131n Prezidenti R\u0259c\u0259b Tayyib \u018frdo\u011fan dekabr\u0131n 24-d\u0259 Az\u0259rbaycan Respublikas\u0131n\u0131n Prezidenti \u0130lham \u018fliyev\u0259 telefonla z\u0259ng edib.<\/p>\n<p><strong>ARANTV.AZ<\/strong> x\u0259b\u0259r verir ki, bununla ba\u011fl\u0131 Az\u0259rbaycan Prezidentinin M\u0259tbuat Xidm\u0259ti m\u0259lumat yay\u0131b.<\/p>\n<p>R\u0259c\u0259b Tayyib \u018frdo\u011fan Prezident \u0130lham \u018fliyevi ad g\u00fcn\u00fc m\u00fcnasib\u0259til\u0259 t\u0259brik edib, ona Az\u0259rbaycan xalq\u0131n\u0131n rifah\u0131 v\u0259 t\u0259r\u0259qqisi namin\u0259 f\u0259aliyy\u0259tind\u0259 yeni-yeni u\u011furlar v\u0259 m\u00f6hk\u0259m cansa\u011fl\u0131\u011f\u0131 arzulay\u0131b.<\/p>\n<p>Prezident \u0130lham \u018fliyev g\u00f6st\u0259ril\u0259n diqq\u0259t\u0259 v\u0259 t\u0259brik\u0259 g\u00f6r\u0259 minn\u0259tdarl\u0131\u011f\u0131n\u0131 bildirib.<\/p>\n<p>R\u0259c\u0259b Tayyib \u018frdo\u011fan v\u0259 \u0130lham \u018fliyev iki \u00f6lk\u0259nin d\u00f6vl\u0259t ba\u015f\u00e7\u0131lar\u0131 aras\u0131nda ke\u00e7iril\u0259n g\u00f6r\u00fc\u015fl\u0259rin \u0259laq\u0259l\u0259rimizin inki\u015faf\u0131ndak\u0131 rolunu x\u00fcsusi qeyd edibl\u0259r. Prezidentl\u0259r \u00f6lk\u0259l\u0259rimiz aras\u0131nda dostluq v\u0259 qarda\u015fl\u0131q m\u00fcnasib\u0259tl\u0259rinin b\u00fct\u00fcn sah\u0259l\u0259rd\u0259 bundan sonra da inki\u015faf ed\u0259c\u0259yin\u0259 \u0259minlikl\u0259rini bildiribl\u0259r.AZ\u018fRTAC<\/p>\n","protected":false},"excerpt":{"rendered":"<p>T\u00fcrkiy\u0259 Respublikas\u0131n\u0131n Prezidenti R\u0259c\u0259b Tayyib \u018frdo\u011fan dekabr\u0131n 24-d\u0259 Az\u0259rbaycan Respublikas\u0131n\u0131n Prezidenti \u0130lham \u018fliyev\u0259 telefonla z\u0259ng edib. ARANTV.AZ x\u0259b\u0259r verir ki, bununla ba\u011fl\u0131 Az\u0259rbaycan Prezidentinin M\u0259tbuat Xidm\u0259ti m\u0259lumat yay\u0131b. R\u0259c\u0259b Tayyib \u018frdo\u011fan Prezident \u0130lham \u018fliyevi ad g\u00fcn\u00fc m\u00fcnasib\u0259til\u0259 t\u0259brik edib, ona Az\u0259rbaycan xalq\u0131n\u0131n rifah\u0131 v\u0259 t\u0259r\u0259qqisi namin\u0259 f\u0259aliyy\u0259tind\u0259 yeni-yeni u\u011furlar v\u0259 m\u00f6hk\u0259m cansa\u011fl\u0131\u011f\u0131 arzulay\u0131b. Prezident \u0130lham \u018fliyev g\u00f6st\u0259ril\u0259n diqq\u0259t\u0259 v\u0259 t\u0259brik\u0259 g\u00f6r\u0259 minn\u0259tdarl\u0131\u011f\u0131n\u0131 bildirib. R\u0259c\u0259b Tayyib \u018frdo\u011fan v\u0259 \u0130lham \u018fliyev iki \u00f6lk\u0259nin d\u00f6vl\u0259t ba\u015f\u00e7\u0131lar\u0131 aras\u0131nda ke\u00e7iril\u0259n g\u00f6r\u00fc\u015fl\u0259rin \u0259laq\u0259l\u0259rimizin inki\u015faf\u0131ndak\u0131 rolunu x\u00fcsusi qeyd edibl\u0259r. Prezidentl\u0259r \u00f6lk\u0259l\u0259rimiz aras\u0131nda dostluq v\u0259 qarda\u015fl\u0131q m\u00fcnasib\u0259tl\u0259rinin b\u00fct\u00fcn&hellip;<\/p>\n","protected":false},"author":2,"featured_media":111125,"comment_status":"closed","ping_status":"closed","sticky":false,"template":"","format":"standard","meta":{"om_disable_all_campaigns":false,"_monsterinsights_skip_tracking":false,"_monsterinsights_sitenote_active":false,"_monsterinsights_sitenote_note":"","_monsterinsights_sitenote_category":0},"categories":[4],"tags":[],"aioseo_notices":[],"gutentor_comment":0,"rttpg_featured_image_url":{"full":["https:\/\/arantv.az\/wp-content\/uploads\/2019\/12\/15771813345268922406_1000x669.jpg",620,448,false],"landscape":["https:\/\/arantv.az\/wp-content\/uploads\/2019\/12\/15771813345268922406_1000x669.jpg",620,448,false],"portraits":["https:\/\/arantv.az\/wp-content\/uploads\/2019\/12\/15771813345268922406_1000x669.jpg",620,448,false],"thumbnail":["https:\/\/arantv.az\/wp-content\/uploads\/2019\/12\/15771813345268922406_1000x669-150x150.jpg",150,150,true],"medium":["https:\/\/arantv.az\/wp-content\/uploads\/2019\/12\/15771813345268922406_1000x669-300x217.jpg",300,217,true],"large":["https:\/\/arantv.az\/wp-content\/uploads\/2019\/12\/15771813345268922406_1000x669.jpg",620,448,false],"1536x1536":["https:\/\/arantv.az\/wp-content\/uploads\/2019\/12\/15771813345268922406_1000x669.jpg",620,448,false],"2048x2048":["https:\/\/arantv.az\/wp-content\/uploads\/2019\/12\/15771813345268922406_1000x669.jpg",620,448,false],"post-thumbnail":["https:\/\/arantv.az\/wp-content\/uploads\/2019\/12\/15771813345268922406_1000x669-240x172.jpg",240,172,true],"advps-thumb-one":["https:\/\/arantv.az\/wp-content\/uploads\/2019\/12\/15771813345268922406_1000x669.jpg",620,448,false]},"rttpg_author":{"display_name":"V\u00fcsal Rafiqo\u011flu","author_link":"https:\/\/arantv.az\/?author=2"},"rttpg_comment":0,"rttpg_category":"<a href=\"https:\/\/arantv.az\/?cat=4\" rel=\"category\">Siyas\u0259t<\/a>","rttpg_excerpt":"T\u00fcrkiy\u0259 Respublikas\u0131n\u0131n Prezidenti R\u0259c\u0259b Tayyib \u018frdo\u011fan dekabr\u0131n 24-d\u0259 Az\u0259rbaycan Respublikas\u0131n\u0131n Prezidenti \u0130lham \u018fliyev\u0259 telefonla z\u0259ng edib. ARANTV.AZ x\u0259b\u0259r verir ki, bununla ba\u011fl\u0131 Az\u0259rbaycan Prezidentinin M\u0259tbuat Xidm\u0259ti m\u0259lumat yay\u0131b. R\u0259c\u0259b Tayyib \u018frdo\u011fan Prezident \u0130lham \u018fliyevi ad g\u00fcn\u00fc m\u00fcnasib\u0259til\u0259 t\u0259brik edib, ona Az\u0259rbaycan xalq\u0131n\u0131n rifah\u0131 v\u0259 t\u0259r\u0259qqisi namin\u0259 f\u0259aliyy\u0259tind\u0259 yeni-yeni u\u011furlar v\u0259 m\u00f6hk\u0259m cansa\u011fl\u0131\u011f\u0131 arzulay\u0131b. Prezident \u0130lham&hellip;","_links":{"self":[{"href":"https:\/\/arantv.az\/index.php?rest_route=\/wp\/v2\/posts\/111124"}],"collection":[{"href":"https:\/\/arantv.az\/index.php?rest_route=\/wp\/v2\/posts"}],"about":[{"href":"https:\/\/arantv.az\/index.php?rest_route=\/wp\/v2\/types\/post"}],"author":[{"embeddable":true,"href":"https:\/\/arantv.az\/index.php?rest_route=\/wp\/v2\/users\/2"}],"replies":[{"embeddable":true,"href":"https:\/\/arantv.az\/index.php?rest_route=%2Fwp%2Fv2%2Fcomments&post=111124"}],"version-history":[{"count":0,"href":"https:\/\/arantv.az\/index.php?rest_route=\/wp\/v2\/posts\/111124\/revisions"}],"wp:featuredmedia":[{"embeddable":true,"href":"https:\/\/arantv.az\/index.php?rest_route=\/wp\/v2\/media\/111125"}],"wp:attachment":[{"href":"https:\/\/arantv.az\/index.php?rest_route=%2Fwp%2Fv2%2Fmedia&parent=111124"}],"wp:term":[{"taxonomy":"category","embeddable":true,"href":"https:\/\/arantv.az\/index.php?rest_route=%2Fwp%2Fv2%2Fcategories&post=111124"},{"taxonomy":"post_tag","embeddable":true,"href":"https:\/\/arantv.az\/index.php?rest_route=%2Fwp%2Fv2%2Ftags&post=111124"}],"curies":[{"name":"wp","href":"https:\/\/api.w.org\/{rel}","templated":true}]}}