{"id":111128,"date":"2019-12-24T13:27:33","date_gmt":"2019-12-24T10:27:33","guid":{"rendered":"http:\/\/arantv.az\/?p=111128"},"modified":"2019-12-24T13:27:33","modified_gmt":"2019-12-24T10:27:33","slug":"t%c9%99hsil-naziri-m%c9%99kt%c9%99blil%c9%99rin-bayram-t%c9%99tili-gunl%c9%99rini-aciqladi","status":"publish","type":"post","link":"https:\/\/arantv.az\/?p=111128","title":{"rendered":"T\u0259hsil naziri m\u0259kt\u0259blil\u0259rin bayram t\u0259tili g\u00fcnl\u0259rini a\u00e7\u0131qlad\u0131"},"content":{"rendered":"<p>\u00dcmumt\u0259hsil m\u00fc\u0259ssis\u0259l\u0259rind\u0259 t\u0259dris h\u00f6kum\u0259tin q\u0259rar\u0131na \u0259sas\u0259n t\u0259\u015fkil olunacaq.<\/p>\n<p><b>ARANTV.AZ<\/b>-\u0131n m\u0259lumat\u0131na g\u00f6r\u0259, bunu jurnalistl\u0259r\u0259 a\u00e7\u0131qlamas\u0131nda T\u0259hsil naziri Ceyhun Bayramov bildirib.<\/p>\n<p>Onun s\u00f6zl\u0259rin\u0259 g\u00f6r\u0259, istirah\u0259t g\u00fcnl\u0259rinin davaml\u0131l\u0131\u011f\u0131n\u0131 t\u0259min etm\u0259k \u00fc\u00e7\u00fcn Nazirl\u0259r Kabineti t\u0259r\u0259find\u0259n Yeni il \u0259r\u0259f\u0259sind\u0259 bu h\u0259ft\u0259nin \u015f\u0259nb\u0259 v\u0259 bazar g\u00fcnl\u0259ri i\u015f g\u00fcnl\u0259ri elan edilib:<\/p>\n<p>\u201cYanvar\u0131n 6-s\u0131 da daxil olmaqla \u00f6lk\u0259d\u0259 qeyri-i\u015f g\u00fcnl\u0259ri olacaq\u201d.<\/p>\n<p>Nazir qeyd edib ki, \u00fcmumt\u0259hsil m\u00fc\u0259ssis\u0259l\u0259rind\u0259 t\u0259dris Nazirl\u0259r Kabinetinin q\u0259rar\u0131na \u0259sas\u0259n t\u0259\u015fkil olunacaq.Oxu.Az<\/p>\n","protected":false},"excerpt":{"rendered":"<p>\u00dcmumt\u0259hsil m\u00fc\u0259ssis\u0259l\u0259rind\u0259 t\u0259dris h\u00f6kum\u0259tin q\u0259rar\u0131na \u0259sas\u0259n t\u0259\u015fkil olunacaq. ARANTV.AZ-\u0131n m\u0259lumat\u0131na g\u00f6r\u0259, bunu jurnalistl\u0259r\u0259 a\u00e7\u0131qlamas\u0131nda T\u0259hsil naziri Ceyhun Bayramov bildirib. Onun s\u00f6zl\u0259rin\u0259 g\u00f6r\u0259, istirah\u0259t g\u00fcnl\u0259rinin davaml\u0131l\u0131\u011f\u0131n\u0131 t\u0259min etm\u0259k \u00fc\u00e7\u00fcn Nazirl\u0259r Kabineti t\u0259r\u0259find\u0259n Yeni il \u0259r\u0259f\u0259sind\u0259 bu h\u0259ft\u0259nin \u015f\u0259nb\u0259 v\u0259 bazar g\u00fcnl\u0259ri i\u015f g\u00fcnl\u0259ri elan edilib: \u201cYanvar\u0131n 6-s\u0131 da daxil olmaqla \u00f6lk\u0259d\u0259 qeyri-i\u015f g\u00fcnl\u0259ri olacaq\u201d. Nazir qeyd edib ki, \u00fcmumt\u0259hsil m\u00fc\u0259ssis\u0259l\u0259rind\u0259 t\u0259dris Nazirl\u0259r Kabinetinin q\u0259rar\u0131na \u0259sas\u0259n t\u0259\u015fkil olunacaq.Oxu.Az<\/p>\n","protected":false},"author":2,"featured_media":111129,"comment_status":"closed","ping_status":"closed","sticky":false,"template":"","format":"standard","meta":{"om_disable_all_campaigns":false,"_monsterinsights_skip_tracking":false,"_monsterinsights_sitenote_active":false,"_monsterinsights_sitenote_note":"","_monsterinsights_sitenote_category":0},"categories":[1],"tags":[],"aioseo_notices":[],"gutentor_comment":0,"rttpg_featured_image_url":{"full":["https:\/\/arantv.az\/wp-content\/uploads\/2019\/12\/FotoJet-11.jpg",620,439,false],"landscape":["https:\/\/arantv.az\/wp-content\/uploads\/2019\/12\/FotoJet-11.jpg",620,439,false],"portraits":["https:\/\/arantv.az\/wp-content\/uploads\/2019\/12\/FotoJet-11.jpg",620,439,false],"thumbnail":["https:\/\/arantv.az\/wp-content\/uploads\/2019\/12\/FotoJet-11-150x150.jpg",150,150,true],"medium":["https:\/\/arantv.az\/wp-content\/uploads\/2019\/12\/FotoJet-11-300x212.jpg",300,212,true],"large":["https:\/\/arantv.az\/wp-content\/uploads\/2019\/12\/FotoJet-11.jpg",620,439,false],"1536x1536":["https:\/\/arantv.az\/wp-content\/uploads\/2019\/12\/FotoJet-11.jpg",620,439,false],"2048x2048":["https:\/\/arantv.az\/wp-content\/uploads\/2019\/12\/FotoJet-11.jpg",620,439,false],"post-thumbnail":["https:\/\/arantv.az\/wp-content\/uploads\/2019\/12\/FotoJet-11-240x172.jpg",240,172,true],"advps-thumb-one":["https:\/\/arantv.az\/wp-content\/uploads\/2019\/12\/FotoJet-11.jpg",620,439,false]},"rttpg_author":{"display_name":"V\u00fcsal Rafiqo\u011flu","author_link":"https:\/\/arantv.az\/?author=2"},"rttpg_comment":0,"rttpg_category":"<a href=\"https:\/\/arantv.az\/?cat=1\" rel=\"category\">C\u0259miyy\u0259t<\/a>","rttpg_excerpt":"\u00dcmumt\u0259hsil m\u00fc\u0259ssis\u0259l\u0259rind\u0259 t\u0259dris h\u00f6kum\u0259tin q\u0259rar\u0131na \u0259sas\u0259n t\u0259\u015fkil olunacaq. ARANTV.AZ-\u0131n m\u0259lumat\u0131na g\u00f6r\u0259, bunu jurnalistl\u0259r\u0259 a\u00e7\u0131qlamas\u0131nda T\u0259hsil naziri Ceyhun Bayramov bildirib. Onun s\u00f6zl\u0259rin\u0259 g\u00f6r\u0259, istirah\u0259t g\u00fcnl\u0259rinin davaml\u0131l\u0131\u011f\u0131n\u0131 t\u0259min etm\u0259k \u00fc\u00e7\u00fcn Nazirl\u0259r Kabineti t\u0259r\u0259find\u0259n Yeni il \u0259r\u0259f\u0259sind\u0259 bu h\u0259ft\u0259nin \u015f\u0259nb\u0259 v\u0259 bazar g\u00fcnl\u0259ri i\u015f g\u00fcnl\u0259ri elan edilib: \u201cYanvar\u0131n 6-s\u0131 da daxil olmaqla \u00f6lk\u0259d\u0259 qeyri-i\u015f g\u00fcnl\u0259ri olacaq\u201d. Nazir qeyd&hellip;","_links":{"self":[{"href":"https:\/\/arantv.az\/index.php?rest_route=\/wp\/v2\/posts\/111128"}],"collection":[{"href":"https:\/\/arantv.az\/index.php?rest_route=\/wp\/v2\/posts"}],"about":[{"href":"https:\/\/arantv.az\/index.php?rest_route=\/wp\/v2\/types\/post"}],"author":[{"embeddable":true,"href":"https:\/\/arantv.az\/index.php?rest_route=\/wp\/v2\/users\/2"}],"replies":[{"embeddable":true,"href":"https:\/\/arantv.az\/index.php?rest_route=%2Fwp%2Fv2%2Fcomments&post=111128"}],"version-history":[{"count":0,"href":"https:\/\/arantv.az\/index.php?rest_route=\/wp\/v2\/posts\/111128\/revisions"}],"wp:featuredmedia":[{"embeddable":true,"href":"https:\/\/arantv.az\/index.php?rest_route=\/wp\/v2\/media\/111129"}],"wp:attachment":[{"href":"https:\/\/arantv.az\/index.php?rest_route=%2Fwp%2Fv2%2Fmedia&parent=111128"}],"wp:term":[{"taxonomy":"category","embeddable":true,"href":"https:\/\/arantv.az\/index.php?rest_route=%2Fwp%2Fv2%2Fcategories&post=111128"},{"taxonomy":"post_tag","embeddable":true,"href":"https:\/\/arantv.az\/index.php?rest_route=%2Fwp%2Fv2%2Ftags&post=111128"}],"curies":[{"name":"wp","href":"https:\/\/api.w.org\/{rel}","templated":true}]}}