{"id":111148,"date":"2019-12-24T13:43:35","date_gmt":"2019-12-24T10:43:35","guid":{"rendered":"http:\/\/arantv.az\/?p=111148"},"modified":"2019-12-24T13:43:35","modified_gmt":"2019-12-24T10:43:35","slug":"az%c9%99rbaycan-bali-avropaya-da-ayaq-aca-bil%c9%99r","status":"publish","type":"post","link":"https:\/\/arantv.az\/?p=111148","title":{"rendered":"Az\u0259rbaycan bal\u0131 Avropaya da ayaq a\u00e7a bil\u0259r"},"content":{"rendered":"<p>\u201cAvropa \u0130ttifaq\u0131\u00a0bir s\u0131ra \u00f6lk\u0259l\u0259rd\u0259n, o c\u00fcml\u0259d\u0259n Az\u0259rbaycandan heyvan m\u0259n\u015f\u0259li qida\u00a0m\u0259hsullar\u0131n\u00a0ixrac\u0131 zaman\u0131 onlar\u0131n m\u00fc\u0259yy\u0259n\u00a0standartlara uy\u011funlu\u011fu\u00a0t\u0259l\u0259b edir.\u00a0 Bu is\u0259 heyvan m\u0259n\u015f\u0259li m\u0259hsullar\u0131n Avropa \u0130ttifaq\u0131 \u00f6lk\u0259l\u0259rin\u0259 ixrac\u0131n\u0131 \u00e7\u0259tinl\u0259\u015fdirir&#8221;.<\/p>\n<p><strong>Bunu Az\u0259rbaycan Ar\u0131\u00e7\u0131lar Assosiasiyas\u0131n\u0131n s\u0259dri\u00a0B\u0259dr\u0259ddin H\u0259sr\u0259tov\u00a0bildirib.<\/strong><\/p>\n<p>Onun s\u00f6zl\u0259rin\u0259 g\u00f6r\u0259, Az\u0259rbaycan Qida T\u0259hl\u00fck\u0259sizliyi Agentliyi (AQTA) Az\u0259rbaycandan Avropa \u0130ttifaq\u0131na heyvan m\u0259n\u015f\u0259li qida m\u0259hsullar\u0131n\u0131n ixrac\u0131n\u0131n asanla\u015fd\u0131r\u0131lmas\u0131 \u00fc\u00e7\u00fcn i\u015fl\u0259r h\u0259yata ke\u00e7irir: &#8220;AQTA\u00a0Avropa \u0130ttifaq\u0131na m\u00fcraci\u0259t etm\u0259yi planla\u015fd\u0131r\u0131r. Biz is\u0259 AQTA-ya m\u00fcraci\u0259t etmi\u015fik ki, qada\u011fas\u0131 aradan g\u00f6t\u00fcr\u00fcl\u0259c\u0259k m\u0259hsullar\u0131n s\u0131ras\u0131na bal da daxil edilsin\u201d.<\/p>\n<p>B. H\u0259sr\u0259tov vur\u011fulay\u0131b ki, Avropa \u0130ttifaq\u0131n\u0131n heyvan m\u0259n\u015f\u0259li qidalara qada\u011fa t\u0259tbiq etm\u0259si \u0259dal\u0259tsizdir: \u201cM\u0259hdudiyy\u0259t aradan g\u00f6t\u00fcr\u00fcld\u00fcy\u00fc t\u0259qdird\u0259 bal\u0131m\u0131z\u0131 Avropa \u00f6lk\u0259l\u0259rind\u0259 tan\u0131da bil\u0259rik. Az\u0259rbaycan bal\u0131n\u0131 \u201cPremium\u201d bal kimi tan\u0131tmaq laz\u0131md\u0131r. \u00c7\u00fcnki bizim bal t\u0259biidir v\u0259 t\u0259bi\u0259td\u0259n al\u0131n\u0131r\u201d.<\/p>\n<p>Xat\u0131rladaq ki, Az\u0259rbaycan art\u0131q xaric\u0259 bal ixrac etm\u0259y\u0259 ba\u015flay\u0131b. Bu il Yaponiyaya\u00a08\u00a0ton, Birl\u0259\u015fmi\u015f \u018fr\u0259b \u018fmirlikl\u0259rin\u0259\u00a03\u00a0ton, Dubaya is\u0259\u00a04\u00a0tona yax\u0131n bal g\u00f6nd\u0259rilib. Haz\u0131rda is\u0259 \u0130ordaniya il\u0259 dan\u0131\u015f\u0131qlar apar\u0131l\u0131r. (Report)<\/p>\n","protected":false},"excerpt":{"rendered":"<p>\u201cAvropa \u0130ttifaq\u0131\u00a0bir s\u0131ra \u00f6lk\u0259l\u0259rd\u0259n, o c\u00fcml\u0259d\u0259n Az\u0259rbaycandan heyvan m\u0259n\u015f\u0259li qida\u00a0m\u0259hsullar\u0131n\u00a0ixrac\u0131 zaman\u0131 onlar\u0131n m\u00fc\u0259yy\u0259n\u00a0standartlara uy\u011funlu\u011fu\u00a0t\u0259l\u0259b edir.\u00a0 Bu is\u0259 heyvan m\u0259n\u015f\u0259li m\u0259hsullar\u0131n Avropa \u0130ttifaq\u0131 \u00f6lk\u0259l\u0259rin\u0259 ixrac\u0131n\u0131 \u00e7\u0259tinl\u0259\u015fdirir&#8221;. Bunu Az\u0259rbaycan Ar\u0131\u00e7\u0131lar Assosiasiyas\u0131n\u0131n s\u0259dri\u00a0B\u0259dr\u0259ddin H\u0259sr\u0259tov\u00a0bildirib. Onun s\u00f6zl\u0259rin\u0259 g\u00f6r\u0259, Az\u0259rbaycan Qida T\u0259hl\u00fck\u0259sizliyi Agentliyi (AQTA) Az\u0259rbaycandan Avropa \u0130ttifaq\u0131na heyvan m\u0259n\u015f\u0259li qida m\u0259hsullar\u0131n\u0131n ixrac\u0131n\u0131n asanla\u015fd\u0131r\u0131lmas\u0131 \u00fc\u00e7\u00fcn i\u015fl\u0259r h\u0259yata ke\u00e7irir: &#8220;AQTA\u00a0Avropa \u0130ttifaq\u0131na m\u00fcraci\u0259t etm\u0259yi planla\u015fd\u0131r\u0131r. Biz is\u0259 AQTA-ya m\u00fcraci\u0259t etmi\u015fik ki, qada\u011fas\u0131 aradan g\u00f6t\u00fcr\u00fcl\u0259c\u0259k m\u0259hsullar\u0131n s\u0131ras\u0131na bal da daxil edilsin\u201d. B. H\u0259sr\u0259tov vur\u011fulay\u0131b ki, Avropa \u0130ttifaq\u0131n\u0131n heyvan m\u0259n\u015f\u0259li qidalara qada\u011fa t\u0259tbiq etm\u0259si \u0259dal\u0259tsizdir: \u201cM\u0259hdudiyy\u0259t aradan g\u00f6t\u00fcr\u00fcld\u00fcy\u00fc t\u0259qdird\u0259 bal\u0131m\u0131z\u0131&hellip;<\/p>\n","protected":false},"author":2,"featured_media":111149,"comment_status":"closed","ping_status":"closed","sticky":false,"template":"","format":"standard","meta":{"om_disable_all_campaigns":false,"_monsterinsights_skip_tracking":false,"_monsterinsights_sitenote_active":false,"_monsterinsights_sitenote_note":"","_monsterinsights_sitenote_category":0},"categories":[19],"tags":[],"aioseo_notices":[],"gutentor_comment":0,"rttpg_featured_image_url":{"full":["https:\/\/arantv.az\/wp-content\/uploads\/2019\/12\/76383b34155108350898883344310375208.jpg",975,540,false],"landscape":["https:\/\/arantv.az\/wp-content\/uploads\/2019\/12\/76383b34155108350898883344310375208.jpg",975,540,false],"portraits":["https:\/\/arantv.az\/wp-content\/uploads\/2019\/12\/76383b34155108350898883344310375208.jpg",975,540,false],"thumbnail":["https:\/\/arantv.az\/wp-content\/uploads\/2019\/12\/76383b34155108350898883344310375208-150x150.jpg",150,150,true],"medium":["https:\/\/arantv.az\/wp-content\/uploads\/2019\/12\/76383b34155108350898883344310375208-300x166.jpg",300,166,true],"large":["https:\/\/arantv.az\/wp-content\/uploads\/2019\/12\/76383b34155108350898883344310375208.jpg",640,354,false],"1536x1536":["https:\/\/arantv.az\/wp-content\/uploads\/2019\/12\/76383b34155108350898883344310375208.jpg",975,540,false],"2048x2048":["https:\/\/arantv.az\/wp-content\/uploads\/2019\/12\/76383b34155108350898883344310375208.jpg",975,540,false],"post-thumbnail":["https:\/\/arantv.az\/wp-content\/uploads\/2019\/12\/76383b34155108350898883344310375208-240x172.jpg",240,172,true],"advps-thumb-one":["https:\/\/arantv.az\/wp-content\/uploads\/2019\/12\/76383b34155108350898883344310375208.jpg",975,540,false]},"rttpg_author":{"display_name":"V\u00fcsal Rafiqo\u011flu","author_link":"https:\/\/arantv.az\/?author=2"},"rttpg_comment":0,"rttpg_category":"<a href=\"https:\/\/arantv.az\/?cat=19\" rel=\"category\">G\u00fcnd\u0259m<\/a>","rttpg_excerpt":"\u201cAvropa \u0130ttifaq\u0131\u00a0bir s\u0131ra \u00f6lk\u0259l\u0259rd\u0259n, o c\u00fcml\u0259d\u0259n Az\u0259rbaycandan heyvan m\u0259n\u015f\u0259li qida\u00a0m\u0259hsullar\u0131n\u00a0ixrac\u0131 zaman\u0131 onlar\u0131n m\u00fc\u0259yy\u0259n\u00a0standartlara uy\u011funlu\u011fu\u00a0t\u0259l\u0259b edir.\u00a0 Bu is\u0259 heyvan m\u0259n\u015f\u0259li m\u0259hsullar\u0131n Avropa \u0130ttifaq\u0131 \u00f6lk\u0259l\u0259rin\u0259 ixrac\u0131n\u0131 \u00e7\u0259tinl\u0259\u015fdirir&#8221;. Bunu Az\u0259rbaycan Ar\u0131\u00e7\u0131lar Assosiasiyas\u0131n\u0131n s\u0259dri\u00a0B\u0259dr\u0259ddin H\u0259sr\u0259tov\u00a0bildirib. Onun s\u00f6zl\u0259rin\u0259 g\u00f6r\u0259, Az\u0259rbaycan Qida T\u0259hl\u00fck\u0259sizliyi Agentliyi (AQTA) Az\u0259rbaycandan Avropa \u0130ttifaq\u0131na heyvan m\u0259n\u015f\u0259li qida m\u0259hsullar\u0131n\u0131n ixrac\u0131n\u0131n asanla\u015fd\u0131r\u0131lmas\u0131 \u00fc\u00e7\u00fcn i\u015fl\u0259r h\u0259yata ke\u00e7irir: &#8220;AQTA\u00a0Avropa \u0130ttifaq\u0131na m\u00fcraci\u0259t&hellip;","_links":{"self":[{"href":"https:\/\/arantv.az\/index.php?rest_route=\/wp\/v2\/posts\/111148"}],"collection":[{"href":"https:\/\/arantv.az\/index.php?rest_route=\/wp\/v2\/posts"}],"about":[{"href":"https:\/\/arantv.az\/index.php?rest_route=\/wp\/v2\/types\/post"}],"author":[{"embeddable":true,"href":"https:\/\/arantv.az\/index.php?rest_route=\/wp\/v2\/users\/2"}],"replies":[{"embeddable":true,"href":"https:\/\/arantv.az\/index.php?rest_route=%2Fwp%2Fv2%2Fcomments&post=111148"}],"version-history":[{"count":0,"href":"https:\/\/arantv.az\/index.php?rest_route=\/wp\/v2\/posts\/111148\/revisions"}],"wp:featuredmedia":[{"embeddable":true,"href":"https:\/\/arantv.az\/index.php?rest_route=\/wp\/v2\/media\/111149"}],"wp:attachment":[{"href":"https:\/\/arantv.az\/index.php?rest_route=%2Fwp%2Fv2%2Fmedia&parent=111148"}],"wp:term":[{"taxonomy":"category","embeddable":true,"href":"https:\/\/arantv.az\/index.php?rest_route=%2Fwp%2Fv2%2Fcategories&post=111148"},{"taxonomy":"post_tag","embeddable":true,"href":"https:\/\/arantv.az\/index.php?rest_route=%2Fwp%2Fv2%2Ftags&post=111148"}],"curies":[{"name":"wp","href":"https:\/\/api.w.org\/{rel}","templated":true}]}}