{"id":111156,"date":"2019-12-24T13:48:59","date_gmt":"2019-12-24T10:48:59","guid":{"rendered":"http:\/\/arantv.az\/?p=111156"},"modified":"2019-12-24T13:48:59","modified_gmt":"2019-12-24T10:48:59","slug":"seyran-ismayilxanov-gunahsiz-qurbani-olan-usaqlarin-xatir%c9%99sin%c9%99-klip-c%c9%99kdi-in-der-heiligen-nacht-video","status":"publish","type":"post","link":"https:\/\/arantv.az\/?p=111156","title":{"rendered":"Seyran \u0130smay\u0131lxanov g\u00fcnahs\u0131z qurban\u0131 olan u\u015faqlar\u0131n xatir\u0259sin\u0259 klip \u00e7\u0259kdi: &#8221; In der Heiligen Nacht&#8221; &#8211; V\u0130DEO"},"content":{"rendered":"<p>Almaniyada ya\u015fayan h\u0259myerlimiz m\u00fc\u011f\u0259nni Seyran \u0130smay\u0131lxanov yeni klipini t\u0259qdim edib. <strong>ARANTV.AZ<\/strong> x\u0259b\u0259r verir ki, klip m\u00fc\u011f\u0259nninin m\u00fc\u0259llifi oldu\u011fu \u201cIn der Heiligen Nacht\u201d adl\u0131 mahn\u0131ya \u00e7\u0259kilib. M\u00fc\u011f\u0259nni ekran i\u015fini b\u00fct\u00fcn \u00f6lk\u0259d\u0259 v\u0259h\u015fic\u0259sin\u0259 q\u0259tl\u0259 yetirildiyi insanlara v\u0259 g\u00fcnahs\u0131z u\u015faqlara h\u0259sr etdiyini bildirib.<\/p>\n<p><iframe loading=\"lazy\" width=\"640\" height=\"360\" src=\"https:\/\/www.youtube.com\/embed\/p9AamwuSp4s?feature=oembed\" frameborder=\"0\" allow=\"accelerometer; autoplay; encrypted-media; gyroscope; picture-in-picture\" allowfullscreen><\/iframe><\/p>\n","protected":false},"excerpt":{"rendered":"<p>Almaniyada ya\u015fayan h\u0259myerlimiz m\u00fc\u011f\u0259nni Seyran \u0130smay\u0131lxanov yeni klipini t\u0259qdim edib. ARANTV.AZ x\u0259b\u0259r verir ki, klip m\u00fc\u011f\u0259nninin m\u00fc\u0259llifi oldu\u011fu \u201cIn der Heiligen Nacht\u201d adl\u0131 mahn\u0131ya \u00e7\u0259kilib. M\u00fc\u011f\u0259nni ekran i\u015fini b\u00fct\u00fcn \u00f6lk\u0259d\u0259 v\u0259h\u015fic\u0259sin\u0259 q\u0259tl\u0259 yetirildiyi insanlara v\u0259 g\u00fcnahs\u0131z u\u015faqlara h\u0259sr etdiyini bildirib.<\/p>\n","protected":false},"author":2,"featured_media":111157,"comment_status":"closed","ping_status":"closed","sticky":false,"template":"","format":"standard","meta":{"om_disable_all_campaigns":false,"_monsterinsights_skip_tracking":false,"_monsterinsights_sitenote_active":false,"_monsterinsights_sitenote_note":"","_monsterinsights_sitenote_category":0},"categories":[20],"tags":[],"aioseo_notices":[],"gutentor_comment":0,"rttpg_featured_image_url":{"full":["https:\/\/arantv.az\/wp-content\/uploads\/2019\/12\/80337425_3422604934476158_7434168221315366912_n.jpg",960,540,false],"landscape":["https:\/\/arantv.az\/wp-content\/uploads\/2019\/12\/80337425_3422604934476158_7434168221315366912_n.jpg",960,540,false],"portraits":["https:\/\/arantv.az\/wp-content\/uploads\/2019\/12\/80337425_3422604934476158_7434168221315366912_n.jpg",960,540,false],"thumbnail":["https:\/\/arantv.az\/wp-content\/uploads\/2019\/12\/80337425_3422604934476158_7434168221315366912_n-150x150.jpg",150,150,true],"medium":["https:\/\/arantv.az\/wp-content\/uploads\/2019\/12\/80337425_3422604934476158_7434168221315366912_n-300x169.jpg",300,169,true],"large":["https:\/\/arantv.az\/wp-content\/uploads\/2019\/12\/80337425_3422604934476158_7434168221315366912_n.jpg",640,360,false],"1536x1536":["https:\/\/arantv.az\/wp-content\/uploads\/2019\/12\/80337425_3422604934476158_7434168221315366912_n.jpg",960,540,false],"2048x2048":["https:\/\/arantv.az\/wp-content\/uploads\/2019\/12\/80337425_3422604934476158_7434168221315366912_n.jpg",960,540,false],"post-thumbnail":["https:\/\/arantv.az\/wp-content\/uploads\/2019\/12\/80337425_3422604934476158_7434168221315366912_n-240x172.jpg",240,172,true],"advps-thumb-one":["https:\/\/arantv.az\/wp-content\/uploads\/2019\/12\/80337425_3422604934476158_7434168221315366912_n.jpg",960,540,false]},"rttpg_author":{"display_name":"V\u00fcsal Rafiqo\u011flu","author_link":"https:\/\/arantv.az\/?author=2"},"rttpg_comment":0,"rttpg_category":"<a href=\"https:\/\/arantv.az\/?cat=20\" rel=\"category\">\u015eou biznes<\/a>","rttpg_excerpt":"Almaniyada ya\u015fayan h\u0259myerlimiz m\u00fc\u011f\u0259nni Seyran \u0130smay\u0131lxanov yeni klipini t\u0259qdim edib. ARANTV.AZ x\u0259b\u0259r verir ki, klip m\u00fc\u011f\u0259nninin m\u00fc\u0259llifi oldu\u011fu \u201cIn der Heiligen Nacht\u201d adl\u0131 mahn\u0131ya \u00e7\u0259kilib. M\u00fc\u011f\u0259nni ekran i\u015fini b\u00fct\u00fcn \u00f6lk\u0259d\u0259 v\u0259h\u015fic\u0259sin\u0259 q\u0259tl\u0259 yetirildiyi insanlara v\u0259 g\u00fcnahs\u0131z u\u015faqlara h\u0259sr etdiyini bildirib.","_links":{"self":[{"href":"https:\/\/arantv.az\/index.php?rest_route=\/wp\/v2\/posts\/111156"}],"collection":[{"href":"https:\/\/arantv.az\/index.php?rest_route=\/wp\/v2\/posts"}],"about":[{"href":"https:\/\/arantv.az\/index.php?rest_route=\/wp\/v2\/types\/post"}],"author":[{"embeddable":true,"href":"https:\/\/arantv.az\/index.php?rest_route=\/wp\/v2\/users\/2"}],"replies":[{"embeddable":true,"href":"https:\/\/arantv.az\/index.php?rest_route=%2Fwp%2Fv2%2Fcomments&post=111156"}],"version-history":[{"count":0,"href":"https:\/\/arantv.az\/index.php?rest_route=\/wp\/v2\/posts\/111156\/revisions"}],"wp:featuredmedia":[{"embeddable":true,"href":"https:\/\/arantv.az\/index.php?rest_route=\/wp\/v2\/media\/111157"}],"wp:attachment":[{"href":"https:\/\/arantv.az\/index.php?rest_route=%2Fwp%2Fv2%2Fmedia&parent=111156"}],"wp:term":[{"taxonomy":"category","embeddable":true,"href":"https:\/\/arantv.az\/index.php?rest_route=%2Fwp%2Fv2%2Fcategories&post=111156"},{"taxonomy":"post_tag","embeddable":true,"href":"https:\/\/arantv.az\/index.php?rest_route=%2Fwp%2Fv2%2Ftags&post=111156"}],"curies":[{"name":"wp","href":"https:\/\/api.w.org\/{rel}","templated":true}]}}