{"id":111160,"date":"2019-12-24T14:06:25","date_gmt":"2019-12-24T11:06:25","guid":{"rendered":"http:\/\/arantv.az\/?p=111160"},"modified":"2019-12-24T14:06:25","modified_gmt":"2019-12-24T11:06:25","slug":"xalq-artisti-f%c9%99xri-adina-layiq-gorul%c9%99n-roya-miri-yusif-v%c9%99-tunzal%c9%99-medalla-t%c9%99ltif-olundu-video","status":"publish","type":"post","link":"https:\/\/arantv.az\/?p=111160","title":{"rendered":"\u201cXalq artisti\u201d f\u0259xri ad\u0131na layiq g\u00f6r\u00fcl\u0259n R\u00f6ya, Miri Yusif v\u0259 T\u00fcnzal\u0259 medalla t\u0259ltif olundu &#8211; V\u0130DEO"},"content":{"rendered":"<p>Dekabr\u0131n 21-d\u0259 Prezident \u0130lham \u018fliyevin m\u00fcvafiq s\u0259r\u0259ncamlar\u0131 il\u0259 Az\u0259rbaycan m\u0259d\u0259niyy\u0259tinin inki\u015faf\u0131nda xidm\u0259tl\u0259rin\u0259 g\u00f6r\u0259 orden, medal v\u0259 f\u0259xri adlara layiq g\u00f6r\u00fclm\u00fc\u015f m\u0259d\u0259niyy\u0259t v\u0259 inc\u0259s\u0259n\u0259t xadiml\u0259rin\u0259 m\u00fckafatlar\u0131n t\u0259qdim edilm\u0259si m\u0259rasimi ke\u00e7irilib.<\/p>\n<p><b>ARANTV.AZ\u00a0<\/b> x\u0259b\u0259r verir ki, M\u0259d\u0259niyy\u0259t naziri \u018fb\u00fclf\u0259s Qarayev Az\u0259rbaycan Respublikas\u0131n\u0131n estrada ifa\u00e7\u0131lar\u0131 R\u00f6ya Ayxan, Miri Yusif v\u0259 T\u00fcnzal\u0259 A\u011fayevaya \u201cXalq artisti\u201d f\u0259xri medallar\u0131n\u0131 t\u0259qdim edib.<\/p>\n<p>\u201cXalq artisti\u201d f\u0259xri ad\u0131na\u00a0layiq g\u00f6r\u00fcl\u0259n h\u0259r \u00fc\u00e7 s\u0259n\u0259t\u00e7i\u00a0bir araya g\u0259l\u0259r\u0259k\u00a0onlara bu sevinci b\u0259x\u015f ed\u0259n Prezident \u0130lham \u018fliyev\u0259 t\u0259\u015f\u0259kk\u00fcrl\u0259rini bildiribl\u0259r:<\/p>\n<p><strong>Miri Yusif:\u00a0<\/strong>\u201cH\u00f6rm\u0259tli c\u0259nab Prezident, biz sizi t\u0259brik edirik. Ad g\u00fcn\u00fcn\u00fcz m\u00fcbar\u0259k olsun. Allah Sizi qorusun!\u201d<\/p>\n<p><strong>R\u00f6ya Ayxan:\u00a0<\/strong>\u201cSiz\u0259 t\u0259\u015f\u0259kk\u00fcr\u00fcm\u00fcz\u00fc bildiririk. \u00d6z ad g\u00fcn\u00fcn\u00fczd\u0259 bizi bu c\u00fcr t\u0259brik edib, d\u0259y\u0259rl\u0259ndirdiniz. \u00c7ox sa\u011f olun!\u201d<\/p>\n<p><strong>T\u00fcnzal\u0259 A\u011fayeva:\u00a0<\/strong>\u201cH\u00f6rm\u0259tli C\u0259nab Prezident, biz sizi \u00e7ox sevirik. Siz\u0259 cansa\u011fl\u0131\u011f\u0131 arzu edirik. Biz, m\u00fcasir musiqi n\u00fcmay\u0259nd\u0259l\u0259ri h\u0259r zaman Az\u0259rbaycan musiqisini \u0259n g\u00f6z\u0259l \u015f\u0259kild\u0259 t\u0259msil etmi\u015fik v\u0259 sizin biz\u0259 verdiyiniz bu t\u0259ltifd\u0259n sonra\u00a0daha da h\u0259v\u0259sl\u0259nib,\u00a0bol-bol i\u015fl\u0259r g\u00f6rm\u0259y\u0259 \u00e7al\u0131\u015faca\u011f\u0131q. Allah Sizi qorusun!\u201dOxu.Az<\/p>\n<div><iframe loading=\"lazy\" src=\"https:\/\/player.baku.tv\/embed\/12253\" width=\"560\" height=\"315\" frameborder=\"0\" allowfullscreen=\"allowfullscreen\" data-mce-fragment=\"1\"><\/iframe><\/div>\n<p>&nbsp;<\/p>\n","protected":false},"excerpt":{"rendered":"<p>Dekabr\u0131n 21-d\u0259 Prezident \u0130lham \u018fliyevin m\u00fcvafiq s\u0259r\u0259ncamlar\u0131 il\u0259 Az\u0259rbaycan m\u0259d\u0259niyy\u0259tinin inki\u015faf\u0131nda xidm\u0259tl\u0259rin\u0259 g\u00f6r\u0259 orden, medal v\u0259 f\u0259xri adlara layiq g\u00f6r\u00fclm\u00fc\u015f m\u0259d\u0259niyy\u0259t v\u0259 inc\u0259s\u0259n\u0259t xadiml\u0259rin\u0259 m\u00fckafatlar\u0131n t\u0259qdim edilm\u0259si m\u0259rasimi ke\u00e7irilib. ARANTV.AZ\u00a0 x\u0259b\u0259r verir ki, M\u0259d\u0259niyy\u0259t naziri \u018fb\u00fclf\u0259s Qarayev Az\u0259rbaycan Respublikas\u0131n\u0131n estrada ifa\u00e7\u0131lar\u0131 R\u00f6ya Ayxan, Miri Yusif v\u0259 T\u00fcnzal\u0259 A\u011fayevaya \u201cXalq artisti\u201d f\u0259xri medallar\u0131n\u0131 t\u0259qdim edib. \u201cXalq artisti\u201d f\u0259xri ad\u0131na\u00a0layiq g\u00f6r\u00fcl\u0259n h\u0259r \u00fc\u00e7 s\u0259n\u0259t\u00e7i\u00a0bir araya g\u0259l\u0259r\u0259k\u00a0onlara bu sevinci b\u0259x\u015f ed\u0259n Prezident \u0130lham \u018fliyev\u0259 t\u0259\u015f\u0259kk\u00fcrl\u0259rini bildiribl\u0259r: Miri Yusif:\u00a0\u201cH\u00f6rm\u0259tli c\u0259nab Prezident, biz sizi t\u0259brik edirik. Ad g\u00fcn\u00fcn\u00fcz m\u00fcbar\u0259k olsun. Allah Sizi qorusun!\u201d R\u00f6ya Ayxan:\u00a0\u201cSiz\u0259&hellip;<\/p>\n","protected":false},"author":2,"featured_media":111161,"comment_status":"closed","ping_status":"closed","sticky":false,"template":"","format":"standard","meta":{"om_disable_all_campaigns":false,"_monsterinsights_skip_tracking":false,"_monsterinsights_sitenote_active":false,"_monsterinsights_sitenote_note":"","_monsterinsights_sitenote_category":0},"categories":[20],"tags":[],"aioseo_notices":[],"gutentor_comment":0,"rttpg_featured_image_url":{"full":["https:\/\/arantv.az\/wp-content\/uploads\/2019\/12\/MVI_9972.02_16_21_15.\u00d0\u00bd\u00d0\u00b5\u00d0\u00bf\u00d0\u00be\u00d0\u00b4\u00d0\u00b2\u00d0\u00b8\u00d0\u00b6\u00d0\u00bd\u00d0\u00be\u00d0\u00b5-\u00d0\u00b8\u00d0\u00b7\u00d0\u00be\u00d0\u00b1\u00d1_\u00d0\u00b0\u00d0\u00b6\u00d0\u00b5\u00d0\u00bd\u00d0\u00b8\u00d0\u00b5048.jpg",620,349,false],"landscape":["https:\/\/arantv.az\/wp-content\/uploads\/2019\/12\/MVI_9972.02_16_21_15.\u00d0\u00bd\u00d0\u00b5\u00d0\u00bf\u00d0\u00be\u00d0\u00b4\u00d0\u00b2\u00d0\u00b8\u00d0\u00b6\u00d0\u00bd\u00d0\u00be\u00d0\u00b5-\u00d0\u00b8\u00d0\u00b7\u00d0\u00be\u00d0\u00b1\u00d1_\u00d0\u00b0\u00d0\u00b6\u00d0\u00b5\u00d0\u00bd\u00d0\u00b8\u00d0\u00b5048.jpg",620,349,false],"portraits":["https:\/\/arantv.az\/wp-content\/uploads\/2019\/12\/MVI_9972.02_16_21_15.\u00d0\u00bd\u00d0\u00b5\u00d0\u00bf\u00d0\u00be\u00d0\u00b4\u00d0\u00b2\u00d0\u00b8\u00d0\u00b6\u00d0\u00bd\u00d0\u00be\u00d0\u00b5-\u00d0\u00b8\u00d0\u00b7\u00d0\u00be\u00d0\u00b1\u00d1_\u00d0\u00b0\u00d0\u00b6\u00d0\u00b5\u00d0\u00bd\u00d0\u00b8\u00d0\u00b5048.jpg",620,349,false],"thumbnail":["https:\/\/arantv.az\/wp-content\/uploads\/2019\/12\/MVI_9972.02_16_21_15.\u00d0\u00bd\u00d0\u00b5\u00d0\u00bf\u00d0\u00be\u00d0\u00b4\u00d0\u00b2\u00d0\u00b8\u00d0\u00b6\u00d0\u00bd\u00d0\u00be\u00d0\u00b5-\u00d0\u00b8\u00d0\u00b7\u00d0\u00be\u00d0\u00b1\u00d1_\u00d0\u00b0\u00d0\u00b6\u00d0\u00b5\u00d0\u00bd\u00d0\u00b8\u00d0\u00b5048-150x150.jpg",150,150,true],"medium":["https:\/\/arantv.az\/wp-content\/uploads\/2019\/12\/MVI_9972.02_16_21_15.\u00d0\u00bd\u00d0\u00b5\u00d0\u00bf\u00d0\u00be\u00d0\u00b4\u00d0\u00b2\u00d0\u00b8\u00d0\u00b6\u00d0\u00bd\u00d0\u00be\u00d0\u00b5-\u00d0\u00b8\u00d0\u00b7\u00d0\u00be\u00d0\u00b1\u00d1_\u00d0\u00b0\u00d0\u00b6\u00d0\u00b5\u00d0\u00bd\u00d0\u00b8\u00d0\u00b5048-300x169.jpg",300,169,true],"large":["https:\/\/arantv.az\/wp-content\/uploads\/2019\/12\/MVI_9972.02_16_21_15.\u00d0\u00bd\u00d0\u00b5\u00d0\u00bf\u00d0\u00be\u00d0\u00b4\u00d0\u00b2\u00d0\u00b8\u00d0\u00b6\u00d0\u00bd\u00d0\u00be\u00d0\u00b5-\u00d0\u00b8\u00d0\u00b7\u00d0\u00be\u00d0\u00b1\u00d1_\u00d0\u00b0\u00d0\u00b6\u00d0\u00b5\u00d0\u00bd\u00d0\u00b8\u00d0\u00b5048.jpg",620,349,false],"1536x1536":["https:\/\/arantv.az\/wp-content\/uploads\/2019\/12\/MVI_9972.02_16_21_15.\u00d0\u00bd\u00d0\u00b5\u00d0\u00bf\u00d0\u00be\u00d0\u00b4\u00d0\u00b2\u00d0\u00b8\u00d0\u00b6\u00d0\u00bd\u00d0\u00be\u00d0\u00b5-\u00d0\u00b8\u00d0\u00b7\u00d0\u00be\u00d0\u00b1\u00d1_\u00d0\u00b0\u00d0\u00b6\u00d0\u00b5\u00d0\u00bd\u00d0\u00b8\u00d0\u00b5048.jpg",620,349,false],"2048x2048":["https:\/\/arantv.az\/wp-content\/uploads\/2019\/12\/MVI_9972.02_16_21_15.\u00d0\u00bd\u00d0\u00b5\u00d0\u00bf\u00d0\u00be\u00d0\u00b4\u00d0\u00b2\u00d0\u00b8\u00d0\u00b6\u00d0\u00bd\u00d0\u00be\u00d0\u00b5-\u00d0\u00b8\u00d0\u00b7\u00d0\u00be\u00d0\u00b1\u00d1_\u00d0\u00b0\u00d0\u00b6\u00d0\u00b5\u00d0\u00bd\u00d0\u00b8\u00d0\u00b5048.jpg",620,349,false],"post-thumbnail":["https:\/\/arantv.az\/wp-content\/uploads\/2019\/12\/MVI_9972.02_16_21_15.\u00d0\u00bd\u00d0\u00b5\u00d0\u00bf\u00d0\u00be\u00d0\u00b4\u00d0\u00b2\u00d0\u00b8\u00d0\u00b6\u00d0\u00bd\u00d0\u00be\u00d0\u00b5-\u00d0\u00b8\u00d0\u00b7\u00d0\u00be\u00d0\u00b1\u00d1_\u00d0\u00b0\u00d0\u00b6\u00d0\u00b5\u00d0\u00bd\u00d0\u00b8\u00d0\u00b5048-240x172.jpg",240,172,true],"advps-thumb-one":["https:\/\/arantv.az\/wp-content\/uploads\/2019\/12\/MVI_9972.02_16_21_15.\u00d0\u00bd\u00d0\u00b5\u00d0\u00bf\u00d0\u00be\u00d0\u00b4\u00d0\u00b2\u00d0\u00b8\u00d0\u00b6\u00d0\u00bd\u00d0\u00be\u00d0\u00b5-\u00d0\u00b8\u00d0\u00b7\u00d0\u00be\u00d0\u00b1\u00d1_\u00d0\u00b0\u00d0\u00b6\u00d0\u00b5\u00d0\u00bd\u00d0\u00b8\u00d0\u00b5048.jpg",620,349,false]},"rttpg_author":{"display_name":"V\u00fcsal Rafiqo\u011flu","author_link":"https:\/\/arantv.az\/?author=2"},"rttpg_comment":0,"rttpg_category":"<a href=\"https:\/\/arantv.az\/?cat=20\" rel=\"category\">\u015eou biznes<\/a>","rttpg_excerpt":"Dekabr\u0131n 21-d\u0259 Prezident \u0130lham \u018fliyevin m\u00fcvafiq s\u0259r\u0259ncamlar\u0131 il\u0259 Az\u0259rbaycan m\u0259d\u0259niyy\u0259tinin inki\u015faf\u0131nda xidm\u0259tl\u0259rin\u0259 g\u00f6r\u0259 orden, medal v\u0259 f\u0259xri adlara layiq g\u00f6r\u00fclm\u00fc\u015f m\u0259d\u0259niyy\u0259t v\u0259 inc\u0259s\u0259n\u0259t xadiml\u0259rin\u0259 m\u00fckafatlar\u0131n t\u0259qdim edilm\u0259si m\u0259rasimi ke\u00e7irilib. ARANTV.AZ\u00a0 x\u0259b\u0259r verir ki, M\u0259d\u0259niyy\u0259t naziri \u018fb\u00fclf\u0259s Qarayev Az\u0259rbaycan Respublikas\u0131n\u0131n estrada ifa\u00e7\u0131lar\u0131 R\u00f6ya Ayxan, Miri Yusif v\u0259 T\u00fcnzal\u0259 A\u011fayevaya \u201cXalq artisti\u201d f\u0259xri medallar\u0131n\u0131 t\u0259qdim edib. \u201cXalq&hellip;","_links":{"self":[{"href":"https:\/\/arantv.az\/index.php?rest_route=\/wp\/v2\/posts\/111160"}],"collection":[{"href":"https:\/\/arantv.az\/index.php?rest_route=\/wp\/v2\/posts"}],"about":[{"href":"https:\/\/arantv.az\/index.php?rest_route=\/wp\/v2\/types\/post"}],"author":[{"embeddable":true,"href":"https:\/\/arantv.az\/index.php?rest_route=\/wp\/v2\/users\/2"}],"replies":[{"embeddable":true,"href":"https:\/\/arantv.az\/index.php?rest_route=%2Fwp%2Fv2%2Fcomments&post=111160"}],"version-history":[{"count":0,"href":"https:\/\/arantv.az\/index.php?rest_route=\/wp\/v2\/posts\/111160\/revisions"}],"wp:featuredmedia":[{"embeddable":true,"href":"https:\/\/arantv.az\/index.php?rest_route=\/wp\/v2\/media\/111161"}],"wp:attachment":[{"href":"https:\/\/arantv.az\/index.php?rest_route=%2Fwp%2Fv2%2Fmedia&parent=111160"}],"wp:term":[{"taxonomy":"category","embeddable":true,"href":"https:\/\/arantv.az\/index.php?rest_route=%2Fwp%2Fv2%2Fcategories&post=111160"},{"taxonomy":"post_tag","embeddable":true,"href":"https:\/\/arantv.az\/index.php?rest_route=%2Fwp%2Fv2%2Ftags&post=111160"}],"curies":[{"name":"wp","href":"https:\/\/api.w.org\/{rel}","templated":true}]}}