{"id":111164,"date":"2019-12-24T14:16:11","date_gmt":"2019-12-24T11:16:11","guid":{"rendered":"http:\/\/arantv.az\/?p=111164"},"modified":"2019-12-24T14:16:11","modified_gmt":"2019-12-24T11:16:11","slug":"ilham-%c9%99liyev-bilal-%c9%99rdogani-q%c9%99bul-etdi-2","status":"publish","type":"post","link":"https:\/\/arantv.az\/?p=111164","title":{"rendered":"\u0130lham \u018fliyev Bilal \u018frdo\u011fan\u0131 q\u0259bul etdi"},"content":{"rendered":"<p>Az\u0259rbaycan Respublikas\u0131n\u0131n Prezidenti \u0130lham \u018fliyev dekabr\u0131n 24-d\u0259 D\u00fcnya Etnoidman Konfederasiyas\u0131n\u0131n s\u0259dri Bilal \u018frdo\u011fan\u0131 q\u0259bul edib.<\/p>\n<p><strong>ARANTV.AZ<\/strong>\u00a0 x\u0259b\u0259r verir ki, Bilal \u018frdo\u011fan T\u00fcrkiy\u0259 Respublikas\u0131n\u0131n Prezidenti R\u0259c\u0259b Tayyib \u018frdo\u011fan\u0131n ad\u0131ndan v\u0259 \u00f6z ad\u0131ndan d\u00f6vl\u0259timizin ba\u015f\u00e7\u0131s\u0131n\u0131 ad g\u00fcn\u00fc m\u00fcnasib\u0259til\u0259 t\u0259brik etdi, ona Az\u0259rbaycan xalq\u0131n\u0131n rifah\u0131 namin\u0259 f\u0259aliyy\u0259tind\u0259 u\u011furlar v\u0259 m\u00f6hk\u0259m cansa\u011fl\u0131\u011f\u0131 arzulan\u0131b.<\/p>\n<p>T\u0259brik\u0259 v\u0259 g\u00f6st\u0259ril\u0259n diqq\u0259t\u0259 g\u00f6r\u0259 t\u0259\u015f\u0259kk\u00fcr\u00fcn\u00fc bildir\u0259n Prezident \u0130lham \u018fliyev bu g\u00fcn T\u00fcrkiy\u0259 Respublikas\u0131n\u0131n Prezidenti R\u0259c\u0259b Tayyib \u018frdo\u011fan il\u0259 telefonla dan\u0131\u015fd\u0131\u011f\u0131n\u0131 m\u0259mnunluqla qeyd edib.<\/p>\n<p>S\u00f6hb\u0259t zaman\u0131 \u00c7\u00f6vk\u0259n Milli At\u00fcst\u00fc Oyunu \u00fczr\u0259 Prezident Kubokunun final m\u0259rh\u0259l\u0259sinin Az\u0259rbaycanda y\u00fcks\u0259k s\u0259viyy\u0259d\u0259 t\u0259\u015fkil olundu\u011fu bildirilib, milli idman oyunlar\u0131n\u0131n inki\u015faf etdirilm\u0259si istiqam\u0259tind\u0259 \u00f6lk\u0259l\u0259rimizin \u0259m\u0259kda\u015fl\u0131\u011f\u0131n\u0131n \u00f6n\u0259mi vur\u011fulan\u0131b.AZ\u018fRTAC<\/p>\n","protected":false},"excerpt":{"rendered":"<p>Az\u0259rbaycan Respublikas\u0131n\u0131n Prezidenti \u0130lham \u018fliyev dekabr\u0131n 24-d\u0259 D\u00fcnya Etnoidman Konfederasiyas\u0131n\u0131n s\u0259dri Bilal \u018frdo\u011fan\u0131 q\u0259bul edib. ARANTV.AZ\u00a0 x\u0259b\u0259r verir ki, Bilal \u018frdo\u011fan T\u00fcrkiy\u0259 Respublikas\u0131n\u0131n Prezidenti R\u0259c\u0259b Tayyib \u018frdo\u011fan\u0131n ad\u0131ndan v\u0259 \u00f6z ad\u0131ndan d\u00f6vl\u0259timizin ba\u015f\u00e7\u0131s\u0131n\u0131 ad g\u00fcn\u00fc m\u00fcnasib\u0259til\u0259 t\u0259brik etdi, ona Az\u0259rbaycan xalq\u0131n\u0131n rifah\u0131 namin\u0259 f\u0259aliyy\u0259tind\u0259 u\u011furlar v\u0259 m\u00f6hk\u0259m cansa\u011fl\u0131\u011f\u0131 arzulan\u0131b. T\u0259brik\u0259 v\u0259 g\u00f6st\u0259ril\u0259n diqq\u0259t\u0259 g\u00f6r\u0259 t\u0259\u015f\u0259kk\u00fcr\u00fcn\u00fc bildir\u0259n Prezident \u0130lham \u018fliyev bu g\u00fcn T\u00fcrkiy\u0259 Respublikas\u0131n\u0131n Prezidenti R\u0259c\u0259b Tayyib \u018frdo\u011fan il\u0259 telefonla dan\u0131\u015fd\u0131\u011f\u0131n\u0131 m\u0259mnunluqla qeyd edib. S\u00f6hb\u0259t zaman\u0131 \u00c7\u00f6vk\u0259n Milli At\u00fcst\u00fc Oyunu \u00fczr\u0259 Prezident Kubokunun final m\u0259rh\u0259l\u0259sinin Az\u0259rbaycanda y\u00fcks\u0259k s\u0259viyy\u0259d\u0259 t\u0259\u015fkil olundu\u011fu bildirilib,&hellip;<\/p>\n","protected":false},"author":2,"featured_media":111165,"comment_status":"closed","ping_status":"closed","sticky":false,"template":"","format":"standard","meta":{"om_disable_all_campaigns":false,"_monsterinsights_skip_tracking":false,"_monsterinsights_sitenote_active":false,"_monsterinsights_sitenote_note":"","_monsterinsights_sitenote_category":0},"categories":[4],"tags":[],"aioseo_notices":[],"gutentor_comment":0,"rttpg_featured_image_url":{"full":["https:\/\/arantv.az\/wp-content\/uploads\/2019\/12\/1577185560336384758_1000x669.jpg",620,413,false],"landscape":["https:\/\/arantv.az\/wp-content\/uploads\/2019\/12\/1577185560336384758_1000x669.jpg",620,413,false],"portraits":["https:\/\/arantv.az\/wp-content\/uploads\/2019\/12\/1577185560336384758_1000x669.jpg",620,413,false],"thumbnail":["https:\/\/arantv.az\/wp-content\/uploads\/2019\/12\/1577185560336384758_1000x669-150x150.jpg",150,150,true],"medium":["https:\/\/arantv.az\/wp-content\/uploads\/2019\/12\/1577185560336384758_1000x669-300x200.jpg",300,200,true],"large":["https:\/\/arantv.az\/wp-content\/uploads\/2019\/12\/1577185560336384758_1000x669.jpg",620,413,false],"1536x1536":["https:\/\/arantv.az\/wp-content\/uploads\/2019\/12\/1577185560336384758_1000x669.jpg",620,413,false],"2048x2048":["https:\/\/arantv.az\/wp-content\/uploads\/2019\/12\/1577185560336384758_1000x669.jpg",620,413,false],"post-thumbnail":["https:\/\/arantv.az\/wp-content\/uploads\/2019\/12\/1577185560336384758_1000x669-240x172.jpg",240,172,true],"advps-thumb-one":["https:\/\/arantv.az\/wp-content\/uploads\/2019\/12\/1577185560336384758_1000x669.jpg",620,413,false]},"rttpg_author":{"display_name":"V\u00fcsal Rafiqo\u011flu","author_link":"https:\/\/arantv.az\/?author=2"},"rttpg_comment":0,"rttpg_category":"<a href=\"https:\/\/arantv.az\/?cat=4\" rel=\"category\">Siyas\u0259t<\/a>","rttpg_excerpt":"Az\u0259rbaycan Respublikas\u0131n\u0131n Prezidenti \u0130lham \u018fliyev dekabr\u0131n 24-d\u0259 D\u00fcnya Etnoidman Konfederasiyas\u0131n\u0131n s\u0259dri Bilal \u018frdo\u011fan\u0131 q\u0259bul edib. ARANTV.AZ\u00a0 x\u0259b\u0259r verir ki, Bilal \u018frdo\u011fan T\u00fcrkiy\u0259 Respublikas\u0131n\u0131n Prezidenti R\u0259c\u0259b Tayyib \u018frdo\u011fan\u0131n ad\u0131ndan v\u0259 \u00f6z ad\u0131ndan d\u00f6vl\u0259timizin ba\u015f\u00e7\u0131s\u0131n\u0131 ad g\u00fcn\u00fc m\u00fcnasib\u0259til\u0259 t\u0259brik etdi, ona Az\u0259rbaycan xalq\u0131n\u0131n rifah\u0131 namin\u0259 f\u0259aliyy\u0259tind\u0259 u\u011furlar v\u0259 m\u00f6hk\u0259m cansa\u011fl\u0131\u011f\u0131 arzulan\u0131b. T\u0259brik\u0259 v\u0259 g\u00f6st\u0259ril\u0259n diqq\u0259t\u0259 g\u00f6r\u0259 t\u0259\u015f\u0259kk\u00fcr\u00fcn\u00fc&hellip;","_links":{"self":[{"href":"https:\/\/arantv.az\/index.php?rest_route=\/wp\/v2\/posts\/111164"}],"collection":[{"href":"https:\/\/arantv.az\/index.php?rest_route=\/wp\/v2\/posts"}],"about":[{"href":"https:\/\/arantv.az\/index.php?rest_route=\/wp\/v2\/types\/post"}],"author":[{"embeddable":true,"href":"https:\/\/arantv.az\/index.php?rest_route=\/wp\/v2\/users\/2"}],"replies":[{"embeddable":true,"href":"https:\/\/arantv.az\/index.php?rest_route=%2Fwp%2Fv2%2Fcomments&post=111164"}],"version-history":[{"count":0,"href":"https:\/\/arantv.az\/index.php?rest_route=\/wp\/v2\/posts\/111164\/revisions"}],"wp:featuredmedia":[{"embeddable":true,"href":"https:\/\/arantv.az\/index.php?rest_route=\/wp\/v2\/media\/111165"}],"wp:attachment":[{"href":"https:\/\/arantv.az\/index.php?rest_route=%2Fwp%2Fv2%2Fmedia&parent=111164"}],"wp:term":[{"taxonomy":"category","embeddable":true,"href":"https:\/\/arantv.az\/index.php?rest_route=%2Fwp%2Fv2%2Fcategories&post=111164"},{"taxonomy":"post_tag","embeddable":true,"href":"https:\/\/arantv.az\/index.php?rest_route=%2Fwp%2Fv2%2Ftags&post=111164"}],"curies":[{"name":"wp","href":"https:\/\/api.w.org\/{rel}","templated":true}]}}