{"id":111188,"date":"2019-12-24T14:53:23","date_gmt":"2019-12-24T11:53:23","guid":{"rendered":"http:\/\/arantv.az\/?p=111188"},"modified":"2019-12-24T14:53:23","modified_gmt":"2019-12-24T11:53:23","slug":"qaxda-avtomobil-agaca-cirpildi-ol%c9%99n-v%c9%99-x%c9%99sar%c9%99t-alanlar-var","status":"publish","type":"post","link":"https:\/\/arantv.az\/?p=111188","title":{"rendered":"Qaxda avtomobil a\u011faca \u00c7IRPILDI: \u00f6l\u0259n v\u0259 x\u0259sar\u0259t alanlar var"},"content":{"rendered":"<p><strong>Qaxda yol-n\u0259qliyyat hadis\u0259si ba\u015f verib.<\/strong><\/p>\n<p><strong>ARANTV.AZ<\/strong> APA-ya istinad\u0259n x\u0259b\u0259r verir ki, hadis\u0259 bu g\u00fcn g\u00fcnorta saatlar\u0131nda Qax-Qora\u011fan avtomobil yolunda qeyd\u0259 al\u0131n\u0131b. Yevlax rayon sakininin idar\u0259 etdiyi &#8220;VAZ-2107&#8221; markal\u0131 minik avtomobili idar\u0259etm\u0259d\u0259n \u00e7\u0131xaraq yol k\u0259nar\u0131ndak\u0131 a\u011faca \u00e7\u0131rp\u0131l\u0131b.<\/p>\n<p>Q\u0259za zaman\u0131 iki Yevlax sakini x\u0259sar\u0259t\u00a0 al\u0131b. X\u0259st\u0259xanaya yerl\u0259\u015fdiril\u0259n yaral\u0131lardan, 1992-ci il t\u0259v\u0259ll\u00fcdl\u00fc C\u0259sar\u0259t V\u0259li\u015f o\u011flu \u018flizad\u0259 d\u00fcnyas\u0131n d\u0259yi\u015fib. Dig\u0259r yaral\u0131n\u0131n v\u0259ziyy\u0259ti y\u00fcng\u00fcl oldu\u011fundan ona ilkin yard\u0131m g\u00f6st\u0259rildikd\u0259n sonra burax\u0131l\u0131b.<\/p>\n<p>Faktla ba\u011fl\u0131 ara\u015fd\u0131rma apar\u0131l\u0131r.<\/p>\n","protected":false},"excerpt":{"rendered":"<p>Qaxda yol-n\u0259qliyyat hadis\u0259si ba\u015f verib. ARANTV.AZ APA-ya istinad\u0259n x\u0259b\u0259r verir ki, hadis\u0259 bu g\u00fcn g\u00fcnorta saatlar\u0131nda Qax-Qora\u011fan avtomobil yolunda qeyd\u0259 al\u0131n\u0131b. Yevlax rayon sakininin idar\u0259 etdiyi &#8220;VAZ-2107&#8221; markal\u0131 minik avtomobili idar\u0259etm\u0259d\u0259n \u00e7\u0131xaraq yol k\u0259nar\u0131ndak\u0131 a\u011faca \u00e7\u0131rp\u0131l\u0131b. Q\u0259za zaman\u0131 iki Yevlax sakini x\u0259sar\u0259t\u00a0 al\u0131b. X\u0259st\u0259xanaya yerl\u0259\u015fdiril\u0259n yaral\u0131lardan, 1992-ci il t\u0259v\u0259ll\u00fcdl\u00fc C\u0259sar\u0259t V\u0259li\u015f o\u011flu \u018flizad\u0259 d\u00fcnyas\u0131n d\u0259yi\u015fib. Dig\u0259r yaral\u0131n\u0131n v\u0259ziyy\u0259ti y\u00fcng\u00fcl oldu\u011fundan ona ilkin yard\u0131m g\u00f6st\u0259rildikd\u0259n sonra burax\u0131l\u0131b. Faktla ba\u011fl\u0131 ara\u015fd\u0131rma apar\u0131l\u0131r.<\/p>\n","protected":false},"author":2,"featured_media":111189,"comment_status":"closed","ping_status":"closed","sticky":false,"template":"","format":"standard","meta":{"om_disable_all_campaigns":false,"_monsterinsights_skip_tracking":false,"_monsterinsights_sitenote_active":false,"_monsterinsights_sitenote_note":"","_monsterinsights_sitenote_category":0},"categories":[5],"tags":[],"aioseo_notices":[],"gutentor_comment":0,"rttpg_featured_image_url":{"full":["https:\/\/arantv.az\/wp-content\/uploads\/2019\/12\/qeza_284856.jpg",780,541,false],"landscape":["https:\/\/arantv.az\/wp-content\/uploads\/2019\/12\/qeza_284856.jpg",780,541,false],"portraits":["https:\/\/arantv.az\/wp-content\/uploads\/2019\/12\/qeza_284856.jpg",780,541,false],"thumbnail":["https:\/\/arantv.az\/wp-content\/uploads\/2019\/12\/qeza_284856-150x150.jpg",150,150,true],"medium":["https:\/\/arantv.az\/wp-content\/uploads\/2019\/12\/qeza_284856-300x208.jpg",300,208,true],"large":["https:\/\/arantv.az\/wp-content\/uploads\/2019\/12\/qeza_284856.jpg",640,444,false],"1536x1536":["https:\/\/arantv.az\/wp-content\/uploads\/2019\/12\/qeza_284856.jpg",780,541,false],"2048x2048":["https:\/\/arantv.az\/wp-content\/uploads\/2019\/12\/qeza_284856.jpg",780,541,false],"post-thumbnail":["https:\/\/arantv.az\/wp-content\/uploads\/2019\/12\/qeza_284856-240x172.jpg",240,172,true],"advps-thumb-one":["https:\/\/arantv.az\/wp-content\/uploads\/2019\/12\/qeza_284856.jpg",780,541,false]},"rttpg_author":{"display_name":"V\u00fcsal Rafiqo\u011flu","author_link":"https:\/\/arantv.az\/?author=2"},"rttpg_comment":0,"rttpg_category":"<a href=\"https:\/\/arantv.az\/?cat=5\" rel=\"category\">Hadis\u0259<\/a>","rttpg_excerpt":"Qaxda yol-n\u0259qliyyat hadis\u0259si ba\u015f verib. ARANTV.AZ APA-ya istinad\u0259n x\u0259b\u0259r verir ki, hadis\u0259 bu g\u00fcn g\u00fcnorta saatlar\u0131nda Qax-Qora\u011fan avtomobil yolunda qeyd\u0259 al\u0131n\u0131b. Yevlax rayon sakininin idar\u0259 etdiyi &#8220;VAZ-2107&#8221; markal\u0131 minik avtomobili idar\u0259etm\u0259d\u0259n \u00e7\u0131xaraq yol k\u0259nar\u0131ndak\u0131 a\u011faca \u00e7\u0131rp\u0131l\u0131b. Q\u0259za zaman\u0131 iki Yevlax sakini x\u0259sar\u0259t\u00a0 al\u0131b. X\u0259st\u0259xanaya yerl\u0259\u015fdiril\u0259n yaral\u0131lardan, 1992-ci il t\u0259v\u0259ll\u00fcdl\u00fc C\u0259sar\u0259t V\u0259li\u015f o\u011flu \u018flizad\u0259 d\u00fcnyas\u0131n d\u0259yi\u015fib.&hellip;","_links":{"self":[{"href":"https:\/\/arantv.az\/index.php?rest_route=\/wp\/v2\/posts\/111188"}],"collection":[{"href":"https:\/\/arantv.az\/index.php?rest_route=\/wp\/v2\/posts"}],"about":[{"href":"https:\/\/arantv.az\/index.php?rest_route=\/wp\/v2\/types\/post"}],"author":[{"embeddable":true,"href":"https:\/\/arantv.az\/index.php?rest_route=\/wp\/v2\/users\/2"}],"replies":[{"embeddable":true,"href":"https:\/\/arantv.az\/index.php?rest_route=%2Fwp%2Fv2%2Fcomments&post=111188"}],"version-history":[{"count":0,"href":"https:\/\/arantv.az\/index.php?rest_route=\/wp\/v2\/posts\/111188\/revisions"}],"wp:featuredmedia":[{"embeddable":true,"href":"https:\/\/arantv.az\/index.php?rest_route=\/wp\/v2\/media\/111189"}],"wp:attachment":[{"href":"https:\/\/arantv.az\/index.php?rest_route=%2Fwp%2Fv2%2Fmedia&parent=111188"}],"wp:term":[{"taxonomy":"category","embeddable":true,"href":"https:\/\/arantv.az\/index.php?rest_route=%2Fwp%2Fv2%2Fcategories&post=111188"},{"taxonomy":"post_tag","embeddable":true,"href":"https:\/\/arantv.az\/index.php?rest_route=%2Fwp%2Fv2%2Ftags&post=111188"}],"curies":[{"name":"wp","href":"https:\/\/api.w.org\/{rel}","templated":true}]}}