{"id":111192,"date":"2019-12-24T14:54:13","date_gmt":"2019-12-24T11:54:13","guid":{"rendered":"http:\/\/arantv.az\/?p=111192"},"modified":"2019-12-24T14:54:13","modified_gmt":"2019-12-24T11:54:13","slug":"aleksandr-vucic-prezident-ilham-%c9%99liyev%c9%99-telefonla-z%c9%99ng-edib","status":"publish","type":"post","link":"https:\/\/arantv.az\/?p=111192","title":{"rendered":"Aleksandr Vu\u00e7i\u00e7 Prezident \u0130lham \u018fliyev\u0259 telefonla z\u0259ng edib"},"content":{"rendered":"<p>Dekabr\u0131n 24-d\u0259 Serbiya Respublikas\u0131n\u0131n Prezidenti Aleksandr Vu\u00e7i\u00e7 Az\u0259rbaycan Respublikas\u0131n\u0131n Prezidenti \u0130lham \u018fliyev\u0259 telefonla z\u0259ng edib.<\/p>\n<p><strong>ARANTV.AZ<\/strong>\u00a0\u00a0<a href=\"https:\/\/azertag.az\/\" target=\"_blank\" rel=\"noopener\">AZ\u018fRTAC<\/a>-a istinad\u0259n x\u0259b\u0259r verir ki, Serbiya Prezidenti d\u00f6vl\u0259timizin ba\u015f\u00e7\u0131s\u0131n\u0131 ad g\u00fcn\u00fc m\u00fcnasib\u0259til\u0259 t\u0259brik edib, ona d\u00f6vl\u0259t\u00e7ilik f\u0259aliyy\u0259tind\u0259 u\u011furlar v\u0259 m\u00f6hk\u0259m cansa\u011fl\u0131\u011f\u0131 arzulay\u0131b.<\/p>\n<p>Prezident \u0130lham \u018fliyev g\u00f6st\u0259ril\u0259n diqq\u0259t\u0259 v\u0259 t\u0259brik\u0259 g\u00f6r\u0259 minn\u0259tdarl\u0131\u011f\u0131n\u0131 bildirib.<\/p>\n<p>D\u00f6vl\u0259t ba\u015f\u00e7\u0131lar\u0131 Az\u0259rbaycanla Serbiya aras\u0131nda strateji t\u0259r\u0259fda\u015fl\u0131\u011fa \u0259saslanan ikit\u0259r\u0259fli m\u00fcnasib\u0259tl\u0259rin m\u00fcxt\u0259lif sah\u0259l\u0259rd\u0259 u\u011furla inki\u015faf etdiyini vur\u011fulay\u0131b v\u0259 \u0259m\u0259kda\u015fl\u0131\u011f\u0131m\u0131z\u0131n bundan sonar da geni\u015fl\u0259n\u0259c\u0259yin\u0259 \u0259min olduqlar\u0131n\u0131 bildiribl\u0259r.<\/p>\n","protected":false},"excerpt":{"rendered":"<p>Dekabr\u0131n 24-d\u0259 Serbiya Respublikas\u0131n\u0131n Prezidenti Aleksandr Vu\u00e7i\u00e7 Az\u0259rbaycan Respublikas\u0131n\u0131n Prezidenti \u0130lham \u018fliyev\u0259 telefonla z\u0259ng edib. ARANTV.AZ\u00a0\u00a0AZ\u018fRTAC-a istinad\u0259n x\u0259b\u0259r verir ki, Serbiya Prezidenti d\u00f6vl\u0259timizin ba\u015f\u00e7\u0131s\u0131n\u0131 ad g\u00fcn\u00fc m\u00fcnasib\u0259til\u0259 t\u0259brik edib, ona d\u00f6vl\u0259t\u00e7ilik f\u0259aliyy\u0259tind\u0259 u\u011furlar v\u0259 m\u00f6hk\u0259m cansa\u011fl\u0131\u011f\u0131 arzulay\u0131b. Prezident \u0130lham \u018fliyev g\u00f6st\u0259ril\u0259n diqq\u0259t\u0259 v\u0259 t\u0259brik\u0259 g\u00f6r\u0259 minn\u0259tdarl\u0131\u011f\u0131n\u0131 bildirib. D\u00f6vl\u0259t ba\u015f\u00e7\u0131lar\u0131 Az\u0259rbaycanla Serbiya aras\u0131nda strateji t\u0259r\u0259fda\u015fl\u0131\u011fa \u0259saslanan ikit\u0259r\u0259fli m\u00fcnasib\u0259tl\u0259rin m\u00fcxt\u0259lif sah\u0259l\u0259rd\u0259 u\u011furla inki\u015faf etdiyini vur\u011fulay\u0131b v\u0259 \u0259m\u0259kda\u015fl\u0131\u011f\u0131m\u0131z\u0131n bundan sonar da geni\u015fl\u0259n\u0259c\u0259yin\u0259 \u0259min olduqlar\u0131n\u0131 bildiribl\u0259r.<\/p>\n","protected":false},"author":2,"featured_media":111193,"comment_status":"closed","ping_status":"closed","sticky":false,"template":"","format":"standard","meta":{"om_disable_all_campaigns":false,"_monsterinsights_skip_tracking":false,"_monsterinsights_sitenote_active":false,"_monsterinsights_sitenote_note":"","_monsterinsights_sitenote_category":0},"categories":[4],"tags":[],"aioseo_notices":[],"gutentor_comment":0,"rttpg_featured_image_url":{"full":["https:\/\/arantv.az\/wp-content\/uploads\/2019\/12\/813006.jpg",800,508,false],"landscape":["https:\/\/arantv.az\/wp-content\/uploads\/2019\/12\/813006.jpg",800,508,false],"portraits":["https:\/\/arantv.az\/wp-content\/uploads\/2019\/12\/813006.jpg",800,508,false],"thumbnail":["https:\/\/arantv.az\/wp-content\/uploads\/2019\/12\/813006-150x150.jpg",150,150,true],"medium":["https:\/\/arantv.az\/wp-content\/uploads\/2019\/12\/813006-300x191.jpg",300,191,true],"large":["https:\/\/arantv.az\/wp-content\/uploads\/2019\/12\/813006.jpg",640,406,false],"1536x1536":["https:\/\/arantv.az\/wp-content\/uploads\/2019\/12\/813006.jpg",800,508,false],"2048x2048":["https:\/\/arantv.az\/wp-content\/uploads\/2019\/12\/813006.jpg",800,508,false],"post-thumbnail":["https:\/\/arantv.az\/wp-content\/uploads\/2019\/12\/813006-240x172.jpg",240,172,true],"advps-thumb-one":["https:\/\/arantv.az\/wp-content\/uploads\/2019\/12\/813006.jpg",800,508,false]},"rttpg_author":{"display_name":"V\u00fcsal Rafiqo\u011flu","author_link":"https:\/\/arantv.az\/?author=2"},"rttpg_comment":0,"rttpg_category":"<a href=\"https:\/\/arantv.az\/?cat=4\" rel=\"category\">Siyas\u0259t<\/a>","rttpg_excerpt":"Dekabr\u0131n 24-d\u0259 Serbiya Respublikas\u0131n\u0131n Prezidenti Aleksandr Vu\u00e7i\u00e7 Az\u0259rbaycan Respublikas\u0131n\u0131n Prezidenti \u0130lham \u018fliyev\u0259 telefonla z\u0259ng edib. ARANTV.AZ\u00a0\u00a0AZ\u018fRTAC-a istinad\u0259n x\u0259b\u0259r verir ki, Serbiya Prezidenti d\u00f6vl\u0259timizin ba\u015f\u00e7\u0131s\u0131n\u0131 ad g\u00fcn\u00fc m\u00fcnasib\u0259til\u0259 t\u0259brik edib, ona d\u00f6vl\u0259t\u00e7ilik f\u0259aliyy\u0259tind\u0259 u\u011furlar v\u0259 m\u00f6hk\u0259m cansa\u011fl\u0131\u011f\u0131 arzulay\u0131b. Prezident \u0130lham \u018fliyev g\u00f6st\u0259ril\u0259n diqq\u0259t\u0259 v\u0259 t\u0259brik\u0259 g\u00f6r\u0259 minn\u0259tdarl\u0131\u011f\u0131n\u0131 bildirib. D\u00f6vl\u0259t ba\u015f\u00e7\u0131lar\u0131 Az\u0259rbaycanla Serbiya aras\u0131nda strateji t\u0259r\u0259fda\u015fl\u0131\u011fa \u0259saslanan&hellip;","_links":{"self":[{"href":"https:\/\/arantv.az\/index.php?rest_route=\/wp\/v2\/posts\/111192"}],"collection":[{"href":"https:\/\/arantv.az\/index.php?rest_route=\/wp\/v2\/posts"}],"about":[{"href":"https:\/\/arantv.az\/index.php?rest_route=\/wp\/v2\/types\/post"}],"author":[{"embeddable":true,"href":"https:\/\/arantv.az\/index.php?rest_route=\/wp\/v2\/users\/2"}],"replies":[{"embeddable":true,"href":"https:\/\/arantv.az\/index.php?rest_route=%2Fwp%2Fv2%2Fcomments&post=111192"}],"version-history":[{"count":0,"href":"https:\/\/arantv.az\/index.php?rest_route=\/wp\/v2\/posts\/111192\/revisions"}],"wp:featuredmedia":[{"embeddable":true,"href":"https:\/\/arantv.az\/index.php?rest_route=\/wp\/v2\/media\/111193"}],"wp:attachment":[{"href":"https:\/\/arantv.az\/index.php?rest_route=%2Fwp%2Fv2%2Fmedia&parent=111192"}],"wp:term":[{"taxonomy":"category","embeddable":true,"href":"https:\/\/arantv.az\/index.php?rest_route=%2Fwp%2Fv2%2Fcategories&post=111192"},{"taxonomy":"post_tag","embeddable":true,"href":"https:\/\/arantv.az\/index.php?rest_route=%2Fwp%2Fv2%2Ftags&post=111192"}],"curies":[{"name":"wp","href":"https:\/\/api.w.org\/{rel}","templated":true}]}}