{"id":11120,"date":"2018-09-04T11:27:30","date_gmt":"2018-09-04T08:27:30","guid":{"rendered":"http:\/\/arantv.az\/?p=11120"},"modified":"2018-09-04T11:27:30","modified_gmt":"2018-09-04T08:27:30","slug":"at%c9%99t-in-bas-katibi-az%c9%99rbaycana-s%c9%99f%c9%99r-ed%c9%99c%c9%99k","status":"publish","type":"post","link":"https:\/\/arantv.az\/?p=11120","title":{"rendered":"AT\u018fT-in ba\u015f katibi Az\u0259rbaycana s\u0259f\u0259r ed\u0259c\u0259k"},"content":{"rendered":"<p><strong>AT\u018fT-in ba\u015f katibi Tomas Qreminger sentyabr\u0131n 11-d\u0259 Az\u0259rbaycana s\u0259f\u0259r ed\u0259c\u0259k.<\/strong><\/p>\n<p><strong>ARANTV.AZ<\/strong> bildirir ki,\u00a0bu bar\u0259d\u0259 trend-\u0259 Az\u0259rbaycan Xarici \u0130\u015fl\u0259r Nazirliyinin M\u0259tbuat xidm\u0259tinin r\u0259hb\u0259ri Hikm\u0259t Hac\u0131yev deyib.<\/p>\n<p>Onun s\u00f6zl\u0259rin\u0259 g\u00f6r\u0259, T.Qreminger s\u0259f\u0259r \u00e7\u0259r\u00e7iv\u0259sind\u0259 m\u00fcxt\u0259lif g\u00f6r\u00fc\u015fl\u0259r, o c\u00fcml\u0259d\u0259n Az\u0259rbaycan X\u0130N-d\u0259 g\u00f6r\u00fc\u015f ke\u00e7ir\u0259c\u0259k:<\/p>\n<p>&#8220;G\u00f6r\u00fc\u015fl\u0259rd\u0259 siyasi, iqtisadi, humanitar v\u0259 dig\u0259r sah\u0259l\u0259rd\u0259 \u0259m\u0259kda\u015fl\u0131q m\u0259s\u0259l\u0259l\u0259ri m\u00fczakir\u0259 olunacaq&#8221;.<\/p>\n<p>H.Hac\u0131yev \u0259lav\u0259 edib ki, Erm\u0259nistan-Az\u0259rbaycan, Da\u011fl\u0131q Qaraba\u011f m\u00fcnaqi\u015f\u0259sinin nizamlanmas\u0131 m\u0259s\u0259l\u0259sinin m\u00fczakir\u0259 olunaca\u011f\u0131 istisna deyil.<\/p>\n","protected":false},"excerpt":{"rendered":"<p>AT\u018fT-in ba\u015f katibi Tomas Qreminger sentyabr\u0131n 11-d\u0259 Az\u0259rbaycana s\u0259f\u0259r ed\u0259c\u0259k. ARANTV.AZ bildirir ki,\u00a0bu bar\u0259d\u0259 trend-\u0259 Az\u0259rbaycan Xarici \u0130\u015fl\u0259r Nazirliyinin M\u0259tbuat xidm\u0259tinin r\u0259hb\u0259ri Hikm\u0259t Hac\u0131yev deyib. Onun s\u00f6zl\u0259rin\u0259 g\u00f6r\u0259, T.Qreminger s\u0259f\u0259r \u00e7\u0259r\u00e7iv\u0259sind\u0259 m\u00fcxt\u0259lif g\u00f6r\u00fc\u015fl\u0259r, o c\u00fcml\u0259d\u0259n Az\u0259rbaycan X\u0130N-d\u0259 g\u00f6r\u00fc\u015f ke\u00e7ir\u0259c\u0259k: &#8220;G\u00f6r\u00fc\u015fl\u0259rd\u0259 siyasi, iqtisadi, humanitar v\u0259 dig\u0259r sah\u0259l\u0259rd\u0259 \u0259m\u0259kda\u015fl\u0131q m\u0259s\u0259l\u0259l\u0259ri m\u00fczakir\u0259 olunacaq&#8221;. H.Hac\u0131yev \u0259lav\u0259 edib ki, Erm\u0259nistan-Az\u0259rbaycan, Da\u011fl\u0131q Qaraba\u011f m\u00fcnaqi\u015f\u0259sinin nizamlanmas\u0131 m\u0259s\u0259l\u0259sinin m\u00fczakir\u0259 olunaca\u011f\u0131 istisna deyil.<\/p>\n","protected":false},"author":2,"featured_media":11121,"comment_status":"closed","ping_status":"closed","sticky":false,"template":"","format":"standard","meta":{"om_disable_all_campaigns":false,"_monsterinsights_skip_tracking":false,"_monsterinsights_sitenote_active":false,"_monsterinsights_sitenote_note":"","_monsterinsights_sitenote_category":0},"categories":[4],"tags":[],"aioseo_notices":[],"gutentor_comment":0,"rttpg_featured_image_url":{"full":["https:\/\/arantv.az\/wp-content\/uploads\/2018\/09\/682204_000.jpg",800,600,false],"landscape":["https:\/\/arantv.az\/wp-content\/uploads\/2018\/09\/682204_000.jpg",800,600,false],"portraits":["https:\/\/arantv.az\/wp-content\/uploads\/2018\/09\/682204_000.jpg",800,600,false],"thumbnail":["https:\/\/arantv.az\/wp-content\/uploads\/2018\/09\/682204_000-150x150.jpg",150,150,true],"medium":["https:\/\/arantv.az\/wp-content\/uploads\/2018\/09\/682204_000-300x225.jpg",300,225,true],"large":["https:\/\/arantv.az\/wp-content\/uploads\/2018\/09\/682204_000.jpg",640,480,false],"1536x1536":["https:\/\/arantv.az\/wp-content\/uploads\/2018\/09\/682204_000.jpg",800,600,false],"2048x2048":["https:\/\/arantv.az\/wp-content\/uploads\/2018\/09\/682204_000.jpg",800,600,false],"post-thumbnail":["https:\/\/arantv.az\/wp-content\/uploads\/2018\/09\/682204_000-240x172.jpg",240,172,true],"advps-thumb-one":["https:\/\/arantv.az\/wp-content\/uploads\/2018\/09\/682204_000.jpg",800,600,false]},"rttpg_author":{"display_name":"V\u00fcsal Rafiqo\u011flu","author_link":"https:\/\/arantv.az\/?author=2"},"rttpg_comment":0,"rttpg_category":"<a href=\"https:\/\/arantv.az\/?cat=4\" rel=\"category\">Siyas\u0259t<\/a>","rttpg_excerpt":"AT\u018fT-in ba\u015f katibi Tomas Qreminger sentyabr\u0131n 11-d\u0259 Az\u0259rbaycana s\u0259f\u0259r ed\u0259c\u0259k. ARANTV.AZ bildirir ki,\u00a0bu bar\u0259d\u0259 trend-\u0259 Az\u0259rbaycan Xarici \u0130\u015fl\u0259r Nazirliyinin M\u0259tbuat xidm\u0259tinin r\u0259hb\u0259ri Hikm\u0259t Hac\u0131yev deyib. Onun s\u00f6zl\u0259rin\u0259 g\u00f6r\u0259, T.Qreminger s\u0259f\u0259r \u00e7\u0259r\u00e7iv\u0259sind\u0259 m\u00fcxt\u0259lif g\u00f6r\u00fc\u015fl\u0259r, o c\u00fcml\u0259d\u0259n Az\u0259rbaycan X\u0130N-d\u0259 g\u00f6r\u00fc\u015f ke\u00e7ir\u0259c\u0259k: &#8220;G\u00f6r\u00fc\u015fl\u0259rd\u0259 siyasi, iqtisadi, humanitar v\u0259 dig\u0259r sah\u0259l\u0259rd\u0259 \u0259m\u0259kda\u015fl\u0131q m\u0259s\u0259l\u0259l\u0259ri m\u00fczakir\u0259 olunacaq&#8221;. H.Hac\u0131yev \u0259lav\u0259 edib ki, Erm\u0259nistan-Az\u0259rbaycan,&hellip;","_links":{"self":[{"href":"https:\/\/arantv.az\/index.php?rest_route=\/wp\/v2\/posts\/11120"}],"collection":[{"href":"https:\/\/arantv.az\/index.php?rest_route=\/wp\/v2\/posts"}],"about":[{"href":"https:\/\/arantv.az\/index.php?rest_route=\/wp\/v2\/types\/post"}],"author":[{"embeddable":true,"href":"https:\/\/arantv.az\/index.php?rest_route=\/wp\/v2\/users\/2"}],"replies":[{"embeddable":true,"href":"https:\/\/arantv.az\/index.php?rest_route=%2Fwp%2Fv2%2Fcomments&post=11120"}],"version-history":[{"count":0,"href":"https:\/\/arantv.az\/index.php?rest_route=\/wp\/v2\/posts\/11120\/revisions"}],"wp:featuredmedia":[{"embeddable":true,"href":"https:\/\/arantv.az\/index.php?rest_route=\/wp\/v2\/media\/11121"}],"wp:attachment":[{"href":"https:\/\/arantv.az\/index.php?rest_route=%2Fwp%2Fv2%2Fmedia&parent=11120"}],"wp:term":[{"taxonomy":"category","embeddable":true,"href":"https:\/\/arantv.az\/index.php?rest_route=%2Fwp%2Fv2%2Fcategories&post=11120"},{"taxonomy":"post_tag","embeddable":true,"href":"https:\/\/arantv.az\/index.php?rest_route=%2Fwp%2Fv2%2Ftags&post=11120"}],"curies":[{"name":"wp","href":"https:\/\/api.w.org\/{rel}","templated":true}]}}