{"id":111200,"date":"2019-12-24T14:56:10","date_gmt":"2019-12-24T11:56:10","guid":{"rendered":"http:\/\/arantv.az\/?p=111200"},"modified":"2019-12-24T14:56:10","modified_gmt":"2019-12-24T11:56:10","slug":"prezidentin-avropa-ittifaqina-mesajlari-%c9%99ks-t%c9%99qdird%c9%99-sazis-imzalanmayacaq-s%c9%99rh","status":"publish","type":"post","link":"https:\/\/arantv.az\/?p=111200","title":{"rendered":"Prezidentin Avropa \u0130ttifaq\u0131na mesajlar\u0131: \u018fks t\u0259qdird\u0259 sazi\u015f imzalanmayacaq \u2013 \u015e\u018fRH"},"content":{"rendered":"<p>Az\u0259rbaycan Prezidenti \u0130lham \u018fliyev ilin yekunlar\u0131 il\u0259 ba\u011fl\u0131 yerli jurnalistl\u0259r\u0259 verdiyi m\u00fcsahib\u0259d\u0259 bir \u00e7ox m\u0259s\u0259l\u0259ni \u0259hat\u0259 ed\u0259n m\u00f6vzulara toxunub.<\/p>\n<p>\u00d6lk\u0259 ba\u015f\u00e7\u0131s\u0131 m\u00fcsahib\u0259 zaman\u0131 2019-cu ild\u0259 Az\u0259rbaycan\u0131n daxili v\u0259 xarici siyas\u0259ti, Da\u011fl\u0131q Qaraba\u011f m\u00fcnaqi\u015f\u0259si, iqtisadi v\u0259 sosial inki\u015faf, enerji v\u0259 n\u0259qliyyat-tranzit layih\u0259l\u0259ri, parlament se\u00e7kil\u0259ri il\u0259 ba\u011fl\u0131 aktual m\u0259s\u0259l\u0259l\u0259r\u0259 m\u00fcnasib\u0259t bildirib.<\/p>\n<p>M\u00fcsahib\u0259d\u0259 Prezidentin Az\u0259rbaycanla Avropa \u0130ttifaq\u0131 aras\u0131nda \u0259laq\u0259l\u0259rin inki\u015faf\u0131ndan s\u00f6z a\u00e7mas\u0131 da diqq\u0259t \u00e7\u0259k\u0259n m\u0259qamlardand\u0131r.<\/p>\n<div id=\"AdviadNativeVideo0\" class=\"AdviadNativeVideo\"><\/div>\n<p>2019-cu ild\u0259 Az\u0259rbaycanla Avropa \u0130ttifaq\u0131 aras\u0131nda \u0259laq\u0259l\u0259rin dinamikas\u0131nda m\u00fcsb\u0259t tendensiyalar m\u00fc\u015fahid\u0259 olunub.<\/p>\n<p>Bu ilin yanvar-noyabr aylar\u0131nda Az\u0259rbaycanda Avropa \u0130ttifaq\u0131 \u00f6lk\u0259l\u0259rin\u0259 10 milyard dollar d\u0259y\u0259rind\u0259n \u00e7ox m\u0259hsul ixrac edilib. Avropa \u0130ttifaq\u0131 \u00f6lk\u0259l\u0259rind\u0259n Az\u0259rbaycana idxal olunan m\u0259hsullar\u0131n d\u0259y\u0259ri is\u0259 2 milyard dollar\u0131 ke\u00e7ib.<\/p>\n<p>\u00dcmumiyy\u0259tl\u0259 son 10 il \u0259rzind\u0259 Az\u0259rbaycanla Avropa \u0130ttifaq\u0131 aras\u0131nda ticar\u0259t d\u00f6vriyy\u0259si 28 faiz art\u0131b.<\/p>\n<p>2014-2018-ci ill\u0259r \u0259rzind\u0259 \u0130ttifaq Az\u0259rbaycanla \u0259m\u0259kda\u015fl\u0131q \u00fc\u00e7\u00fcn 76 milyard avro v\u0259sait ay\u0131r\u0131b. Bu v\u0259saitin \u0259ks\u0259r hiss\u0259si t\u0259hsilin, sahibkarl\u0131\u011f\u0131n, h\u00fcquq sisteminin v\u0259 s. inki\u015faf etdirilm\u0259sin\u0259 s\u0259rf olunub.<\/p>\n<p>\u201cAvropa \u0130ttifaq\u0131na \u00fczv \u00f6lk\u0259l\u0259rl\u0259 ikit\u0259r\u0259fli formatda u\u011furla \u0259m\u0259kda\u015fl\u0131q apar\u0131r\u0131q v\u0259 28 \u00f6lk\u0259d\u0259n 9-u il\u0259 bizim strateji t\u0259r\u0259fda\u015fl\u0131q haqq\u0131nda s\u0259n\u0259dl\u0259r ya imzalan\u0131b, ya da q\u0259bul edilib\u201d,-dey\u0259 Prezident bildirib.<\/p>\n<p>\u0130qtisadi \u0259laq\u0259l\u0259rl\u0259 siyasi m\u00fcnasib\u0259tl\u0259rin m\u00f6hk\u0259ml\u0259nm\u0259si paralellik t\u0259\u015fkil edir.<\/p>\n<p>Bu ilin iyul ay\u0131nda Avropa \u0130ttifaq\u0131 \u015euras\u0131n\u0131n prezidenti Donald Tusk Az\u0259rbaycana s\u0259f\u0259r edib, \u00f6lk\u0259 r\u0259hb\u0259rliyi il\u0259 dan\u0131\u015f\u0131qlar apar\u0131b.<\/p>\n<p>Avropa \u0130ttifaq\u0131 Az\u0259rbaycan\u0131n m\u00fcr\u0259kk\u0259b geosiyasi regiondak\u0131 strateji \u00f6n\u0259mini anlay\u0131r. Az\u0259rbaycan\u0131n co\u011frafi m\u00f6vqeyin\u0259 g\u00f6r\u0259, h\u0259m \u015e\u0259rq\u0259, h\u0259m d\u0259 Q\u0259rb\u0259 baxmas\u0131 Avropa \u0130ttifaq\u0131n\u0131 Az\u0259rbaycana yax\u0131nla\u015fd\u0131rma\u011fa t\u0259\u015fviq ed\u0259n amill\u0259rd\u0259n biridir.<\/p>\n<p>M\u00fcnasib\u0259tl\u0259rin intensivl\u0259\u015fm\u0259si is\u0259 iqtisadi-siyasi \u0259laq\u0259l\u0259rin f\u0259ls\u0259f\u0259sini yenil\u0259m\u0259yi v\u0259 mahiyy\u0259tin\u0259 keyfiyy\u0259tc\u0259 yeni m\u0259zmun y\u00fckl\u0259m\u0259yi z\u0259ruri edir.<\/p>\n<p>\u00c7ox\u015fax\u0259li \u0259laq\u0259l\u0259r, bunun siyasi, iqtisadi, ticari m\u00fcnasib\u0259tl\u0259rd\u0259 \u00f6z \u0259ksini tapmas\u0131 \u2013 bunlar Az\u0259rbaycanla Avropa \u0130ttifaq\u0131n\u0131n g\u00fcnd\u0259liyind\u0259 dayanan m\u00fch\u00fcm \u00e7a\u011f\u0131r\u0131\u015flard\u0131r.<\/p>\n<p>Bu \u00e7a\u011f\u0131r\u0131\u015flar\u0131 realla\u015fd\u0131rmaq \u00fc\u00e7\u00fcn is\u0259 2018-ci ild\u0259 Br\u00fcsseld\u0259 Avropa \u0130ttifaq\u0131 il\u0259 Az\u0259rbaycan aras\u0131nda t\u0259r\u0259fda\u015fl\u0131q prioritetl\u0259ri adl\u0131 s\u0259n\u0259d paraflan\u0131b.<\/p>\n<p>Prezident \u0130lham \u018fliyev deyib ki, bu s\u0259n\u0259dd\u0259 \u00f6lk\u0259mizin \u0259razi b\u00fct\u00f6vl\u00fcy\u00fcn\u0259, suverenliyin\u0259, s\u0259rh\u0259dl\u0259rimizin toxunulmazl\u0131\u011f\u0131na Avropa \u0130ttifaq\u0131 t\u0259r\u0259find\u0259n d\u0259st\u0259k ifad\u0259 edilib.<\/p>\n<p>Amma s\u0259n\u0259dd\u0259 raz\u0131la\u015fd\u0131r\u0131lmam\u0131\u015f m\u0259qamlar da qal\u0131r. \u0130lham \u018fliyev s\u0259n\u0259din b\u0259zi detallar\u0131 il\u0259 ba\u011fl\u0131 dan\u0131\u015fark\u0259n Az\u0259rbaycan\u0131n D\u00fcnya Ticar\u0259t T\u0259\u015fkilat\u0131na \u00fczv olmamas\u0131 v\u0259 bunun Avropa \u0130ttifaq\u0131nda yaratd\u0131\u011f\u0131 reaksiyaya diqq\u0259t \u00e7\u0259kib:<\/p>\n<p>\u201cAz\u0259rbaycan D\u00fcnya Ticar\u0259t T\u0259\u015fkilat\u0131n\u0131n \u00fczv\u00fc deyil. Baxmayaraq ki, biz bir ne\u00e7\u0259 \u00f6lk\u0259 il\u0259 m\u00fczakir\u0259l\u0259ri ikit\u0259r\u0259fli formatda art\u0131q ba\u015fa vurmu\u015fuq, ancaq m\u0259n hesab edir\u0259m ki, h\u0259l\u0259 vaxt g\u0259lib \u00e7atmay\u0131b.<\/p>\n<p>Bunun da s\u0259b\u0259bi ondan ibar\u0259tdir ki, bizim ixrac\u0131m\u0131z\u0131n \u0259sas hiss\u0259si h\u0259l\u0259 ki, neft-qaz m\u0259hsullar\u0131d\u0131r v\u0259 bu m\u0259hsullar\u0131 ixrac etm\u0259k \u00fc\u00e7\u00fcn D\u00fcnya Ticar\u0259t T\u0259\u015fkilat\u0131na \u00fczv olmaq laz\u0131m deyil. Dig\u0259r t\u0259r\u0259fd\u0259n, bizim \u0259sas v\u0259zif\u0259miz qeyri-neft sektorunun inki\u015faf\u0131d\u0131r, yerli istehsal\u0131n art\u0131m\u0131d\u0131r v\u0259 bel\u0259 olan halda biz daxili bazar\u0131m\u0131z\u0131 da qorumal\u0131y\u0131q.<\/p>\n<p>\u018fg\u0259r biz indi D\u00fcnya Ticar\u0259t T\u0259\u015fkilat\u0131na \u00fczv olsaq, bizim istehsal\u00e7\u0131lar, o c\u00fcml\u0259d\u0259n s\u0259naye sektorunda, k\u0259nd t\u0259s\u0259rr\u00fcfat\u0131 sektorunda b\u00f6y\u00fck probleml\u0259rl\u0259 \u00fczl\u0259\u015f\u0259 bil\u0259rl\u0259r. Ola bilsin ki, Az\u0259rbaycana keyfiyy\u0259tsiz v\u0259 bizim bazar\u0131m\u0131z\u0131 z\u0259bt etm\u0259k m\u0259qs\u0259di da\u015f\u0131yan b\u00f6y\u00fck h\u0259cmd\u0259 idxal m\u0259hsullar\u0131 g\u0259l\u0259c\u0259k v\u0259 bel\u0259likl\u0259, yerli istehsala b\u00f6y\u00fck ziyan vurulacaq. Onu da bildirm\u0259liy\u0259m ki, haz\u0131rda D\u00fcnya Ticar\u0259t T\u0259\u015fkilat\u0131 \u00e7\u0259r\u00e7iv\u0259sind\u0259 d\u0259 b\u00f6hran ya\u015fan\u0131r. Bildiyiniz kimi, Amerika Birl\u0259\u015fmi\u015f \u015etatlar\u0131 bu t\u0259\u015fkilatda \u00f6z \u00fczvl\u00fcy\u00fcn\u0259 yenid\u0259n bax\u0131r.<\/p>\n<p>Dem\u0259k olar ki, b\u0259zi \u00f6lk\u0259l\u0259r aras\u0131nda &#8211; t\u0259\u015fkilata \u00fczv olan \u00f6lk\u0259l\u0259r v\u0259 m\u00fctt\u0259fiq \u00f6lk\u0259l\u0259r aras\u0131nda ticar\u0259t m\u00fcharib\u0259l\u0259ri ba\u015f al\u0131b gedir v\u0259 geni\u015fl\u0259nir. Bel\u0259 olan halda, \u0259lb\u0259tt\u0259 ki, bu m\u0259s\u0259l\u0259y\u0259 bizim ehtiyatl\u0131 yana\u015fma\u011f\u0131m\u0131z \u00e7ox m\u0259ntiqlidir v\u0259 \u0259sasl\u0131d\u0131r. Ona g\u00f6r\u0259 imzalanacaq sazi\u015fd\u0259 ticar\u0259tl\u0259 ba\u011fl\u0131 m\u0259s\u0259l\u0259l\u0259r bizi qane etmir v\u0259 biz qar\u015f\u0131 t\u0259r\u0259f\u0259 \u00f6z fikirl\u0259rimizi bildirmi\u015fik. \u00dcmid edirik ki, onlar buna anlay\u0131\u015fla m\u00fcnasib\u0259t g\u00f6st\u0259r\u0259c\u0259kl\u0259r\u201d.<\/p>\n<p>Bundan ba\u015fqa sazi\u015f\u0259 bel\u0259 b\u0259nd t\u0259klif olunur ki, Az\u0259rbaycanda t\u0259bii qaz\u0131n daxili qiym\u0259ti ixrac qiym\u0259ti il\u0259 b\u0259rab\u0259rlik t\u0259\u015fkil etsin.\u00a0D\u00f6vl\u0259t ba\u015f\u00e7\u0131s\u0131 buna izah ver\u0259rk\u0259n qeyd edib ki, haz\u0131rda Az\u0259rbaycan istehlak\u00e7\u0131lar\u0131n\u0131n t\u0259xmin\u0259n 85 faizi t\u0259bii qaz\u0131 \u00e7ox ucuz qiym\u0259t\u0259, y\u0259ni, d\u00f6vl\u0259t t\u0259r\u0259find\u0259n verilmi\u015f subsidiya \u0259sas\u0131nda al\u0131r, qiym\u0259t d\u0259 min kubmetr \u00fc\u00e7\u00fcn 100 manatd\u0131r.<\/p>\n<p>\u201c\u0130xrac qiym\u0259ti is\u0259 bundan bir ne\u00e7\u0259 d\u0259f\u0259 b\u00f6y\u00fckd\u00fcr. \u018fg\u0259r biz \u00f6z t\u0259bii qaz\u0131m\u0131z\u0131 daxili qiym\u0259tl\u0259rl\u0259 satsaq, iqtisadiyyat\u0131m\u0131za \u00e7ox b\u00f6y\u00fck ziyan d\u0259y\u0259c\u0259k. \u00c7\u00fcnki bel\u0259 olan halda, ixrac qiym\u0259ti 58 dollar olmal\u0131d\u0131r. Bu g\u00fcn is\u0259 d\u00fcnya bazarlar\u0131nda, o c\u00fcml\u0259d\u0259n Avropa bazarlar\u0131nda daxili qiym\u0259t, y\u0259ni, istehlak\u00e7\u0131lar\u0131n \u00f6d\u0259diyi qiym\u0259t t\u0259qrib\u0259n 300, 400, 500 dollara b\u0259rab\u0259rdir. Bu, t\u0259qrib\u0259n 1000 manata g\u0259lib \u00e7\u0131xacaq. Bel\u0259 olan halda, biz daxili qiym\u0259tl\u0259ri \u0259n az\u0131 on d\u0259f\u0259 qald\u0131rmal\u0131y\u0131q. Bel\u0259 olan halda, Az\u0259rbaycan v\u0259t\u0259nda\u015flar\u0131 t\u0259bii qaz \u00fc\u00e7\u00fcn 100 manat yox, 500 manat, ya da 700 manat \u00f6d\u0259m\u0259li olacaqlar, bu, q\u0259tiyy\u0259n m\u00fcmk\u00fcn deyil. Ya da ki, biz b\u00f6y\u00fck \u00e7\u0259tinlikl\u0259 v\u0259 b\u00f6y\u00fck s\u0259yl\u0259r g\u00f6st\u0259r\u0259r\u0259k, b\u00f6y\u00fck investisiyalar qoyaraq C\u0259nub Qaz D\u0259hlizini dem\u0259k olar ki, ba\u015fa \u00e7atd\u0131raraq xarici bazarlara \u00f6z qaz\u0131m\u0131z\u0131 58 dollara \u00e7atd\u0131rmal\u0131y\u0131q. Bu, q\u0259tiyy\u0259n q\u0259buledilm\u0259zdir v\u0259 t\u0259\u0259cc\u00fcb edir\u0259m ki, n\u0259 \u00fc\u00e7\u00fcn bizim t\u0259r\u0259fda\u015flar\u0131m\u0131z, bu sad\u0259 m\u0259ntiql\u0259, bu hesablamalarla raz\u0131la\u015fa bilmirl\u0259r. Ona g\u00f6r\u0259 bu iki \u0259sas m\u0259s\u0259l\u0259 raz\u0131la\u015fd\u0131r\u0131lmam\u0131\u015f qal\u0131r v\u0259 bizim m\u00f6vqeyimiz birm\u0259nal\u0131d\u0131r\u201d,- dey\u0259 Prezident \u0259lav\u0259 edib.<\/p>\n<p>Prezidentin diqq\u0259t \u00e7\u0259kdiyi bu iki m\u0259qam Az\u0259rbaycanla Avropa \u0130ttifaq\u0131 aras\u0131nda sazi\u015fin imzalanmas\u0131n\u0131 ert\u0259l\u0259yir.<\/p>\n<p>Prezident b\u0259yan edir ki, bu sazi\u015f maraqlar\u0131m\u0131za uy\u011fun olmal\u0131, \u0259laq\u0259l\u0259rimizi yeni m\u0259rh\u0259l\u0259y\u0259 \u00e7\u0131xarmal\u0131d\u0131r. \u018fks t\u0259qdird\u0259 is\u0259 bu sazi\u015f imzalanmayacaq.<\/p>\n<p>\u0130lham \u018fliyevin mesajlar\u0131 Az\u0259rbaycan d\u00f6vl\u0259tinin ultimativ b\u0259yanat\u0131 deyil, sad\u0259c\u0259 olaraq Avropa \u0130ttifaq\u0131 il\u0259 m\u00fcnasib\u0259tl\u0259rd\u0259 qaranl\u0131q qalan m\u0259qamlar\u0131n \u201cg\u00fcn i\u015f\u0131\u011f\u0131na\u201d \u00e7\u0131xar\u0131lmas\u0131 \u00fc\u00e7\u00fcn m\u0259ramd\u0131r.<\/p>\n","protected":false},"excerpt":{"rendered":"<p>Az\u0259rbaycan Prezidenti \u0130lham \u018fliyev ilin yekunlar\u0131 il\u0259 ba\u011fl\u0131 yerli jurnalistl\u0259r\u0259 verdiyi m\u00fcsahib\u0259d\u0259 bir \u00e7ox m\u0259s\u0259l\u0259ni \u0259hat\u0259 ed\u0259n m\u00f6vzulara toxunub. \u00d6lk\u0259 ba\u015f\u00e7\u0131s\u0131 m\u00fcsahib\u0259 zaman\u0131 2019-cu ild\u0259 Az\u0259rbaycan\u0131n daxili v\u0259 xarici siyas\u0259ti, Da\u011fl\u0131q Qaraba\u011f m\u00fcnaqi\u015f\u0259si, iqtisadi v\u0259 sosial inki\u015faf, enerji v\u0259 n\u0259qliyyat-tranzit layih\u0259l\u0259ri, parlament se\u00e7kil\u0259ri il\u0259 ba\u011fl\u0131 aktual m\u0259s\u0259l\u0259l\u0259r\u0259 m\u00fcnasib\u0259t bildirib. M\u00fcsahib\u0259d\u0259 Prezidentin Az\u0259rbaycanla Avropa \u0130ttifaq\u0131 aras\u0131nda \u0259laq\u0259l\u0259rin inki\u015faf\u0131ndan s\u00f6z a\u00e7mas\u0131 da diqq\u0259t \u00e7\u0259k\u0259n m\u0259qamlardand\u0131r. 2019-cu ild\u0259 Az\u0259rbaycanla Avropa \u0130ttifaq\u0131 aras\u0131nda \u0259laq\u0259l\u0259rin dinamikas\u0131nda m\u00fcsb\u0259t tendensiyalar m\u00fc\u015fahid\u0259 olunub. Bu ilin yanvar-noyabr aylar\u0131nda Az\u0259rbaycanda Avropa \u0130ttifaq\u0131 \u00f6lk\u0259l\u0259rin\u0259 10 milyard dollar d\u0259y\u0259rind\u0259n \u00e7ox m\u0259hsul ixrac&hellip;<\/p>\n","protected":false},"author":2,"featured_media":111201,"comment_status":"closed","ping_status":"closed","sticky":false,"template":"","format":"standard","meta":{"om_disable_all_campaigns":false,"_monsterinsights_skip_tracking":false,"_monsterinsights_sitenote_active":false,"_monsterinsights_sitenote_note":"","_monsterinsights_sitenote_category":0},"categories":[4],"tags":[],"aioseo_notices":[],"gutentor_comment":0,"rttpg_featured_image_url":{"full":["https:\/\/arantv.az\/wp-content\/uploads\/2019\/12\/1577114984680117382_1000x669.jpg",612,465,false],"landscape":["https:\/\/arantv.az\/wp-content\/uploads\/2019\/12\/1577114984680117382_1000x669.jpg",612,465,false],"portraits":["https:\/\/arantv.az\/wp-content\/uploads\/2019\/12\/1577114984680117382_1000x669.jpg",612,465,false],"thumbnail":["https:\/\/arantv.az\/wp-content\/uploads\/2019\/12\/1577114984680117382_1000x669-150x150.jpg",150,150,true],"medium":["https:\/\/arantv.az\/wp-content\/uploads\/2019\/12\/1577114984680117382_1000x669-300x228.jpg",300,228,true],"large":["https:\/\/arantv.az\/wp-content\/uploads\/2019\/12\/1577114984680117382_1000x669.jpg",612,465,false],"1536x1536":["https:\/\/arantv.az\/wp-content\/uploads\/2019\/12\/1577114984680117382_1000x669.jpg",612,465,false],"2048x2048":["https:\/\/arantv.az\/wp-content\/uploads\/2019\/12\/1577114984680117382_1000x669.jpg",612,465,false],"post-thumbnail":["https:\/\/arantv.az\/wp-content\/uploads\/2019\/12\/1577114984680117382_1000x669-240x172.jpg",240,172,true],"advps-thumb-one":["https:\/\/arantv.az\/wp-content\/uploads\/2019\/12\/1577114984680117382_1000x669.jpg",612,465,false]},"rttpg_author":{"display_name":"V\u00fcsal Rafiqo\u011flu","author_link":"https:\/\/arantv.az\/?author=2"},"rttpg_comment":0,"rttpg_category":"<a href=\"https:\/\/arantv.az\/?cat=4\" rel=\"category\">Siyas\u0259t<\/a>","rttpg_excerpt":"Az\u0259rbaycan Prezidenti \u0130lham \u018fliyev ilin yekunlar\u0131 il\u0259 ba\u011fl\u0131 yerli jurnalistl\u0259r\u0259 verdiyi m\u00fcsahib\u0259d\u0259 bir \u00e7ox m\u0259s\u0259l\u0259ni \u0259hat\u0259 ed\u0259n m\u00f6vzulara toxunub. \u00d6lk\u0259 ba\u015f\u00e7\u0131s\u0131 m\u00fcsahib\u0259 zaman\u0131 2019-cu ild\u0259 Az\u0259rbaycan\u0131n daxili v\u0259 xarici siyas\u0259ti, Da\u011fl\u0131q Qaraba\u011f m\u00fcnaqi\u015f\u0259si, iqtisadi v\u0259 sosial inki\u015faf, enerji v\u0259 n\u0259qliyyat-tranzit layih\u0259l\u0259ri, parlament se\u00e7kil\u0259ri il\u0259 ba\u011fl\u0131 aktual m\u0259s\u0259l\u0259l\u0259r\u0259 m\u00fcnasib\u0259t bildirib. M\u00fcsahib\u0259d\u0259 Prezidentin Az\u0259rbaycanla Avropa \u0130ttifaq\u0131 aras\u0131nda&hellip;","_links":{"self":[{"href":"https:\/\/arantv.az\/index.php?rest_route=\/wp\/v2\/posts\/111200"}],"collection":[{"href":"https:\/\/arantv.az\/index.php?rest_route=\/wp\/v2\/posts"}],"about":[{"href":"https:\/\/arantv.az\/index.php?rest_route=\/wp\/v2\/types\/post"}],"author":[{"embeddable":true,"href":"https:\/\/arantv.az\/index.php?rest_route=\/wp\/v2\/users\/2"}],"replies":[{"embeddable":true,"href":"https:\/\/arantv.az\/index.php?rest_route=%2Fwp%2Fv2%2Fcomments&post=111200"}],"version-history":[{"count":0,"href":"https:\/\/arantv.az\/index.php?rest_route=\/wp\/v2\/posts\/111200\/revisions"}],"wp:featuredmedia":[{"embeddable":true,"href":"https:\/\/arantv.az\/index.php?rest_route=\/wp\/v2\/media\/111201"}],"wp:attachment":[{"href":"https:\/\/arantv.az\/index.php?rest_route=%2Fwp%2Fv2%2Fmedia&parent=111200"}],"wp:term":[{"taxonomy":"category","embeddable":true,"href":"https:\/\/arantv.az\/index.php?rest_route=%2Fwp%2Fv2%2Fcategories&post=111200"},{"taxonomy":"post_tag","embeddable":true,"href":"https:\/\/arantv.az\/index.php?rest_route=%2Fwp%2Fv2%2Ftags&post=111200"}],"curies":[{"name":"wp","href":"https:\/\/api.w.org\/{rel}","templated":true}]}}